{"id":772,"date":"2013-05-07T13:42:11","date_gmt":"2013-05-07T17:42:11","guid":{"rendered":"http:\/\/lax.fm\/portal\/?p=772"},"modified":"2013-06-06T18:38:43","modified_gmt":"2013-06-06T22:38:43","slug":"christian-pagan-llega-a-otro-nivel-en-la-x-live-series","status":"publish","type":"post","link":"https:\/\/lax.fm\/portal\/prensa\/christian-pagan-llega-a-otro-nivel-en-la-x-live-series\/","title":{"rendered":"Christian Pag\u00e1n llega a otro nivel en LA X LIVE SERIES&#8230;"},"content":{"rendered":"<p>El apoyo que ha recibido por parte del p\u00fablico lo ha llevado pronto a un nivel interesante en su carrera.<\/p>\n<p>Hace apenas a\u00f1o y medio que alcanz\u00f3 el sue\u00f1o de ser el primer \u201cIdol boricua\u201d y ya cuenta con una presentaci\u00f3n en solitario. Se trata del evento La X Live Series, que se efectuar\u00e1 el s\u00e1bado, 18 de mayo en el local Shannan\u2019s Pub en Guaynabo. Busca el reportaje completo en la edici\u00f3n impresa del Primer Hora.<\/p>\n<p><a title=\"Lee aqu\u00ed el art\u00edculo \" href=\"http:\/\/www.primerahora.com\/entretenimiento\/musica\/nota\/christianpaganllegaaotronivel-918796\/\">Lee aqu\u00ed el art\u00edculo\u00a0<\/a>para que te enteres de todos los detalles en la\u00a0<a title=\"edici\u00f3n web de Primera Hora\" href=\"http:\/\/www.primerahora.com\/entretenimiento\/musica\/nota\/christianpaganllegaaotronivel-918796\/\" target=\"_blank\">edici\u00f3n\u00a0web de Primer Hora<\/a><\/p>\n<p>Para informaci\u00f3n y boletos comun\u00edcate con Ticket Center al\u00a0<a href=\"tel:787.792.5000\" target=\"_blank\">787.792.5000<\/a>\u00a0o\u00a0<a title=\"www.tcpr.com\" href=\"http:\/\/www.tcpr.com\/\" target=\"_blank\">www.tcpr.com<\/a>\u00a0y sintonizando La X a trav\u00e9s del 100.7FM\/103.7FM\/101.5FM<\/p>\n<div><\/div>\n<p>&nbsp;<\/p>\n","protected":false},"excerpt":{"rendered":"<p>El apoyo que ha recibido por parte del p\u00fablico lo ha llevado pronto a un nivel interesante en su carrera.<br \/>\nHace apenas a\u00f1o y medio que alcanz\u00f3 el sue\u00f1o de ser el primer \u201cIdol boricua\u201d y ya cuenta con una presentaci\u00f3n en solitario. Se trata del evento La X Live Series, que se efectuar\u00e1 el s\u00e1bado, [&#8230;]<\/p>\n","protected":false},"author":55,"featured_media":773,"comment_status":"open","ping_status":"open","sticky":false,"template":"","format":"standard","meta":{"_monsterinsights_skip_tracking":false,"_monsterinsights_sitenote_active":false,"_monsterinsights_sitenote_note":"","_monsterinsights_sitenote_category":0},"categories":[38],"tags":[],"yoast_head":"<!-- This site is optimized with the Yoast SEO plugin v18.2 - https:\/\/yoast.com\/wordpress\/plugins\/seo\/ -->\n<meta name=\"robots\" content=\"index, follow, max-snippet:-1, max-image-preview:large, max-video-preview:-1\" \/>\n<link rel=\"canonical\" href=\"https:\/\/lax.fm\/portal\/prensa\/christian-pagan-llega-a-otro-nivel-en-la-x-live-series\/\" \/>\n<meta property=\"og:locale\" content=\"en_US\" \/>\n<meta property=\"og:type\" content=\"article\" \/>\n<meta property=\"og:title\" content=\"Christian Pag\u00e1n llega a otro nivel en LA X LIVE SERIES... - La-X - Gente con la m\u00fasica por dentro\" \/>\n<meta property=\"og:description\" content=\"El apoyo que ha recibido por parte del p\u00fablico lo ha llevado pronto a un nivel interesante en su carrera. Hace apenas a\u00f1o y medio que alcanz\u00f3 el sue\u00f1o de ser el primer \u201cIdol boricua\u201d y ya cuenta con una presentaci\u00f3n en solitario. Se trata del evento La X Live Series, que se efectuar\u00e1 el s\u00e1bado, [...]\" \/>\n<meta property=\"og:url\" content=\"https:\/\/lax.fm\/portal\/prensa\/christian-pagan-llega-a-otro-nivel-en-la-x-live-series\/\" \/>\n<meta property=\"og:site_name\" content=\"La-X - Gente con la m\u00fasica por dentro\" \/>\n<meta property=\"article:publisher\" content=\"http:\/\/www.facebook.com\/laxpr\" \/>\n<meta property=\"article:published_time\" content=\"2013-05-07T17:42:11+00:00\" \/>\n<meta property=\"article:modified_time\" content=\"2013-06-06T22:38:43+00:00\" \/>\n<meta property=\"og:image\" content=\"https:\/\/lax.fm\/portal\/wp-content\/uploads\/2013\/05\/537910_10151573807193809_931533430_n.jpg\" \/>\n\t<meta property=\"og:image:width\" content=\"852\" \/>\n\t<meta property=\"og:image:height\" content=\"317\" \/>\n\t<meta property=\"og:image:type\" content=\"image\/jpeg\" \/>\n<meta name=\"twitter:card\" content=\"summary\" \/>\n<meta name=\"twitter:creator\" content=\"@laxpr\" \/>\n<meta name=\"twitter:site\" content=\"@laxpr\" \/>\n<meta name=\"twitter:label1\" content=\"Written by\" \/>\n\t<meta name=\"twitter:data1\" content=\"Sacha Mayoral\" \/>\n\t<meta name=\"twitter:label2\" content=\"Est. reading time\" \/>\n\t<meta name=\"twitter:data2\" content=\"1 minute\" \/>\n<script type=\"application\/ld+json\" class=\"yoast-schema-graph\">{\"@context\":\"https:\/\/schema.org\",\"@graph\":[{\"@type\":\"WebSite\",\"@id\":\"https:\/\/lax.fm\/portal\/#website\",\"url\":\"https:\/\/lax.fm\/portal\/\",\"name\":\"La-X - Gente con la m\u00fasica por dentro\",\"description\":\"Radio Visual\",\"potentialAction\":[{\"@type\":\"SearchAction\",\"target\":{\"@type\":\"EntryPoint\",\"urlTemplate\":\"https:\/\/lax.fm\/portal\/?s={search_term_string}\"},\"query-input\":\"required name=search_term_string\"}],\"inLanguage\":\"en-US\"},{\"@type\":\"ImageObject\",\"@id\":\"https:\/\/lax.fm\/portal\/prensa\/christian-pagan-llega-a-otro-nivel-en-la-x-live-series\/#primaryimage\",\"inLanguage\":\"en-US\",\"url\":\"https:\/\/lax.fm\/portal\/wp-content\/uploads\/2013\/05\/537910_10151573807193809_931533430_n.jpg\",\"contentUrl\":\"https:\/\/lax.fm\/portal\/wp-content\/uploads\/2013\/05\/537910_10151573807193809_931533430_n.jpg\",\"width\":\"852\",\"height\":\"317\"},{\"@type\":\"WebPage\",\"@id\":\"https:\/\/lax.fm\/portal\/prensa\/christian-pagan-llega-a-otro-nivel-en-la-x-live-series\/#webpage\",\"url\":\"https:\/\/lax.fm\/portal\/prensa\/christian-pagan-llega-a-otro-nivel-en-la-x-live-series\/\",\"name\":\"Christian Pag\u00e1n llega a otro nivel en LA X LIVE SERIES... - La-X - Gente con la m\u00fasica por dentro\",\"isPartOf\":{\"@id\":\"https:\/\/lax.fm\/portal\/#website\"},\"primaryImageOfPage\":{\"@id\":\"https:\/\/lax.fm\/portal\/prensa\/christian-pagan-llega-a-otro-nivel-en-la-x-live-series\/#primaryimage\"},\"datePublished\":\"2013-05-07T17:42:11+00:00\",\"dateModified\":\"2013-06-06T22:38:43+00:00\",\"author\":{\"@id\":\"https:\/\/lax.fm\/portal\/#\/schema\/person\/f3999163f952545505c3ff8b197fa8f3\"},\"breadcrumb\":{\"@id\":\"https:\/\/lax.fm\/portal\/prensa\/christian-pagan-llega-a-otro-nivel-en-la-x-live-series\/#breadcrumb\"},\"inLanguage\":\"en-US\",\"potentialAction\":[{\"@type\":\"ReadAction\",\"target\":[\"https:\/\/lax.fm\/portal\/prensa\/christian-pagan-llega-a-otro-nivel-en-la-x-live-series\/\"]}]},{\"@type\":\"BreadcrumbList\",\"@id\":\"https:\/\/lax.fm\/portal\/prensa\/christian-pagan-llega-a-otro-nivel-en-la-x-live-series\/#breadcrumb\",\"itemListElement\":[{\"@type\":\"ListItem\",\"position\":1,\"name\":\"Home\",\"item\":\"https:\/\/lax.fm\/portal\/\"},{\"@type\":\"ListItem\",\"position\":2,\"name\":\"Christian Pag\u00e1n llega a otro nivel en LA X LIVE SERIES&#8230;\"}]},{\"@type\":\"Person\",\"@id\":\"https:\/\/lax.fm\/portal\/#\/schema\/person\/f3999163f952545505c3ff8b197fa8f3\",\"name\":\"Sacha Mayoral\",\"image\":{\"@type\":\"ImageObject\",\"@id\":\"https:\/\/lax.fm\/portal\/#personlogo\",\"inLanguage\":\"en-US\",\"url\":\"https:\/\/secure.gravatar.com\/avatar\/8162e3ef52d3f10d8ebf4b4d1dea61d0?s=96&d=mm&r=g\",\"contentUrl\":\"https:\/\/secure.gravatar.com\/avatar\/8162e3ef52d3f10d8ebf4b4d1dea61d0?s=96&d=mm&r=g\",\"caption\":\"Sacha Mayoral\"},\"url\":\"https:\/\/lax.fm\/portal\/author\/sachamayoral\/\"}]}<\/script>\n<!-- \/ Yoast SEO plugin. -->","yoast_head_json":{"robots":{"index":"index","follow":"follow","max-snippet":"max-snippet:-1","max-image-preview":"max-image-preview:large","max-video-preview":"max-video-preview:-1"},"canonical":"https:\/\/lax.fm\/portal\/prensa\/christian-pagan-llega-a-otro-nivel-en-la-x-live-series\/","og_locale":"en_US","og_type":"article","og_title":"Christian Pag\u00e1n llega a otro nivel en LA X LIVE SERIES... - La-X - Gente con la m\u00fasica por dentro","og_description":"El apoyo que ha recibido por parte del p\u00fablico lo ha llevado pronto a un nivel interesante en su carrera. Hace apenas a\u00f1o y medio que alcanz\u00f3 el sue\u00f1o de ser el primer \u201cIdol boricua\u201d y ya cuenta con una presentaci\u00f3n en solitario. Se trata del evento La X Live Series, que se efectuar\u00e1 el s\u00e1bado, [...]","og_url":"https:\/\/lax.fm\/portal\/prensa\/christian-pagan-llega-a-otro-nivel-en-la-x-live-series\/","og_site_name":"La-X - Gente con la m\u00fasica por dentro","article_publisher":"http:\/\/www.facebook.com\/laxpr","article_published_time":"2013-05-07T17:42:11+00:00","article_modified_time":"2013-06-06T22:38:43+00:00","og_image":[{"width":"852","height":"317","url":"https:\/\/lax.fm\/portal\/wp-content\/uploads\/2013\/05\/537910_10151573807193809_931533430_n.jpg","type":"image\/jpeg"}],"twitter_card":"summary","twitter_creator":"@laxpr","twitter_site":"@laxpr","twitter_misc":{"Written by":"Sacha Mayoral","Est. reading time":"1 minute"},"schema":{"@context":"https:\/\/schema.org","@graph":[{"@type":"WebSite","@id":"https:\/\/lax.fm\/portal\/#website","url":"https:\/\/lax.fm\/portal\/","name":"La-X - Gente con la m\u00fasica por dentro","description":"Radio Visual","potentialAction":[{"@type":"SearchAction","target":{"@type":"EntryPoint","urlTemplate":"https:\/\/lax.fm\/portal\/?s={search_term_string}"},"query-input":"required name=search_term_string"}],"inLanguage":"en-US"},{"@type":"ImageObject","@id":"https:\/\/lax.fm\/portal\/prensa\/christian-pagan-llega-a-otro-nivel-en-la-x-live-series\/#primaryimage","inLanguage":"en-US","url":"https:\/\/lax.fm\/portal\/wp-content\/uploads\/2013\/05\/537910_10151573807193809_931533430_n.jpg","contentUrl":"https:\/\/lax.fm\/portal\/wp-content\/uploads\/2013\/05\/537910_10151573807193809_931533430_n.jpg","width":"852","height":"317"},{"@type":"WebPage","@id":"https:\/\/lax.fm\/portal\/prensa\/christian-pagan-llega-a-otro-nivel-en-la-x-live-series\/#webpage","url":"https:\/\/lax.fm\/portal\/prensa\/christian-pagan-llega-a-otro-nivel-en-la-x-live-series\/","name":"Christian Pag\u00e1n llega a otro nivel en LA X LIVE SERIES... - La-X - Gente con la m\u00fasica por dentro","isPartOf":{"@id":"https:\/\/lax.fm\/portal\/#website"},"primaryImageOfPage":{"@id":"https:\/\/lax.fm\/portal\/prensa\/christian-pagan-llega-a-otro-nivel-en-la-x-live-series\/#primaryimage"},"datePublished":"2013-05-07T17:42:11+00:00","dateModified":"2013-06-06T22:38:43+00:00","author":{"@id":"https:\/\/lax.fm\/portal\/#\/schema\/person\/f3999163f952545505c3ff8b197fa8f3"},"breadcrumb":{"@id":"https:\/\/lax.fm\/portal\/prensa\/christian-pagan-llega-a-otro-nivel-en-la-x-live-series\/#breadcrumb"},"inLanguage":"en-US","potentialAction":[{"@type":"ReadAction","target":["https:\/\/lax.fm\/portal\/prensa\/christian-pagan-llega-a-otro-nivel-en-la-x-live-series\/"]}]},{"@type":"BreadcrumbList","@id":"https:\/\/lax.fm\/portal\/prensa\/christian-pagan-llega-a-otro-nivel-en-la-x-live-series\/#breadcrumb","itemListElement":[{"@type":"ListItem","position":1,"name":"Home","item":"https:\/\/lax.fm\/portal\/"},{"@type":"ListItem","position":2,"name":"Christian Pag\u00e1n llega a otro nivel en LA X LIVE SERIES&#8230;"}]},{"@type":"Person","@id":"https:\/\/lax.fm\/portal\/#\/schema\/person\/f3999163f952545505c3ff8b197fa8f3","name":"Sacha Mayoral","image":{"@type":"ImageObject","@id":"https:\/\/lax.fm\/portal\/#personlogo","inLanguage":"en-US","url":"https:\/\/secure.gravatar.com\/avatar\/8162e3ef52d3f10d8ebf4b4d1dea61d0?s=96&d=mm&r=g","contentUrl":"https:\/\/secure.gravatar.com\/avatar\/8162e3ef52d3f10d8ebf4b4d1dea61d0?s=96&d=mm&r=g","caption":"Sacha Mayoral"},"url":"https:\/\/lax.fm\/portal\/author\/sachamayoral\/"}]}},"_links":{"self":[{"href":"https:\/\/lax.fm\/portal\/wp-json\/wp\/v2\/posts\/772"}],"collection":[{"href":"https:\/\/lax.fm\/portal\/wp-json\/wp\/v2\/posts"}],"about":[{"href":"https:\/\/lax.fm\/portal\/wp-json\/wp\/v2\/types\/post"}],"author":[{"embeddable":true,"href":"https:\/\/lax.fm\/portal\/wp-json\/wp\/v2\/users\/55"}],"replies":[{"embeddable":true,"href":"https:\/\/lax.fm\/portal\/wp-json\/wp\/v2\/comments?post=772"}],"version-history":[{"count":6,"href":"https:\/\/lax.fm\/portal\/wp-json\/wp\/v2\/posts\/772\/revisions"}],"predecessor-version":[{"id":814,"href":"https:\/\/lax.fm\/portal\/wp-json\/wp\/v2\/posts\/772\/revisions\/814"}],"wp:featuredmedia":[{"embeddable":true,"href":"https:\/\/lax.fm\/portal\/wp-json\/wp\/v2\/media\/773"}],"wp:attachment":[{"href":"https:\/\/lax.fm\/portal\/wp-json\/wp\/v2\/media?parent=772"}],"wp:term":[{"taxonomy":"category","embeddable":true,"href":"https:\/\/lax.fm\/portal\/wp-json\/wp\/v2\/categories?post=772"},{"taxonomy":"post_tag","embeddable":true,"href":"https:\/\/lax.fm\/portal\/wp-json\/wp\/v2\/tags?post=772"}],"curies":[{"name":"wp","href":"https:\/\/api.w.org\/{rel}","templated":true}]}}