{"id":7618,"date":"2026-08-25T21:22:04","date_gmt":"2026-08-26T01:22:04","guid":{"rendered":"https:\/\/lax.fm\/portal\/?p=7618"},"modified":"2026-08-25T21:22:24","modified_gmt":"2026-08-26T01:22:24","slug":"gran-dia-2026-cada-big-mac-ayuda","status":"publish","type":"post","link":"https:\/\/lax.fm\/portal\/comunicados\/gran-dia-2026-cada-big-mac-ayuda\/","title":{"rendered":"Gran D\u00eda 2026: cada Big Mac\u00ae ayuda"},"content":{"rendered":"\n<p>Este a\u00f1o, McDonald\u2019s Puerto Rico quiere hacer de Gran D\u00eda un movimiento a\u00fan m\u00e1s grande y participativo. Bajo el lema \u201cCada Big Mac\u00ae ayuda\u201d, la cadena de restaurantes celebrar\u00e1 el viernes 2 de octubre una nueva edici\u00f3n de su principal jornada solidaria, destinando el 100% de las ventas de Big Mac\u00ae realizadas durante ese d\u00eda a la Casa Ronald McDonald y Boys &amp; Girls Clubs de Puerto Rico.<\/p>\n\n\n\n<p>En esta ocasi\u00f3n, los creadores de contenido Cristina Sof\u00eda, Gabriela Qui\u00f1ones, Gianluca Perotti y Freddo Vega se unen a la iniciativa como portavoces y embajadores de Gran D\u00eda, en cuatro distintos restaurantes a trav\u00e9s de la isla, prestando sus voces y plataformas para llevar el mensaje a m\u00e1s personas e inspirar a Puerto Rico a sumarse a una causa que impacta directamente a ni\u00f1os, j\u00f3venes y familias puertorrique\u00f1as.<\/p>\n\n\n\n<p>\u201cGran D\u00eda demuestra lo que podemos lograr cuando convertimos una acci\u00f3n tan sencilla como comprar un Big Mac\u00ae en una oportunidad para ayudar. Este a\u00f1o queremos llevar ese mensaje todav\u00eda m\u00e1s lejos, sumando nuevas voces que nos ayuden a conectar con m\u00e1s personas y a recordar que todos podemos ser parte de este esfuerzo. De ah\u00ed nace nuestro llamado: \u2018Gran D\u00eda para todos\u2019, porque cada persona que participa contribuye a multiplicar la aportaci\u00f3n\u201d, expres\u00f3 Vincent Lamazou, Managing Director de Arcos Dorados Puerto Rico y USVI.<\/p>\n\n\n\n<p>Como pre\u00e1mbulo, los restaurantes McDonald\u2019s alrededor de Puerto Rico ya tienen disponibles sus tradicionales corazones simb\u00f3licos por un donativo de $1, ofreciendo al p\u00fablico una primera oportunidad de aportar a la iniciativa.<\/p>\n\n\n\n<h3>Tradici\u00f3n que contin\u00faa generando impacto<\/h3>\n\n\n\n<p>Por cuarto a\u00f1o consecutivo, el 100% de las ventas de Big Mac\u00ae realizadas durante el Gran D\u00eda beneficiar\u00e1n a la Casa Ronald McDonald y Boys &amp; Girls Clubs de Puerto Rico, dando continuidad al respaldo de McDonald\u2019s a dos organizaciones que trabajan directamente por el bienestar y desarrollo de la ni\u00f1ez, la juventud y familias.<\/p>\n\n\n\n<p>La Casa Ronald McDonald brinda un \u201chogar lejos del hogar\u201d a familias con ni\u00f1os que reciben tratamiento m\u00e9dico, ofreciendo alojamiento, alimentos, transportaci\u00f3n y apoyo para que puedan permanecer cerca de sus hijos durante momentos particularmente dif\u00edciles.<\/p>\n\n\n\n<p>\u201cPara las familias que llegan a Casa Ronald McDonald, estar cerca de sus hijos durante un tratamiento m\u00e9dico lo significa todo. Gran D\u00eda convierte la solidaridad de miles de personas en apoyo tangible: un lugar donde quedarse, alimentos, transportaci\u00f3n y, sobre todo, la tranquilidad de poder permanecer unidos cuando m\u00e1s lo necesitan. Cada Big Mac\u00ae vendido representa una familia que podemos seguir acompa\u00f1ando\u201d, expres\u00f3 Loidymar Duprey, directora ejecutiva de la Casa Ronald McDonald de Puerto Rico.<\/p>\n\n\n\n<p>Por su parte, Boys &amp; Girls Clubs de Puerto Rico impulsa el desarrollo de ni\u00f1os y j\u00f3venes mediante programas educativos, de liderazgo y capacitaci\u00f3n laboral dirigidos a ofrecerles herramientas para superar barreras socioecon\u00f3micas y construir nuevas oportunidades para su futuro.<\/p>\n\n\n\n<p>\u201cCuando Puerto Rico se une al Gran D\u00eda, est\u00e1 invirtiendo directamente en las oportunidades de nuestros ni\u00f1os y j\u00f3venes. Ese apoyo nos permite continuar ofreci\u00e9ndoles herramientas educativas, experiencias de desarrollo y espacios donde puedan descubrir su potencial y construir un mejor futuro. Comprar un Big Mac\u00ae puede convertirse en una oportunidad que transforme una vida\u201d, expres\u00f3 Alma Frontera, presidenta de Boys &amp; Girls Clubs de Puerto Rico.<\/p>\n\n\n\n<p>Para m\u00e1s informaci\u00f3n sobre el Gran D\u00eda 2026, puede visitar la p\u00e1gina web <strong><a href=\"http:\/\/www.mcdonalds.com.pr\/grandia\" target=\"_blank\" rel=\"noreferrer noopener\">www.mcdonalds.com.pr\/grandia<\/a><\/strong>.<\/p>\n","protected":false},"excerpt":{"rendered":"<p>Este a\u00f1o, McDonald\u2019s Puerto Rico quiere hacer de Gran D\u00eda un movimiento a\u00fan m\u00e1s grande y participativo. Bajo el lema \u201cCada Big Mac\u00ae ayuda\u201d, la cadena de restaurantes celebrar\u00e1 el viernes 2 de octubre una nueva edici\u00f3n de su principal jornada solidaria, destinando el 100% de las ventas de Big Mac\u00ae realizadas durante ese d\u00eda [&#8230;]<\/p>\n","protected":false},"author":56,"featured_media":7619,"comment_status":"open","ping_status":"open","sticky":false,"template":"","format":"standard","meta":{"_monsterinsights_skip_tracking":false,"_monsterinsights_sitenote_active":false,"_monsterinsights_sitenote_note":"","_monsterinsights_sitenote_category":0},"categories":[481],"tags":[820,1313,1459],"yoast_head":"<!-- This site is optimized with the Yoast SEO plugin v18.2 - https:\/\/yoast.com\/wordpress\/plugins\/seo\/ -->\n<meta name=\"robots\" content=\"index, follow, max-snippet:-1, max-image-preview:large, max-video-preview:-1\" \/>\n<link rel=\"canonical\" href=\"https:\/\/lax.fm\/portal\/comunicados\/gran-dia-2026-cada-big-mac-ayuda\/\" \/>\n<meta property=\"og:locale\" content=\"en_US\" \/>\n<meta property=\"og:type\" content=\"article\" \/>\n<meta property=\"og:title\" content=\"Gran D\u00eda 2026: cada Big Mac\u00ae ayuda - La-X - Gente con la m\u00fasica por dentro\" \/>\n<meta property=\"og:description\" content=\"Este a\u00f1o, McDonald\u2019s Puerto Rico quiere hacer de Gran D\u00eda un movimiento a\u00fan m\u00e1s grande y participativo. Bajo el lema \u201cCada Big Mac\u00ae ayuda\u201d, la cadena de restaurantes celebrar\u00e1 el viernes 2 de octubre una nueva edici\u00f3n de su principal jornada solidaria, destinando el 100% de las ventas de Big Mac\u00ae realizadas durante ese d\u00eda [...]\" \/>\n<meta property=\"og:url\" content=\"https:\/\/lax.fm\/portal\/comunicados\/gran-dia-2026-cada-big-mac-ayuda\/\" \/>\n<meta property=\"og:site_name\" content=\"La-X - Gente con la m\u00fasica por dentro\" \/>\n<meta property=\"article:publisher\" content=\"http:\/\/www.facebook.com\/laxpr\" \/>\n<meta property=\"article:author\" content=\"http:\/\/www.facebook.com\/laxpr\" \/>\n<meta property=\"article:published_time\" content=\"2026-08-26T01:22:04+00:00\" \/>\n<meta property=\"article:modified_time\" content=\"2026-08-26T01:22:24+00:00\" \/>\n<meta property=\"og:image\" content=\"http:\/\/lax.fm\/portal\/wp-content\/uploads\/2026\/08\/Gran-Dia-2026-Big-Mac.jpg\" \/>\n\t<meta property=\"og:image:width\" content=\"1000\" \/>\n\t<meta property=\"og:image:height\" content=\"500\" \/>\n\t<meta property=\"og:image:type\" content=\"image\/jpeg\" \/>\n<meta name=\"twitter:card\" content=\"summary\" \/>\n<meta name=\"twitter:creator\" content=\"@http:\/\/www.twitter.com\/laxpr\" \/>\n<meta name=\"twitter:site\" content=\"@laxpr\" \/>\n<meta name=\"twitter:label1\" content=\"Written by\" \/>\n\t<meta name=\"twitter:data1\" content=\"La X\" \/>\n\t<meta name=\"twitter:label2\" content=\"Est. reading time\" \/>\n\t<meta name=\"twitter:data2\" content=\"3 minutes\" \/>\n<script type=\"application\/ld+json\" class=\"yoast-schema-graph\">{\"@context\":\"https:\/\/schema.org\",\"@graph\":[{\"@type\":\"WebSite\",\"@id\":\"https:\/\/lax.fm\/portal\/#website\",\"url\":\"https:\/\/lax.fm\/portal\/\",\"name\":\"La-X - Gente con la m\u00fasica por dentro\",\"description\":\"Radio Visual\",\"potentialAction\":[{\"@type\":\"SearchAction\",\"target\":{\"@type\":\"EntryPoint\",\"urlTemplate\":\"https:\/\/lax.fm\/portal\/?s={search_term_string}\"},\"query-input\":\"required name=search_term_string\"}],\"inLanguage\":\"en-US\"},{\"@type\":\"ImageObject\",\"@id\":\"https:\/\/lax.fm\/portal\/comunicados\/gran-dia-2026-cada-big-mac-ayuda\/#primaryimage\",\"inLanguage\":\"en-US\",\"url\":\"https:\/\/lax.fm\/portal\/wp-content\/uploads\/2026\/08\/Gran-Dia-2026-Big-Mac.jpg\",\"contentUrl\":\"https:\/\/lax.fm\/portal\/wp-content\/uploads\/2026\/08\/Gran-Dia-2026-Big-Mac.jpg\",\"width\":1000,\"height\":500,\"caption\":\"Gran D\u00eda 2026\"},{\"@type\":\"WebPage\",\"@id\":\"https:\/\/lax.fm\/portal\/comunicados\/gran-dia-2026-cada-big-mac-ayuda\/#webpage\",\"url\":\"https:\/\/lax.fm\/portal\/comunicados\/gran-dia-2026-cada-big-mac-ayuda\/\",\"name\":\"Gran D\u00eda 2026: cada Big Mac\u00ae ayuda - La-X - Gente con la m\u00fasica por dentro\",\"isPartOf\":{\"@id\":\"https:\/\/lax.fm\/portal\/#website\"},\"primaryImageOfPage\":{\"@id\":\"https:\/\/lax.fm\/portal\/comunicados\/gran-dia-2026-cada-big-mac-ayuda\/#primaryimage\"},\"datePublished\":\"2026-08-26T01:22:04+00:00\",\"dateModified\":\"2026-08-26T01:22:24+00:00\",\"author\":{\"@id\":\"https:\/\/lax.fm\/portal\/#\/schema\/person\/dffa89146b1fa98303668501e8ae48b8\"},\"breadcrumb\":{\"@id\":\"https:\/\/lax.fm\/portal\/comunicados\/gran-dia-2026-cada-big-mac-ayuda\/#breadcrumb\"},\"inLanguage\":\"en-US\",\"potentialAction\":[{\"@type\":\"ReadAction\",\"target\":[\"https:\/\/lax.fm\/portal\/comunicados\/gran-dia-2026-cada-big-mac-ayuda\/\"]}]},{\"@type\":\"BreadcrumbList\",\"@id\":\"https:\/\/lax.fm\/portal\/comunicados\/gran-dia-2026-cada-big-mac-ayuda\/#breadcrumb\",\"itemListElement\":[{\"@type\":\"ListItem\",\"position\":1,\"name\":\"Home\",\"item\":\"https:\/\/lax.fm\/portal\/\"},{\"@type\":\"ListItem\",\"position\":2,\"name\":\"Gran D\u00eda 2026: cada Big Mac\u00ae ayuda\"}]},{\"@type\":\"Person\",\"@id\":\"https:\/\/lax.fm\/portal\/#\/schema\/person\/dffa89146b1fa98303668501e8ae48b8\",\"name\":\"La X\",\"image\":{\"@type\":\"ImageObject\",\"@id\":\"https:\/\/lax.fm\/portal\/#personlogo\",\"inLanguage\":\"en-US\",\"url\":\"https:\/\/secure.gravatar.com\/avatar\/bd4bc52f18ab67b6950c7667e82f4b83?s=96&d=mm&r=g\",\"contentUrl\":\"https:\/\/secure.gravatar.com\/avatar\/bd4bc52f18ab67b6950c7667e82f4b83?s=96&d=mm&r=g\",\"caption\":\"La X\"},\"sameAs\":[\"http:\/\/www.lax.fm\",\"http:\/\/www.facebook.com\/laxpr\",\"https:\/\/twitter.com\/http:\/\/www.twitter.com\/laxpr\"],\"url\":\"https:\/\/lax.fm\/portal\/author\/la-x\/\"}]}<\/script>\n<!-- \/ Yoast SEO plugin. -->","yoast_head_json":{"robots":{"index":"index","follow":"follow","max-snippet":"max-snippet:-1","max-image-preview":"max-image-preview:large","max-video-preview":"max-video-preview:-1"},"canonical":"https:\/\/lax.fm\/portal\/comunicados\/gran-dia-2026-cada-big-mac-ayuda\/","og_locale":"en_US","og_type":"article","og_title":"Gran D\u00eda 2026: cada Big Mac\u00ae ayuda - La-X - Gente con la m\u00fasica por dentro","og_description":"Este a\u00f1o, McDonald\u2019s Puerto Rico quiere hacer de Gran D\u00eda un movimiento a\u00fan m\u00e1s grande y participativo. Bajo el lema \u201cCada Big Mac\u00ae ayuda\u201d, la cadena de restaurantes celebrar\u00e1 el viernes 2 de octubre una nueva edici\u00f3n de su principal jornada solidaria, destinando el 100% de las ventas de Big Mac\u00ae realizadas durante ese d\u00eda [...]","og_url":"https:\/\/lax.fm\/portal\/comunicados\/gran-dia-2026-cada-big-mac-ayuda\/","og_site_name":"La-X - Gente con la m\u00fasica por dentro","article_publisher":"http:\/\/www.facebook.com\/laxpr","article_author":"http:\/\/www.facebook.com\/laxpr","article_published_time":"2026-08-26T01:22:04+00:00","article_modified_time":"2026-08-26T01:22:24+00:00","og_image":[{"width":1000,"height":500,"url":"http:\/\/lax.fm\/portal\/wp-content\/uploads\/2026\/08\/Gran-Dia-2026-Big-Mac.jpg","type":"image\/jpeg"}],"twitter_card":"summary","twitter_creator":"@http:\/\/www.twitter.com\/laxpr","twitter_site":"@laxpr","twitter_misc":{"Written by":"La X","Est. reading time":"3 minutes"},"schema":{"@context":"https:\/\/schema.org","@graph":[{"@type":"WebSite","@id":"https:\/\/lax.fm\/portal\/#website","url":"https:\/\/lax.fm\/portal\/","name":"La-X - Gente con la m\u00fasica por dentro","description":"Radio Visual","potentialAction":[{"@type":"SearchAction","target":{"@type":"EntryPoint","urlTemplate":"https:\/\/lax.fm\/portal\/?s={search_term_string}"},"query-input":"required name=search_term_string"}],"inLanguage":"en-US"},{"@type":"ImageObject","@id":"https:\/\/lax.fm\/portal\/comunicados\/gran-dia-2026-cada-big-mac-ayuda\/#primaryimage","inLanguage":"en-US","url":"https:\/\/lax.fm\/portal\/wp-content\/uploads\/2026\/08\/Gran-Dia-2026-Big-Mac.jpg","contentUrl":"https:\/\/lax.fm\/portal\/wp-content\/uploads\/2026\/08\/Gran-Dia-2026-Big-Mac.jpg","width":1000,"height":500,"caption":"Gran D\u00eda 2026"},{"@type":"WebPage","@id":"https:\/\/lax.fm\/portal\/comunicados\/gran-dia-2026-cada-big-mac-ayuda\/#webpage","url":"https:\/\/lax.fm\/portal\/comunicados\/gran-dia-2026-cada-big-mac-ayuda\/","name":"Gran D\u00eda 2026: cada Big Mac\u00ae ayuda - La-X - Gente con la m\u00fasica por dentro","isPartOf":{"@id":"https:\/\/lax.fm\/portal\/#website"},"primaryImageOfPage":{"@id":"https:\/\/lax.fm\/portal\/comunicados\/gran-dia-2026-cada-big-mac-ayuda\/#primaryimage"},"datePublished":"2026-08-26T01:22:04+00:00","dateModified":"2026-08-26T01:22:24+00:00","author":{"@id":"https:\/\/lax.fm\/portal\/#\/schema\/person\/dffa89146b1fa98303668501e8ae48b8"},"breadcrumb":{"@id":"https:\/\/lax.fm\/portal\/comunicados\/gran-dia-2026-cada-big-mac-ayuda\/#breadcrumb"},"inLanguage":"en-US","potentialAction":[{"@type":"ReadAction","target":["https:\/\/lax.fm\/portal\/comunicados\/gran-dia-2026-cada-big-mac-ayuda\/"]}]},{"@type":"BreadcrumbList","@id":"https:\/\/lax.fm\/portal\/comunicados\/gran-dia-2026-cada-big-mac-ayuda\/#breadcrumb","itemListElement":[{"@type":"ListItem","position":1,"name":"Home","item":"https:\/\/lax.fm\/portal\/"},{"@type":"ListItem","position":2,"name":"Gran D\u00eda 2026: cada Big Mac\u00ae ayuda"}]},{"@type":"Person","@id":"https:\/\/lax.fm\/portal\/#\/schema\/person\/dffa89146b1fa98303668501e8ae48b8","name":"La X","image":{"@type":"ImageObject","@id":"https:\/\/lax.fm\/portal\/#personlogo","inLanguage":"en-US","url":"https:\/\/secure.gravatar.com\/avatar\/bd4bc52f18ab67b6950c7667e82f4b83?s=96&d=mm&r=g","contentUrl":"https:\/\/secure.gravatar.com\/avatar\/bd4bc52f18ab67b6950c7667e82f4b83?s=96&d=mm&r=g","caption":"La X"},"sameAs":["http:\/\/www.lax.fm","http:\/\/www.facebook.com\/laxpr","https:\/\/twitter.com\/http:\/\/www.twitter.com\/laxpr"],"url":"https:\/\/lax.fm\/portal\/author\/la-x\/"}]}},"_links":{"self":[{"href":"https:\/\/lax.fm\/portal\/wp-json\/wp\/v2\/posts\/7618"}],"collection":[{"href":"https:\/\/lax.fm\/portal\/wp-json\/wp\/v2\/posts"}],"about":[{"href":"https:\/\/lax.fm\/portal\/wp-json\/wp\/v2\/types\/post"}],"author":[{"embeddable":true,"href":"https:\/\/lax.fm\/portal\/wp-json\/wp\/v2\/users\/56"}],"replies":[{"embeddable":true,"href":"https:\/\/lax.fm\/portal\/wp-json\/wp\/v2\/comments?post=7618"}],"version-history":[{"count":1,"href":"https:\/\/lax.fm\/portal\/wp-json\/wp\/v2\/posts\/7618\/revisions"}],"predecessor-version":[{"id":7620,"href":"https:\/\/lax.fm\/portal\/wp-json\/wp\/v2\/posts\/7618\/revisions\/7620"}],"wp:featuredmedia":[{"embeddable":true,"href":"https:\/\/lax.fm\/portal\/wp-json\/wp\/v2\/media\/7619"}],"wp:attachment":[{"href":"https:\/\/lax.fm\/portal\/wp-json\/wp\/v2\/media?parent=7618"}],"wp:term":[{"taxonomy":"category","embeddable":true,"href":"https:\/\/lax.fm\/portal\/wp-json\/wp\/v2\/categories?post=7618"},{"taxonomy":"post_tag","embeddable":true,"href":"https:\/\/lax.fm\/portal\/wp-json\/wp\/v2\/tags?post=7618"}],"curies":[{"name":"wp","href":"https:\/\/api.w.org\/{rel}","templated":true}]}}