{"id":7609,"date":"2026-08-24T13:13:13","date_gmt":"2026-08-24T17:13:13","guid":{"rendered":"https:\/\/lax.fm\/portal\/?p=7609"},"modified":"2026-08-24T13:13:33","modified_gmt":"2026-08-24T17:13:33","slug":"concluye-debi-tirar-mas-fotos-world-tour-en-puerto-rico-cerrando-su-historico-recorrido-global-en-casa","status":"publish","type":"post","link":"https:\/\/lax.fm\/portal\/comunicados\/concluye-debi-tirar-mas-fotos-world-tour-en-puerto-rico-cerrando-su-historico-recorrido-global-en-casa\/","title":{"rendered":"Concluye \u201cDeB\u00cd TiRAR M\u00c1S FOToS World Tour\u201d en Puerto Rico, cerrando su hist\u00f3rico recorrido global en casa"},"content":{"rendered":"\n<p>El fen\u00f3meno global y seis veces ganador del GRAMMY\u00ae&nbsp;<strong>Bad Bunny<\/strong>&nbsp;concluy\u00f3 su&nbsp;<strong>\u201cDeB\u00cd TiRAR M\u00c1S FOToS World Tour\u201d&nbsp;<\/strong>con dos conciertos con entradas agotadas en el&nbsp;<strong>Estadio Hiram Bithorn<\/strong>&nbsp;en San Juan, Puerto Rico, reuniendo a 70,000 fans durante las noches del 22 y 23 de agosto. Producidas por&nbsp;<strong>Noah Assad Presents<\/strong>&nbsp;y&nbsp;<strong>Move Concerts<\/strong>, las presentaciones marcaron el cierre de una gira que recorri\u00f3 cinco continentes, 22 ciudades y 55 shows, con 3.1 millones de boletos vendidos a nivel mundial.<\/p>\n\n\n\n<p>Despu\u00e9s de llevar&nbsp;<strong>DeB\u00cd TiRAR M\u00c1S FOToS&nbsp;<\/strong>a audiencias alrededor del mundo, Bad Bunny regres\u00f3 a Puerto Rico para cerrar la gira en la isla que inspir\u00f3 el proyecto. Las dos noches en San Juan celebraron la m\u00fasica, la cultura y la identidad puertorrique\u00f1a que han sido parte esencial del \u00e1lbum y de la gira desde el comienzo. A lo largo de la gira, la m\u00fasica puertorrique\u00f1a tambi\u00e9n estuvo presente en cada etapa del recorrido.&nbsp;<strong>Los Pleneros de la Cresta<\/strong>&nbsp;y&nbsp;<strong>Los Sobrinos<\/strong>&nbsp;fueron parte de la gira, llevando los sonidos y las tradiciones de Puerto Rico a audiencias alrededor del mundo.&nbsp;<strong>Chuwi<\/strong>, quien acompa\u00f1\u00f3 a Bad Bunny durante la gira, tambi\u00e9n abri\u00f3 las dos noches de cierre en Puerto Rico y se uni\u00f3 a \u00e9l en el escenario para interpretar&nbsp;<strong>\u201cWELTiTA.\u201d&nbsp;<\/strong><br><br>Durante las presentaciones finales, Bad Bunny tambi\u00e9n habl\u00f3 sobre su orgullo de ser puertorrique\u00f1o, las ense\u00f1anzas que ha recibido de la isla y el apoyo que ha recibido de su gente a lo largo de su carrera, destacando el papel de Puerto Rico en el alcance global de su m\u00fasica y de su cultura.<\/p>\n\n\n\nUna celebraci\u00f3n en casa<\/strong><br><br>Las dos noches de cierre reunieron a algunos de los artistas que han formado parte de la trayectoria de Bad Bunny y de la m\u00fasica puertorrique\u00f1a. El 22 de agosto,&nbsp;<strong>DEI V, Arc\u00e1ngel, Farruko<\/strong>&nbsp;y&nbsp;<strong>\u00d1engo<\/strong>&nbsp;<strong>Flow<\/strong>&nbsp;se unieron a Bad Bunny en el escenario, retomando colaboraciones y reconociendo a artistas que fueron importantes durante los primeros a\u00f1os de su carrera.&nbsp;El 23 de agosto,&nbsp;<strong>V\u00edctor Manuelle, DEI V, RaiNao, Jowell<\/strong>&nbsp;<strong>&amp; Randy<\/strong>&nbsp;y&nbsp;<strong>Rauw Alejandro<\/strong>&nbsp;acompa\u00f1aron a Bad Bunny en la noche final de la gira.\n\n\n\n<p>Las presentaciones en Puerto Rico tambi\u00e9n incluyeron dos momentos especiales de su cat\u00e1logo, exclusivos para la isla. Bad Bunny interpret\u00f3&nbsp;<strong>\u201cSer Bichote,\u201d<\/strong>&nbsp;de su \u00e1lbum debut de 2018,&nbsp;<strong>X 100PRE<\/strong>&nbsp;y&nbsp;<strong>\u201cVuelve Candy B,\u201d<\/strong>&nbsp;de su \u00e1lbum de 2023,&nbsp;<strong>nadie sabe lo que va a pasar ma\u00f1ana<\/strong>.<br><br>La Casita, uno de los elementos centrales de &#8220;DeB\u00cd TiRAR M\u00c1S FOToS World Tour&#8221;, tambi\u00e9n estuvo presente durante las dos noches de cierre en San Juan, manteni\u00e9ndose como uno de los elementos m\u00e1s reconocibles de la gira y como una representaci\u00f3n del hogar y la identidad que han definido el proyecto.<\/p>\n\n\n\n<h3>Un recorrido global con ra\u00edces en Puerto Rico<\/h3>\n\n\n\n<p>Con 55 shows en 22 ciudades y cinco continentes, &#8220;DeB\u00cd TiRAR M\u00c1S FOToS World Tour&#8221; llev\u00f3 un proyecto profundamente arraigado en Puerto Rico a millones de personas alrededor del mundo, convirti\u00e9ndose en una de las giras globales m\u00e1s importantes de un artista latino.<br><br>A lo largo de su recorrido, Bad Bunny llev\u00f3 la m\u00fasica y la cultura puertorrique\u00f1a a escenarios en Latinoam\u00e9rica, Europa, Asia, Australia y Norteam\u00e9rica, conectando con audiencias a trav\u00e9s de los sonidos de la plena, la salsa y otros ritmos que forman parte de la identidad musical de la isla, as\u00ed como de los temas de comunidad, identidad y pertenencia presentes en DeB\u00cd TiRAR M\u00c1S FOToS.<br><br>La conclusi\u00f3n de la gira llega despu\u00e9s de un per\u00edodo definitorio en la carrera de Bad Bunny, que incluy\u00f3 su hist\u00f3rica residencia&nbsp;<strong>\u201cNO ME QUIERO IR DE AQU\u00cd\u201d<\/strong>&nbsp;en Puerto Rico, su presentaci\u00f3n en el&nbsp;<strong>Super Bowl LX Halftime Show<\/strong>&nbsp;y un a\u00f1o hist\u00f3rico para DeB\u00cd TiRAR M\u00c1S FOToS, que recibi\u00f3 el GRAMMY\u00ae al \u00c1lbum del A\u00f1o, convirti\u00e9ndose en el primer \u00e1lbum completamente en espa\u00f1ol en recibir este reconocimiento.<br><br>Con el cierre de \u201cDeB\u00cd TiRAR M\u00c1S FOToS World Tour,\u201d Bad Bunny completa un recorrido global que llev\u00f3 la m\u00fasica y la cultura de Puerto Rico a cinco continentes y que culmin\u00f3 en casa, frente a 70,000 fans en el Estadio Hiram Bithorn.<\/p>\n","protected":false},"excerpt":{"rendered":"<p>El fen\u00f3meno global y seis veces ganador del GRAMMY\u00ae&nbsp;Bad Bunny&nbsp;concluy\u00f3 su&nbsp;\u201cDeB\u00cd TiRAR M\u00c1S FOToS World Tour\u201d&nbsp;con dos conciertos con entradas agotadas en el&nbsp;Estadio Hiram Bithorn&nbsp;en San Juan, Puerto Rico, reuniendo a 70,000 fans durante las noches del 22 y 23 de agosto. Producidas por&nbsp;Noah Assad Presents&nbsp;y&nbsp;Move Concerts, las presentaciones marcaron el cierre de una gira [&#8230;]<\/p>\n","protected":false},"author":56,"featured_media":7613,"comment_status":"open","ping_status":"open","sticky":false,"template":"","format":"standard","meta":{"_monsterinsights_skip_tracking":false,"_monsterinsights_sitenote_active":false,"_monsterinsights_sitenote_note":"","_monsterinsights_sitenote_category":0},"categories":[481],"tags":[1346,820,1392,1418,66,1456],"yoast_head":"<!-- This site is optimized with the Yoast SEO plugin v18.2 - https:\/\/yoast.com\/wordpress\/plugins\/seo\/ -->\n<meta name=\"robots\" content=\"index, follow, max-snippet:-1, max-image-preview:large, max-video-preview:-1\" \/>\n<link rel=\"canonical\" href=\"https:\/\/lax.fm\/portal\/comunicados\/concluye-debi-tirar-mas-fotos-world-tour-en-puerto-rico-cerrando-su-historico-recorrido-global-en-casa\/\" \/>\n<meta property=\"og:locale\" content=\"en_US\" \/>\n<meta property=\"og:type\" content=\"article\" \/>\n<meta property=\"og:title\" content=\"Concluye \u201cDeB\u00cd TiRAR M\u00c1S FOToS World Tour\u201d en Puerto Rico, cerrando su hist\u00f3rico recorrido global en casa - La-X - Gente con la m\u00fasica por dentro\" \/>\n<meta property=\"og:description\" content=\"El fen\u00f3meno global y seis veces ganador del GRAMMY\u00ae&nbsp;Bad Bunny&nbsp;concluy\u00f3 su&nbsp;\u201cDeB\u00cd TiRAR M\u00c1S FOToS World Tour\u201d&nbsp;con dos conciertos con entradas agotadas en el&nbsp;Estadio Hiram Bithorn&nbsp;en San Juan, Puerto Rico, reuniendo a 70,000 fans durante las noches del 22 y 23 de agosto. Producidas por&nbsp;Noah Assad Presents&nbsp;y&nbsp;Move Concerts, las presentaciones marcaron el cierre de una gira [...]\" \/>\n<meta property=\"og:url\" content=\"https:\/\/lax.fm\/portal\/comunicados\/concluye-debi-tirar-mas-fotos-world-tour-en-puerto-rico-cerrando-su-historico-recorrido-global-en-casa\/\" \/>\n<meta property=\"og:site_name\" content=\"La-X - Gente con la m\u00fasica por dentro\" \/>\n<meta property=\"article:publisher\" content=\"http:\/\/www.facebook.com\/laxpr\" \/>\n<meta property=\"article:author\" content=\"http:\/\/www.facebook.com\/laxpr\" \/>\n<meta property=\"article:published_time\" content=\"2026-08-24T17:13:13+00:00\" \/>\n<meta property=\"article:modified_time\" content=\"2026-08-24T17:13:33+00:00\" \/>\n<meta property=\"og:image\" content=\"http:\/\/lax.fm\/portal\/wp-content\/uploads\/2026\/08\/bad-bunny-cerramos-en-casa.jpg\" \/>\n\t<meta property=\"og:image:width\" content=\"1000\" \/>\n\t<meta property=\"og:image:height\" content=\"500\" \/>\n\t<meta property=\"og:image:type\" content=\"image\/jpeg\" \/>\n<meta name=\"twitter:card\" content=\"summary\" \/>\n<meta name=\"twitter:creator\" content=\"@http:\/\/www.twitter.com\/laxpr\" \/>\n<meta name=\"twitter:site\" content=\"@laxpr\" \/>\n<meta name=\"twitter:label1\" content=\"Written by\" \/>\n\t<meta name=\"twitter:data1\" content=\"La X\" \/>\n\t<meta name=\"twitter:label2\" content=\"Est. reading time\" \/>\n\t<meta name=\"twitter:data2\" content=\"4 minutes\" \/>\n<script type=\"application\/ld+json\" class=\"yoast-schema-graph\">{\"@context\":\"https:\/\/schema.org\",\"@graph\":[{\"@type\":\"WebSite\",\"@id\":\"https:\/\/lax.fm\/portal\/#website\",\"url\":\"https:\/\/lax.fm\/portal\/\",\"name\":\"La-X - Gente con la m\u00fasica por dentro\",\"description\":\"Radio Visual\",\"potentialAction\":[{\"@type\":\"SearchAction\",\"target\":{\"@type\":\"EntryPoint\",\"urlTemplate\":\"https:\/\/lax.fm\/portal\/?s={search_term_string}\"},\"query-input\":\"required name=search_term_string\"}],\"inLanguage\":\"en-US\"},{\"@type\":\"ImageObject\",\"@id\":\"https:\/\/lax.fm\/portal\/comunicados\/concluye-debi-tirar-mas-fotos-world-tour-en-puerto-rico-cerrando-su-historico-recorrido-global-en-casa\/#primaryimage\",\"inLanguage\":\"en-US\",\"url\":\"https:\/\/lax.fm\/portal\/wp-content\/uploads\/2026\/08\/bad-bunny-cerramos-en-casa.jpg\",\"contentUrl\":\"https:\/\/lax.fm\/portal\/wp-content\/uploads\/2026\/08\/bad-bunny-cerramos-en-casa.jpg\",\"width\":1000,\"height\":500,\"caption\":\"montaje fotos bad bunny cerramos en casa DeB\u00cd TiRAR M\u00c1S FOToS WORLD TOUR\"},{\"@type\":\"WebPage\",\"@id\":\"https:\/\/lax.fm\/portal\/comunicados\/concluye-debi-tirar-mas-fotos-world-tour-en-puerto-rico-cerrando-su-historico-recorrido-global-en-casa\/#webpage\",\"url\":\"https:\/\/lax.fm\/portal\/comunicados\/concluye-debi-tirar-mas-fotos-world-tour-en-puerto-rico-cerrando-su-historico-recorrido-global-en-casa\/\",\"name\":\"Concluye \u201cDeB\u00cd TiRAR M\u00c1S FOToS World Tour\u201d en Puerto Rico, cerrando su hist\u00f3rico recorrido global en casa - La-X - Gente con la m\u00fasica por dentro\",\"isPartOf\":{\"@id\":\"https:\/\/lax.fm\/portal\/#website\"},\"primaryImageOfPage\":{\"@id\":\"https:\/\/lax.fm\/portal\/comunicados\/concluye-debi-tirar-mas-fotos-world-tour-en-puerto-rico-cerrando-su-historico-recorrido-global-en-casa\/#primaryimage\"},\"datePublished\":\"2026-08-24T17:13:13+00:00\",\"dateModified\":\"2026-08-24T17:13:33+00:00\",\"author\":{\"@id\":\"https:\/\/lax.fm\/portal\/#\/schema\/person\/dffa89146b1fa98303668501e8ae48b8\"},\"breadcrumb\":{\"@id\":\"https:\/\/lax.fm\/portal\/comunicados\/concluye-debi-tirar-mas-fotos-world-tour-en-puerto-rico-cerrando-su-historico-recorrido-global-en-casa\/#breadcrumb\"},\"inLanguage\":\"en-US\",\"potentialAction\":[{\"@type\":\"ReadAction\",\"target\":[\"https:\/\/lax.fm\/portal\/comunicados\/concluye-debi-tirar-mas-fotos-world-tour-en-puerto-rico-cerrando-su-historico-recorrido-global-en-casa\/\"]}]},{\"@type\":\"BreadcrumbList\",\"@id\":\"https:\/\/lax.fm\/portal\/comunicados\/concluye-debi-tirar-mas-fotos-world-tour-en-puerto-rico-cerrando-su-historico-recorrido-global-en-casa\/#breadcrumb\",\"itemListElement\":[{\"@type\":\"ListItem\",\"position\":1,\"name\":\"Home\",\"item\":\"https:\/\/lax.fm\/portal\/\"},{\"@type\":\"ListItem\",\"position\":2,\"name\":\"Concluye \u201cDeB\u00cd TiRAR M\u00c1S FOToS World Tour\u201d en Puerto Rico, cerrando su hist\u00f3rico recorrido global en casa\"}]},{\"@type\":\"Person\",\"@id\":\"https:\/\/lax.fm\/portal\/#\/schema\/person\/dffa89146b1fa98303668501e8ae48b8\",\"name\":\"La X\",\"image\":{\"@type\":\"ImageObject\",\"@id\":\"https:\/\/lax.fm\/portal\/#personlogo\",\"inLanguage\":\"en-US\",\"url\":\"https:\/\/secure.gravatar.com\/avatar\/bd4bc52f18ab67b6950c7667e82f4b83?s=96&d=mm&r=g\",\"contentUrl\":\"https:\/\/secure.gravatar.com\/avatar\/bd4bc52f18ab67b6950c7667e82f4b83?s=96&d=mm&r=g\",\"caption\":\"La X\"},\"sameAs\":[\"http:\/\/www.lax.fm\",\"http:\/\/www.facebook.com\/laxpr\",\"https:\/\/twitter.com\/http:\/\/www.twitter.com\/laxpr\"],\"url\":\"https:\/\/lax.fm\/portal\/author\/la-x\/\"}]}<\/script>\n<!-- \/ Yoast SEO plugin. -->","yoast_head_json":{"robots":{"index":"index","follow":"follow","max-snippet":"max-snippet:-1","max-image-preview":"max-image-preview:large","max-video-preview":"max-video-preview:-1"},"canonical":"https:\/\/lax.fm\/portal\/comunicados\/concluye-debi-tirar-mas-fotos-world-tour-en-puerto-rico-cerrando-su-historico-recorrido-global-en-casa\/","og_locale":"en_US","og_type":"article","og_title":"Concluye \u201cDeB\u00cd TiRAR M\u00c1S FOToS World Tour\u201d en Puerto Rico, cerrando su hist\u00f3rico recorrido global en casa - La-X - Gente con la m\u00fasica por dentro","og_description":"El fen\u00f3meno global y seis veces ganador del GRAMMY\u00ae&nbsp;Bad Bunny&nbsp;concluy\u00f3 su&nbsp;\u201cDeB\u00cd TiRAR M\u00c1S FOToS World Tour\u201d&nbsp;con dos conciertos con entradas agotadas en el&nbsp;Estadio Hiram Bithorn&nbsp;en San Juan, Puerto Rico, reuniendo a 70,000 fans durante las noches del 22 y 23 de agosto. Producidas por&nbsp;Noah Assad Presents&nbsp;y&nbsp;Move Concerts, las presentaciones marcaron el cierre de una gira [...]","og_url":"https:\/\/lax.fm\/portal\/comunicados\/concluye-debi-tirar-mas-fotos-world-tour-en-puerto-rico-cerrando-su-historico-recorrido-global-en-casa\/","og_site_name":"La-X - Gente con la m\u00fasica por dentro","article_publisher":"http:\/\/www.facebook.com\/laxpr","article_author":"http:\/\/www.facebook.com\/laxpr","article_published_time":"2026-08-24T17:13:13+00:00","article_modified_time":"2026-08-24T17:13:33+00:00","og_image":[{"width":1000,"height":500,"url":"http:\/\/lax.fm\/portal\/wp-content\/uploads\/2026\/08\/bad-bunny-cerramos-en-casa.jpg","type":"image\/jpeg"}],"twitter_card":"summary","twitter_creator":"@http:\/\/www.twitter.com\/laxpr","twitter_site":"@laxpr","twitter_misc":{"Written by":"La X","Est. reading time":"4 minutes"},"schema":{"@context":"https:\/\/schema.org","@graph":[{"@type":"WebSite","@id":"https:\/\/lax.fm\/portal\/#website","url":"https:\/\/lax.fm\/portal\/","name":"La-X - Gente con la m\u00fasica por dentro","description":"Radio Visual","potentialAction":[{"@type":"SearchAction","target":{"@type":"EntryPoint","urlTemplate":"https:\/\/lax.fm\/portal\/?s={search_term_string}"},"query-input":"required name=search_term_string"}],"inLanguage":"en-US"},{"@type":"ImageObject","@id":"https:\/\/lax.fm\/portal\/comunicados\/concluye-debi-tirar-mas-fotos-world-tour-en-puerto-rico-cerrando-su-historico-recorrido-global-en-casa\/#primaryimage","inLanguage":"en-US","url":"https:\/\/lax.fm\/portal\/wp-content\/uploads\/2026\/08\/bad-bunny-cerramos-en-casa.jpg","contentUrl":"https:\/\/lax.fm\/portal\/wp-content\/uploads\/2026\/08\/bad-bunny-cerramos-en-casa.jpg","width":1000,"height":500,"caption":"montaje fotos bad bunny cerramos en casa DeB\u00cd TiRAR M\u00c1S FOToS WORLD TOUR"},{"@type":"WebPage","@id":"https:\/\/lax.fm\/portal\/comunicados\/concluye-debi-tirar-mas-fotos-world-tour-en-puerto-rico-cerrando-su-historico-recorrido-global-en-casa\/#webpage","url":"https:\/\/lax.fm\/portal\/comunicados\/concluye-debi-tirar-mas-fotos-world-tour-en-puerto-rico-cerrando-su-historico-recorrido-global-en-casa\/","name":"Concluye \u201cDeB\u00cd TiRAR M\u00c1S FOToS World Tour\u201d en Puerto Rico, cerrando su hist\u00f3rico recorrido global en casa - La-X - Gente con la m\u00fasica por dentro","isPartOf":{"@id":"https:\/\/lax.fm\/portal\/#website"},"primaryImageOfPage":{"@id":"https:\/\/lax.fm\/portal\/comunicados\/concluye-debi-tirar-mas-fotos-world-tour-en-puerto-rico-cerrando-su-historico-recorrido-global-en-casa\/#primaryimage"},"datePublished":"2026-08-24T17:13:13+00:00","dateModified":"2026-08-24T17:13:33+00:00","author":{"@id":"https:\/\/lax.fm\/portal\/#\/schema\/person\/dffa89146b1fa98303668501e8ae48b8"},"breadcrumb":{"@id":"https:\/\/lax.fm\/portal\/comunicados\/concluye-debi-tirar-mas-fotos-world-tour-en-puerto-rico-cerrando-su-historico-recorrido-global-en-casa\/#breadcrumb"},"inLanguage":"en-US","potentialAction":[{"@type":"ReadAction","target":["https:\/\/lax.fm\/portal\/comunicados\/concluye-debi-tirar-mas-fotos-world-tour-en-puerto-rico-cerrando-su-historico-recorrido-global-en-casa\/"]}]},{"@type":"BreadcrumbList","@id":"https:\/\/lax.fm\/portal\/comunicados\/concluye-debi-tirar-mas-fotos-world-tour-en-puerto-rico-cerrando-su-historico-recorrido-global-en-casa\/#breadcrumb","itemListElement":[{"@type":"ListItem","position":1,"name":"Home","item":"https:\/\/lax.fm\/portal\/"},{"@type":"ListItem","position":2,"name":"Concluye \u201cDeB\u00cd TiRAR M\u00c1S FOToS World Tour\u201d en Puerto Rico, cerrando su hist\u00f3rico recorrido global en casa"}]},{"@type":"Person","@id":"https:\/\/lax.fm\/portal\/#\/schema\/person\/dffa89146b1fa98303668501e8ae48b8","name":"La X","image":{"@type":"ImageObject","@id":"https:\/\/lax.fm\/portal\/#personlogo","inLanguage":"en-US","url":"https:\/\/secure.gravatar.com\/avatar\/bd4bc52f18ab67b6950c7667e82f4b83?s=96&d=mm&r=g","contentUrl":"https:\/\/secure.gravatar.com\/avatar\/bd4bc52f18ab67b6950c7667e82f4b83?s=96&d=mm&r=g","caption":"La X"},"sameAs":["http:\/\/www.lax.fm","http:\/\/www.facebook.com\/laxpr","https:\/\/twitter.com\/http:\/\/www.twitter.com\/laxpr"],"url":"https:\/\/lax.fm\/portal\/author\/la-x\/"}]}},"_links":{"self":[{"href":"https:\/\/lax.fm\/portal\/wp-json\/wp\/v2\/posts\/7609"}],"collection":[{"href":"https:\/\/lax.fm\/portal\/wp-json\/wp\/v2\/posts"}],"about":[{"href":"https:\/\/lax.fm\/portal\/wp-json\/wp\/v2\/types\/post"}],"author":[{"embeddable":true,"href":"https:\/\/lax.fm\/portal\/wp-json\/wp\/v2\/users\/56"}],"replies":[{"embeddable":true,"href":"https:\/\/lax.fm\/portal\/wp-json\/wp\/v2\/comments?post=7609"}],"version-history":[{"count":1,"href":"https:\/\/lax.fm\/portal\/wp-json\/wp\/v2\/posts\/7609\/revisions"}],"predecessor-version":[{"id":7610,"href":"https:\/\/lax.fm\/portal\/wp-json\/wp\/v2\/posts\/7609\/revisions\/7610"}],"wp:featuredmedia":[{"embeddable":true,"href":"https:\/\/lax.fm\/portal\/wp-json\/wp\/v2\/media\/7613"}],"wp:attachment":[{"href":"https:\/\/lax.fm\/portal\/wp-json\/wp\/v2\/media?parent=7609"}],"wp:term":[{"taxonomy":"category","embeddable":true,"href":"https:\/\/lax.fm\/portal\/wp-json\/wp\/v2\/categories?post=7609"},{"taxonomy":"post_tag","embeddable":true,"href":"https:\/\/lax.fm\/portal\/wp-json\/wp\/v2\/tags?post=7609"}],"curies":[{"name":"wp","href":"https:\/\/api.w.org\/{rel}","templated":true}]}}