{"id":7270,"date":"2026-05-11T22:39:07","date_gmt":"2026-05-12T02:39:07","guid":{"rendered":"https:\/\/lax.fm\/portal\/?p=7270"},"modified":"2026-05-11T22:39:28","modified_gmt":"2026-05-12T02:39:28","slug":"joven-de-boys-and-girls-club-de-bayamon-se-convierte-en-la-nueva-portavoz-de-la-juventud-puertorriquena","status":"publish","type":"post","link":"https:\/\/lax.fm\/portal\/comunicados\/joven-de-boys-and-girls-club-de-bayamon-se-convierte-en-la-nueva-portavoz-de-la-juventud-puertorriquena\/","title":{"rendered":"Joven de Boys &#038; Girls Club de Bayam\u00f3n se convierte en la nueva portavoz de la juventud puertorrique\u00f1a"},"content":{"rendered":"\n<p>La organizaci\u00f3n sin fines de lucro <strong><a href=\"https:\/\/bgcpr.org\/\" target=\"_blank\" rel=\"noreferrer noopener\">Boys &amp; Girls Clubs de Puerto Rico<\/a><\/strong> (BGCPR) celebr\u00f3 la selecci\u00f3n de Yenzielys Estrada, participante de Boys &amp; Girls Club de Bayam\u00f3n, como Joven del A\u00f1o 2026 durante una emotiva velada celebrada en Dave &amp; Buster\u2019s, donde nueve j\u00f3venes representantes de distintos Clubes a trav\u00e9s de la Isla compartieron historias de superaci\u00f3n y visi\u00f3n de futuro. El evento, animado por la presentadora Natalia Rivera, reuni\u00f3 a aliados del gobierno, el tercer sector, la empresa privada y la comunidad, reafirmando la importancia de continuar apostando al desarrollo de nuestra juventud.<\/p>\n\n\n\n<p>Joven del A\u00f1o es el reconocimiento m\u00e1s importante que otorga la organizaci\u00f3n a sus participantes y su principal programa de desarrollo de liderazgo juvenil. A trav\u00e9s de este proceso, los j\u00f3venes fortalecen destrezas en \u00e1reas como comunicaci\u00f3n, manejo de emociones, servicio comunitario y proyecci\u00f3n personal, mientras se convierten en portavoces del potencial de la juventud puertorrique\u00f1a.<\/p>\n\n\n\n<p>Yenzielys Estrada participa en BGCPR desde los seis a\u00f1os. Durante su trayectoria en el Club, encontr\u00f3 el apoyo acad\u00e9mico y emocional que le permiti\u00f3 fortalecer su autoestima, aprender a leer y escribir, y superar retos personales, como la depresi\u00f3n y el acoso escolar. Hoy aspira a convertirse en psic\u00f3loga cl\u00ednica, con el prop\u00f3sito de ayudar a ni\u00f1os y j\u00f3venes que enfrentan desaf\u00edos relacionados con la salud mental.<\/p>\n\n\n\n<p>\u201cJoven del A\u00f1o representa mucho m\u00e1s que un t\u00edtulo. Representa el poder transformador de creer en nuestra juventud. Yenzielys y cada uno de nuestros participantes son reflejo de lo que ocurre cuando alguien decide apoyar, escuchar y abrir puertas de oportunidad\u201d, expres\u00f3 Alma Frontera Col\u00f3n, presidenta de BGCPR.<\/p>\n\n\n\n<p>\u201cCada historia que escuchamos esta noche nos record\u00f3 cu\u00e1n lejos puede llegar nuestra juventud cuando cuenta con una red de apoyo compuesta por sus familias, l\u00edderes, mentores y aliados comprometidos con el desarrollo de Puerto Rico. Por eso el respaldo del Gobierno, el sector privado, el tercer sector y la comunidad es tan importante para nuestra misi\u00f3n\u201d, a\u00f1adi\u00f3.<\/p>\n\n\n\n<p>La velada cont\u00f3 con la presencia del Hon. Miguel Romero, alcalde de San Juan; el Hon. Eddie Charbonier, presidente de la Comisi\u00f3n de Hacienda y representante del Distrito 1 de San Juan; la Hon. Julia Nazario, alcaldesa de Lo\u00edza; el Hon. Eliezer Ramos, secretario del Departamento de Educaci\u00f3n; la Dra. Evelyn Matos, subsecretaria del Departamento de la Familia; y otros funcionarios p\u00fablicos que reconocieron a los participantes de sus pueblos mediante proclamas y distinciones especiales.<\/p>\n\n\n\n<p>La nueva Joven del A\u00f1o 2026 representar\u00e1 a Puerto Rico este verano en Nueva York durante la competencia regional del programa Youth of the Year de Boys &amp; Girls Clubs of America, con la oportunidad de avanzar a la final a nivel de Estados Unidos, en Washington, D.C.<\/p>\n\n\n\n<p>Los otros j\u00f3venes participantes de Joven del A\u00f1o 2026 fueron: Carlos S\u00e1nchez, del Club de San Lorenzo; Zeneyshka P\u00e9rez, del Club de Lo\u00edza; Tayna Rol\u00f3n, del Club de Arecibo; Lakeysha Burgos, del Club de Mayag\u00fcez; Reaisymar Cruz, del Club de Aguas Buenas; Kritzia P\u00e9rez, del Club de Isabela; Jonathan Rosario, del Club de Luis Llorens Torres; y Dimari Pe\u00f1a, del Club de Las Margaritas, ambos en San Juan.<\/p>\n\n\n\n<p>Como parte del proceso de selecci\u00f3n, los participantes fueron evaluados en \u00e1reas como desempe\u00f1o acad\u00e9mico, liderazgo y servicio comunitario. Adem\u00e1s, participaron de entrevistas, ensayos y discursos enfocados en sus trayectorias de vida, su desarrollo en los Clubes y su visi\u00f3n de futuro.<br><br>Yenzielys recibi\u00f3, entre otros reconocimientos, la medalla de liderazgo otorgada por Tote Maritime, una beca universitaria de $3,000 otorgada por Alpha Phi Alpha Fraternity, un premio en met\u00e1lico cortes\u00eda de Boys &amp; Girls Clubs of America y una membres\u00eda Black Card de Planet Fitness valorada en $400.<\/p>\n\n\n\n<p>El evento Joven del A\u00f1o 2026 fue presentado por Tote Maritime y Burger King, con el apoyo de Church\u2019s Chicken, Sargent &amp; Lundy, Alpha Phi Alpha Fraternity, Planet Fitness, Motorambar, Ross, Fulcro Insurance, Walmart, Coca-Cola, Toyota Financial Services, Liberty Foundation, FirstBank, Universidad Ana G. M\u00e9ndez, PwC, International Restaurant Services (IRSI), RSM, MMM, KPMG, Guardian Insurance, Puerto Rico Supplies, Pepe Ganga, FransGlobal Charity Foundation, Danosa, Boys &amp; Girls Clubs of America, Dave &amp; Buster\u2019s, Sky Media, La X y El Vocero<\/p>\n\n\n\n<p>En el \u00faltimo a\u00f1o, BGCPR sirvi\u00f3 a m\u00e1s de 19,500 ni\u00f1os, ni\u00f1as, j\u00f3venes y familias, y gener\u00f3 empleo para m\u00e1s de 550 profesionales en el archipi\u00e9lago. Actualmente cuenta con 25 centros donde ofrece programas de educativos, de apoyo socioemocional y desarrollo integral, incluyendo educaci\u00f3n temprana, tutor\u00edas, manejo de casos y servicio de comida caliente, entre otros. Para conocer m\u00e1s sobre BGCPR o apoyar su misi\u00f3n, visite bgcpr.org o realice su aportaci\u00f3n a trav\u00e9s de ATH M\u00f3vil, buscando \/BoysandGirlsClubsdePR en la secci\u00f3n \u201cDonar\u201d.<br><\/p>\n","protected":false},"excerpt":{"rendered":"<p>La organizaci\u00f3n sin fines de lucro Boys &amp; Girls Clubs de Puerto Rico (BGCPR) celebr\u00f3 la selecci\u00f3n de Yenzielys Estrada, participante de Boys &amp; Girls Club de Bayam\u00f3n, como Joven del A\u00f1o 2026 durante una emotiva velada celebrada en Dave &amp; Buster\u2019s, donde nueve j\u00f3venes representantes de distintos Clubes a trav\u00e9s de la Isla compartieron [&#8230;]<\/p>\n","protected":false},"author":56,"featured_media":7271,"comment_status":"open","ping_status":"open","sticky":false,"template":"","format":"standard","meta":{"_monsterinsights_skip_tracking":false,"_monsterinsights_sitenote_active":false,"_monsterinsights_sitenote_note":"","_monsterinsights_sitenote_category":0},"categories":[481],"tags":[820,1397,1396,1395],"yoast_head":"<!-- This site is optimized with the Yoast SEO plugin v18.2 - https:\/\/yoast.com\/wordpress\/plugins\/seo\/ -->\n<meta name=\"description\" content=\"Yenzielys Estrada fue seleccionada Joven del A\u00f1o 2026 deBoys &amp; Girls Clubs de Puerto Rico.\" \/>\n<meta name=\"robots\" content=\"index, follow, max-snippet:-1, max-image-preview:large, max-video-preview:-1\" \/>\n<link rel=\"canonical\" href=\"https:\/\/lax.fm\/portal\/comunicados\/joven-de-boys-and-girls-club-de-bayamon-se-convierte-en-la-nueva-portavoz-de-la-juventud-puertorriquena\/\" \/>\n<meta property=\"og:locale\" content=\"en_US\" \/>\n<meta property=\"og:type\" content=\"article\" \/>\n<meta property=\"og:title\" content=\"Joven de Boys &amp; Girls Club de Bayam\u00f3n se convierte en la nueva portavoz de la juventud puertorrique\u00f1a - La-X - Gente con la m\u00fasica por dentro\" \/>\n<meta property=\"og:description\" content=\"Yenzielys Estrada fue seleccionada Joven del A\u00f1o 2026 deBoys &amp; Girls Clubs de Puerto Rico.\" \/>\n<meta property=\"og:url\" content=\"https:\/\/lax.fm\/portal\/comunicados\/joven-de-boys-and-girls-club-de-bayamon-se-convierte-en-la-nueva-portavoz-de-la-juventud-puertorriquena\/\" \/>\n<meta property=\"og:site_name\" content=\"La-X - Gente con la m\u00fasica por dentro\" \/>\n<meta property=\"article:publisher\" content=\"http:\/\/www.facebook.com\/laxpr\" \/>\n<meta property=\"article:author\" content=\"http:\/\/www.facebook.com\/laxpr\" \/>\n<meta property=\"article:published_time\" content=\"2026-05-12T02:39:07+00:00\" \/>\n<meta property=\"article:modified_time\" content=\"2026-05-12T02:39:28+00:00\" \/>\n<meta property=\"og:image\" content=\"http:\/\/lax.fm\/portal\/wp-content\/uploads\/2026\/05\/Yenzielys-Estrada-de-Boys-and-Girls-Club.jpg\" \/>\n\t<meta property=\"og:image:width\" content=\"1000\" \/>\n\t<meta property=\"og:image:height\" content=\"500\" \/>\n\t<meta property=\"og:image:type\" content=\"image\/jpeg\" \/>\n<meta name=\"twitter:card\" content=\"summary\" \/>\n<meta name=\"twitter:creator\" content=\"@http:\/\/www.twitter.com\/laxpr\" \/>\n<meta name=\"twitter:site\" content=\"@laxpr\" \/>\n<meta name=\"twitter:label1\" content=\"Written by\" \/>\n\t<meta name=\"twitter:data1\" content=\"La X\" \/>\n\t<meta name=\"twitter:label2\" content=\"Est. reading time\" \/>\n\t<meta name=\"twitter:data2\" content=\"4 minutes\" \/>\n<script type=\"application\/ld+json\" class=\"yoast-schema-graph\">{\"@context\":\"https:\/\/schema.org\",\"@graph\":[{\"@type\":\"WebSite\",\"@id\":\"https:\/\/lax.fm\/portal\/#website\",\"url\":\"https:\/\/lax.fm\/portal\/\",\"name\":\"La-X - Gente con la m\u00fasica por dentro\",\"description\":\"Radio Visual\",\"potentialAction\":[{\"@type\":\"SearchAction\",\"target\":{\"@type\":\"EntryPoint\",\"urlTemplate\":\"https:\/\/lax.fm\/portal\/?s={search_term_string}\"},\"query-input\":\"required name=search_term_string\"}],\"inLanguage\":\"en-US\"},{\"@type\":\"ImageObject\",\"@id\":\"https:\/\/lax.fm\/portal\/comunicados\/joven-de-boys-and-girls-club-de-bayamon-se-convierte-en-la-nueva-portavoz-de-la-juventud-puertorriquena\/#primaryimage\",\"inLanguage\":\"en-US\",\"url\":\"https:\/\/lax.fm\/portal\/wp-content\/uploads\/2026\/05\/Yenzielys-Estrada-de-Boys-and-Girls-Club.jpg\",\"contentUrl\":\"https:\/\/lax.fm\/portal\/wp-content\/uploads\/2026\/05\/Yenzielys-Estrada-de-Boys-and-Girls-Club.jpg\",\"width\":1000,\"height\":500,\"caption\":\"Yenzielys Estrada de Boys & Girls Club\"},{\"@type\":\"WebPage\",\"@id\":\"https:\/\/lax.fm\/portal\/comunicados\/joven-de-boys-and-girls-club-de-bayamon-se-convierte-en-la-nueva-portavoz-de-la-juventud-puertorriquena\/#webpage\",\"url\":\"https:\/\/lax.fm\/portal\/comunicados\/joven-de-boys-and-girls-club-de-bayamon-se-convierte-en-la-nueva-portavoz-de-la-juventud-puertorriquena\/\",\"name\":\"Joven de Boys & Girls Club de Bayam\u00f3n se convierte en la nueva portavoz de la juventud puertorrique\u00f1a - La-X - Gente con la m\u00fasica por dentro\",\"isPartOf\":{\"@id\":\"https:\/\/lax.fm\/portal\/#website\"},\"primaryImageOfPage\":{\"@id\":\"https:\/\/lax.fm\/portal\/comunicados\/joven-de-boys-and-girls-club-de-bayamon-se-convierte-en-la-nueva-portavoz-de-la-juventud-puertorriquena\/#primaryimage\"},\"datePublished\":\"2026-05-12T02:39:07+00:00\",\"dateModified\":\"2026-05-12T02:39:28+00:00\",\"author\":{\"@id\":\"https:\/\/lax.fm\/portal\/#\/schema\/person\/dffa89146b1fa98303668501e8ae48b8\"},\"description\":\"Yenzielys Estrada fue seleccionada Joven del A\u00f1o 2026 deBoys & Girls Clubs de Puerto Rico.\",\"breadcrumb\":{\"@id\":\"https:\/\/lax.fm\/portal\/comunicados\/joven-de-boys-and-girls-club-de-bayamon-se-convierte-en-la-nueva-portavoz-de-la-juventud-puertorriquena\/#breadcrumb\"},\"inLanguage\":\"en-US\",\"potentialAction\":[{\"@type\":\"ReadAction\",\"target\":[\"https:\/\/lax.fm\/portal\/comunicados\/joven-de-boys-and-girls-club-de-bayamon-se-convierte-en-la-nueva-portavoz-de-la-juventud-puertorriquena\/\"]}]},{\"@type\":\"BreadcrumbList\",\"@id\":\"https:\/\/lax.fm\/portal\/comunicados\/joven-de-boys-and-girls-club-de-bayamon-se-convierte-en-la-nueva-portavoz-de-la-juventud-puertorriquena\/#breadcrumb\",\"itemListElement\":[{\"@type\":\"ListItem\",\"position\":1,\"name\":\"Home\",\"item\":\"https:\/\/lax.fm\/portal\/\"},{\"@type\":\"ListItem\",\"position\":2,\"name\":\"Joven de Boys &#038; Girls Club de Bayam\u00f3n se convierte en la nueva portavoz de la juventud puertorrique\u00f1a\"}]},{\"@type\":\"Person\",\"@id\":\"https:\/\/lax.fm\/portal\/#\/schema\/person\/dffa89146b1fa98303668501e8ae48b8\",\"name\":\"La X\",\"image\":{\"@type\":\"ImageObject\",\"@id\":\"https:\/\/lax.fm\/portal\/#personlogo\",\"inLanguage\":\"en-US\",\"url\":\"https:\/\/secure.gravatar.com\/avatar\/bd4bc52f18ab67b6950c7667e82f4b83?s=96&d=mm&r=g\",\"contentUrl\":\"https:\/\/secure.gravatar.com\/avatar\/bd4bc52f18ab67b6950c7667e82f4b83?s=96&d=mm&r=g\",\"caption\":\"La X\"},\"sameAs\":[\"http:\/\/www.lax.fm\",\"http:\/\/www.facebook.com\/laxpr\",\"https:\/\/twitter.com\/http:\/\/www.twitter.com\/laxpr\"],\"url\":\"https:\/\/lax.fm\/portal\/author\/la-x\/\"}]}<\/script>\n<!-- \/ Yoast SEO plugin. -->","yoast_head_json":{"description":"Yenzielys Estrada fue seleccionada Joven del A\u00f1o 2026 deBoys & Girls Clubs de Puerto Rico.","robots":{"index":"index","follow":"follow","max-snippet":"max-snippet:-1","max-image-preview":"max-image-preview:large","max-video-preview":"max-video-preview:-1"},"canonical":"https:\/\/lax.fm\/portal\/comunicados\/joven-de-boys-and-girls-club-de-bayamon-se-convierte-en-la-nueva-portavoz-de-la-juventud-puertorriquena\/","og_locale":"en_US","og_type":"article","og_title":"Joven de Boys & Girls Club de Bayam\u00f3n se convierte en la nueva portavoz de la juventud puertorrique\u00f1a - La-X - Gente con la m\u00fasica por dentro","og_description":"Yenzielys Estrada fue seleccionada Joven del A\u00f1o 2026 deBoys & Girls Clubs de Puerto Rico.","og_url":"https:\/\/lax.fm\/portal\/comunicados\/joven-de-boys-and-girls-club-de-bayamon-se-convierte-en-la-nueva-portavoz-de-la-juventud-puertorriquena\/","og_site_name":"La-X - Gente con la m\u00fasica por dentro","article_publisher":"http:\/\/www.facebook.com\/laxpr","article_author":"http:\/\/www.facebook.com\/laxpr","article_published_time":"2026-05-12T02:39:07+00:00","article_modified_time":"2026-05-12T02:39:28+00:00","og_image":[{"width":1000,"height":500,"url":"http:\/\/lax.fm\/portal\/wp-content\/uploads\/2026\/05\/Yenzielys-Estrada-de-Boys-and-Girls-Club.jpg","type":"image\/jpeg"}],"twitter_card":"summary","twitter_creator":"@http:\/\/www.twitter.com\/laxpr","twitter_site":"@laxpr","twitter_misc":{"Written by":"La X","Est. reading time":"4 minutes"},"schema":{"@context":"https:\/\/schema.org","@graph":[{"@type":"WebSite","@id":"https:\/\/lax.fm\/portal\/#website","url":"https:\/\/lax.fm\/portal\/","name":"La-X - Gente con la m\u00fasica por dentro","description":"Radio Visual","potentialAction":[{"@type":"SearchAction","target":{"@type":"EntryPoint","urlTemplate":"https:\/\/lax.fm\/portal\/?s={search_term_string}"},"query-input":"required name=search_term_string"}],"inLanguage":"en-US"},{"@type":"ImageObject","@id":"https:\/\/lax.fm\/portal\/comunicados\/joven-de-boys-and-girls-club-de-bayamon-se-convierte-en-la-nueva-portavoz-de-la-juventud-puertorriquena\/#primaryimage","inLanguage":"en-US","url":"https:\/\/lax.fm\/portal\/wp-content\/uploads\/2026\/05\/Yenzielys-Estrada-de-Boys-and-Girls-Club.jpg","contentUrl":"https:\/\/lax.fm\/portal\/wp-content\/uploads\/2026\/05\/Yenzielys-Estrada-de-Boys-and-Girls-Club.jpg","width":1000,"height":500,"caption":"Yenzielys Estrada de Boys & Girls Club"},{"@type":"WebPage","@id":"https:\/\/lax.fm\/portal\/comunicados\/joven-de-boys-and-girls-club-de-bayamon-se-convierte-en-la-nueva-portavoz-de-la-juventud-puertorriquena\/#webpage","url":"https:\/\/lax.fm\/portal\/comunicados\/joven-de-boys-and-girls-club-de-bayamon-se-convierte-en-la-nueva-portavoz-de-la-juventud-puertorriquena\/","name":"Joven de Boys & Girls Club de Bayam\u00f3n se convierte en la nueva portavoz de la juventud puertorrique\u00f1a - La-X - Gente con la m\u00fasica por dentro","isPartOf":{"@id":"https:\/\/lax.fm\/portal\/#website"},"primaryImageOfPage":{"@id":"https:\/\/lax.fm\/portal\/comunicados\/joven-de-boys-and-girls-club-de-bayamon-se-convierte-en-la-nueva-portavoz-de-la-juventud-puertorriquena\/#primaryimage"},"datePublished":"2026-05-12T02:39:07+00:00","dateModified":"2026-05-12T02:39:28+00:00","author":{"@id":"https:\/\/lax.fm\/portal\/#\/schema\/person\/dffa89146b1fa98303668501e8ae48b8"},"description":"Yenzielys Estrada fue seleccionada Joven del A\u00f1o 2026 deBoys & Girls Clubs de Puerto Rico.","breadcrumb":{"@id":"https:\/\/lax.fm\/portal\/comunicados\/joven-de-boys-and-girls-club-de-bayamon-se-convierte-en-la-nueva-portavoz-de-la-juventud-puertorriquena\/#breadcrumb"},"inLanguage":"en-US","potentialAction":[{"@type":"ReadAction","target":["https:\/\/lax.fm\/portal\/comunicados\/joven-de-boys-and-girls-club-de-bayamon-se-convierte-en-la-nueva-portavoz-de-la-juventud-puertorriquena\/"]}]},{"@type":"BreadcrumbList","@id":"https:\/\/lax.fm\/portal\/comunicados\/joven-de-boys-and-girls-club-de-bayamon-se-convierte-en-la-nueva-portavoz-de-la-juventud-puertorriquena\/#breadcrumb","itemListElement":[{"@type":"ListItem","position":1,"name":"Home","item":"https:\/\/lax.fm\/portal\/"},{"@type":"ListItem","position":2,"name":"Joven de Boys &#038; Girls Club de Bayam\u00f3n se convierte en la nueva portavoz de la juventud puertorrique\u00f1a"}]},{"@type":"Person","@id":"https:\/\/lax.fm\/portal\/#\/schema\/person\/dffa89146b1fa98303668501e8ae48b8","name":"La X","image":{"@type":"ImageObject","@id":"https:\/\/lax.fm\/portal\/#personlogo","inLanguage":"en-US","url":"https:\/\/secure.gravatar.com\/avatar\/bd4bc52f18ab67b6950c7667e82f4b83?s=96&d=mm&r=g","contentUrl":"https:\/\/secure.gravatar.com\/avatar\/bd4bc52f18ab67b6950c7667e82f4b83?s=96&d=mm&r=g","caption":"La X"},"sameAs":["http:\/\/www.lax.fm","http:\/\/www.facebook.com\/laxpr","https:\/\/twitter.com\/http:\/\/www.twitter.com\/laxpr"],"url":"https:\/\/lax.fm\/portal\/author\/la-x\/"}]}},"_links":{"self":[{"href":"https:\/\/lax.fm\/portal\/wp-json\/wp\/v2\/posts\/7270"}],"collection":[{"href":"https:\/\/lax.fm\/portal\/wp-json\/wp\/v2\/posts"}],"about":[{"href":"https:\/\/lax.fm\/portal\/wp-json\/wp\/v2\/types\/post"}],"author":[{"embeddable":true,"href":"https:\/\/lax.fm\/portal\/wp-json\/wp\/v2\/users\/56"}],"replies":[{"embeddable":true,"href":"https:\/\/lax.fm\/portal\/wp-json\/wp\/v2\/comments?post=7270"}],"version-history":[{"count":2,"href":"https:\/\/lax.fm\/portal\/wp-json\/wp\/v2\/posts\/7270\/revisions"}],"predecessor-version":[{"id":7276,"href":"https:\/\/lax.fm\/portal\/wp-json\/wp\/v2\/posts\/7270\/revisions\/7276"}],"wp:featuredmedia":[{"embeddable":true,"href":"https:\/\/lax.fm\/portal\/wp-json\/wp\/v2\/media\/7271"}],"wp:attachment":[{"href":"https:\/\/lax.fm\/portal\/wp-json\/wp\/v2\/media?parent=7270"}],"wp:term":[{"taxonomy":"category","embeddable":true,"href":"https:\/\/lax.fm\/portal\/wp-json\/wp\/v2\/categories?post=7270"},{"taxonomy":"post_tag","embeddable":true,"href":"https:\/\/lax.fm\/portal\/wp-json\/wp\/v2\/tags?post=7270"}],"curies":[{"name":"wp","href":"https:\/\/api.w.org\/{rel}","templated":true}]}}