{"id":7141,"date":"2026-03-23T16:48:48","date_gmt":"2026-03-23T20:48:48","guid":{"rendered":"https:\/\/lax.fm\/portal\/?p=7141"},"modified":"2026-03-23T16:49:15","modified_gmt":"2026-03-23T20:49:15","slug":"anuncian-nueva-funcion-de-chicago-el-musical-tras-exito-total-en-caguas","status":"publish","type":"post","link":"https:\/\/lax.fm\/portal\/comunicados\/anuncian-nueva-funcion-de-chicago-el-musical-tras-exito-total-en-caguas\/","title":{"rendered":"Anuncian nueva funci\u00f3n de Chicago El Musical tras \u00e9xito total en Caguas"},"content":{"rendered":"\n<p>Tras un fin de semana de funciones completamente vendidas a capacidad en Bellas Artes de Caguas, la Compa\u00f1\u00eda TAC anunci\u00f3 la apertura de una nueva funci\u00f3n de Chicago El Musical, el pr\u00f3ximo viernes, 27 de marzo de 2026.<\/p>\n\n\n\n<p>El regreso de este ic\u00f3nico musical a Puerto Rico, luego de m\u00e1s de 20 a\u00f1os, ha provocado una respuesta extraordinaria del p\u00fablico, consolid\u00e1ndose como uno de los eventos teatrales m\u00e1s importantes del a\u00f1o. Ante la alta demanda y el entusiasmo del p\u00fablico, la producci\u00f3n decidi\u00f3 habilitar esta funci\u00f3n adicional como la \u00faltima oportunidad para disfrutar del espect\u00e1culo en esta temporada.<\/p>\n\n\n\n<p>La puesta en escena cuenta con un elenco de primer nivel encabezado por Denise Qui\u00f1ones, Didi Romero, Marian Pab\u00f3n, Luis Ponce, V\u00edctor Santiago y Juli\u00e1n Gilormini, acompa\u00f1ados por un ensamble de m\u00e1s de 20 bailarines, cantantes y actores en escena.<\/p>\n\n\n\n<p>Bajo la direcci\u00f3n y producci\u00f3n de F\u00e9lix Jos\u00e9 Col\u00f3n, la regidur\u00eda de Jynelly Rosario, coreograf\u00edas de Danny Lugo, dise\u00f1o de imagen de Bryan Villarini y vestuario a cargo de Sanel Rivera y Lisa Thon, la producci\u00f3n presenta un montaje vistoso y de alto nivel, reafirmando la capacidad de la industria del teatro musical en Puerto Rico.<\/p>\n\n\n\n<p>\u201cLa respuesta del p\u00fablico ha sido simplemente extraordinaria. Esta nueva funci\u00f3n es nuestra manera de agradecerles y as\u00ed abrir otra oportunidad para quienes no lograron conseguir boletos. Chicago El Musical regres\u00f3 con fuerza y con un equipo que lo est\u00e1 dejando todo en escena\u201d, expres\u00f3 F\u00e9lix Jos\u00e9 Col\u00f3n, director y productor de la puesta.<\/p>\n\n\n\n<p>Los boletos para esta nueva funci\u00f3n estar\u00e1n disponibles desde ma\u00f1ana, martes, a trav\u00e9s de Ticketera y en la boleter\u00eda de Bellas Artes de Caguas.<\/p>\n","protected":false},"excerpt":{"rendered":"<p>Tras un fin de semana de funciones completamente vendidas a capacidad en Bellas Artes de Caguas, la Compa\u00f1\u00eda TAC anunci\u00f3 la apertura de una nueva funci\u00f3n de Chicago El Musical, el pr\u00f3ximo viernes, 27 de marzo de 2026.<\/p>\n<p>El regreso de este ic\u00f3nico musical a Puerto Rico, luego de m\u00e1s de 20 a\u00f1os, ha provocado una [&#8230;]<\/p>\n","protected":false},"author":56,"featured_media":7142,"comment_status":"open","ping_status":"open","sticky":false,"template":"","format":"standard","meta":{"_monsterinsights_skip_tracking":false,"_monsterinsights_sitenote_active":false,"_monsterinsights_sitenote_note":"","_monsterinsights_sitenote_category":0},"categories":[481],"tags":[820,1366],"yoast_head":"<!-- This site is optimized with the Yoast SEO plugin v18.2 - https:\/\/yoast.com\/wordpress\/plugins\/seo\/ -->\n<meta name=\"robots\" content=\"index, follow, max-snippet:-1, max-image-preview:large, max-video-preview:-1\" \/>\n<link rel=\"canonical\" href=\"https:\/\/lax.fm\/portal\/comunicados\/anuncian-nueva-funcion-de-chicago-el-musical-tras-exito-total-en-caguas\/\" \/>\n<meta property=\"og:locale\" content=\"en_US\" \/>\n<meta property=\"og:type\" content=\"article\" \/>\n<meta property=\"og:title\" content=\"Anuncian nueva funci\u00f3n de Chicago El Musical tras \u00e9xito total en Caguas - La-X - Gente con la m\u00fasica por dentro\" \/>\n<meta property=\"og:description\" content=\"Tras un fin de semana de funciones completamente vendidas a capacidad en Bellas Artes de Caguas, la Compa\u00f1\u00eda TAC anunci\u00f3 la apertura de una nueva funci\u00f3n de Chicago El Musical, el pr\u00f3ximo viernes, 27 de marzo de 2026.  El regreso de este ic\u00f3nico musical a Puerto Rico, luego de m\u00e1s de 20 a\u00f1os, ha provocado una [...]\" \/>\n<meta property=\"og:url\" content=\"https:\/\/lax.fm\/portal\/comunicados\/anuncian-nueva-funcion-de-chicago-el-musical-tras-exito-total-en-caguas\/\" \/>\n<meta property=\"og:site_name\" content=\"La-X - Gente con la m\u00fasica por dentro\" \/>\n<meta property=\"article:publisher\" content=\"http:\/\/www.facebook.com\/laxpr\" \/>\n<meta property=\"article:author\" content=\"http:\/\/www.facebook.com\/laxpr\" \/>\n<meta property=\"article:published_time\" content=\"2026-03-23T20:48:48+00:00\" \/>\n<meta property=\"article:modified_time\" content=\"2026-03-23T20:49:15+00:00\" \/>\n<meta property=\"og:image\" content=\"http:\/\/lax.fm\/portal\/wp-content\/uploads\/2026\/03\/chicago-al-musical.jpg\" \/>\n\t<meta property=\"og:image:width\" content=\"1000\" \/>\n\t<meta property=\"og:image:height\" content=\"500\" \/>\n\t<meta property=\"og:image:type\" content=\"image\/jpeg\" \/>\n<meta name=\"twitter:card\" content=\"summary\" \/>\n<meta name=\"twitter:creator\" content=\"@http:\/\/www.twitter.com\/laxpr\" \/>\n<meta name=\"twitter:site\" content=\"@laxpr\" \/>\n<meta name=\"twitter:label1\" content=\"Written by\" \/>\n\t<meta name=\"twitter:data1\" content=\"La X\" \/>\n\t<meta name=\"twitter:label2\" content=\"Est. reading time\" \/>\n\t<meta name=\"twitter:data2\" content=\"2 minutes\" \/>\n<script type=\"application\/ld+json\" class=\"yoast-schema-graph\">{\"@context\":\"https:\/\/schema.org\",\"@graph\":[{\"@type\":\"WebSite\",\"@id\":\"https:\/\/lax.fm\/portal\/#website\",\"url\":\"https:\/\/lax.fm\/portal\/\",\"name\":\"La-X - Gente con la m\u00fasica por dentro\",\"description\":\"Radio Visual\",\"potentialAction\":[{\"@type\":\"SearchAction\",\"target\":{\"@type\":\"EntryPoint\",\"urlTemplate\":\"https:\/\/lax.fm\/portal\/?s={search_term_string}\"},\"query-input\":\"required name=search_term_string\"}],\"inLanguage\":\"en-US\"},{\"@type\":\"ImageObject\",\"@id\":\"https:\/\/lax.fm\/portal\/comunicados\/anuncian-nueva-funcion-de-chicago-el-musical-tras-exito-total-en-caguas\/#primaryimage\",\"inLanguage\":\"en-US\",\"url\":\"https:\/\/lax.fm\/portal\/wp-content\/uploads\/2026\/03\/chicago-al-musical.jpg\",\"contentUrl\":\"https:\/\/lax.fm\/portal\/wp-content\/uploads\/2026\/03\/chicago-al-musical.jpg\",\"width\":1000,\"height\":500,\"caption\":\"Chicago El Musical\"},{\"@type\":\"WebPage\",\"@id\":\"https:\/\/lax.fm\/portal\/comunicados\/anuncian-nueva-funcion-de-chicago-el-musical-tras-exito-total-en-caguas\/#webpage\",\"url\":\"https:\/\/lax.fm\/portal\/comunicados\/anuncian-nueva-funcion-de-chicago-el-musical-tras-exito-total-en-caguas\/\",\"name\":\"Anuncian nueva funci\u00f3n de Chicago El Musical tras \u00e9xito total en Caguas - La-X - Gente con la m\u00fasica por dentro\",\"isPartOf\":{\"@id\":\"https:\/\/lax.fm\/portal\/#website\"},\"primaryImageOfPage\":{\"@id\":\"https:\/\/lax.fm\/portal\/comunicados\/anuncian-nueva-funcion-de-chicago-el-musical-tras-exito-total-en-caguas\/#primaryimage\"},\"datePublished\":\"2026-03-23T20:48:48+00:00\",\"dateModified\":\"2026-03-23T20:49:15+00:00\",\"author\":{\"@id\":\"https:\/\/lax.fm\/portal\/#\/schema\/person\/dffa89146b1fa98303668501e8ae48b8\"},\"breadcrumb\":{\"@id\":\"https:\/\/lax.fm\/portal\/comunicados\/anuncian-nueva-funcion-de-chicago-el-musical-tras-exito-total-en-caguas\/#breadcrumb\"},\"inLanguage\":\"en-US\",\"potentialAction\":[{\"@type\":\"ReadAction\",\"target\":[\"https:\/\/lax.fm\/portal\/comunicados\/anuncian-nueva-funcion-de-chicago-el-musical-tras-exito-total-en-caguas\/\"]}]},{\"@type\":\"BreadcrumbList\",\"@id\":\"https:\/\/lax.fm\/portal\/comunicados\/anuncian-nueva-funcion-de-chicago-el-musical-tras-exito-total-en-caguas\/#breadcrumb\",\"itemListElement\":[{\"@type\":\"ListItem\",\"position\":1,\"name\":\"Home\",\"item\":\"https:\/\/lax.fm\/portal\/\"},{\"@type\":\"ListItem\",\"position\":2,\"name\":\"Anuncian nueva funci\u00f3n de Chicago El Musical tras \u00e9xito total en Caguas\"}]},{\"@type\":\"Person\",\"@id\":\"https:\/\/lax.fm\/portal\/#\/schema\/person\/dffa89146b1fa98303668501e8ae48b8\",\"name\":\"La X\",\"image\":{\"@type\":\"ImageObject\",\"@id\":\"https:\/\/lax.fm\/portal\/#personlogo\",\"inLanguage\":\"en-US\",\"url\":\"https:\/\/secure.gravatar.com\/avatar\/bd4bc52f18ab67b6950c7667e82f4b83?s=96&d=mm&r=g\",\"contentUrl\":\"https:\/\/secure.gravatar.com\/avatar\/bd4bc52f18ab67b6950c7667e82f4b83?s=96&d=mm&r=g\",\"caption\":\"La X\"},\"sameAs\":[\"http:\/\/www.lax.fm\",\"http:\/\/www.facebook.com\/laxpr\",\"https:\/\/twitter.com\/http:\/\/www.twitter.com\/laxpr\"],\"url\":\"https:\/\/lax.fm\/portal\/author\/la-x\/\"}]}<\/script>\n<!-- \/ Yoast SEO plugin. -->","yoast_head_json":{"robots":{"index":"index","follow":"follow","max-snippet":"max-snippet:-1","max-image-preview":"max-image-preview:large","max-video-preview":"max-video-preview:-1"},"canonical":"https:\/\/lax.fm\/portal\/comunicados\/anuncian-nueva-funcion-de-chicago-el-musical-tras-exito-total-en-caguas\/","og_locale":"en_US","og_type":"article","og_title":"Anuncian nueva funci\u00f3n de Chicago El Musical tras \u00e9xito total en Caguas - La-X - Gente con la m\u00fasica por dentro","og_description":"Tras un fin de semana de funciones completamente vendidas a capacidad en Bellas Artes de Caguas, la Compa\u00f1\u00eda TAC anunci\u00f3 la apertura de una nueva funci\u00f3n de Chicago El Musical, el pr\u00f3ximo viernes, 27 de marzo de 2026.  El regreso de este ic\u00f3nico musical a Puerto Rico, luego de m\u00e1s de 20 a\u00f1os, ha provocado una [...]","og_url":"https:\/\/lax.fm\/portal\/comunicados\/anuncian-nueva-funcion-de-chicago-el-musical-tras-exito-total-en-caguas\/","og_site_name":"La-X - Gente con la m\u00fasica por dentro","article_publisher":"http:\/\/www.facebook.com\/laxpr","article_author":"http:\/\/www.facebook.com\/laxpr","article_published_time":"2026-03-23T20:48:48+00:00","article_modified_time":"2026-03-23T20:49:15+00:00","og_image":[{"width":1000,"height":500,"url":"http:\/\/lax.fm\/portal\/wp-content\/uploads\/2026\/03\/chicago-al-musical.jpg","type":"image\/jpeg"}],"twitter_card":"summary","twitter_creator":"@http:\/\/www.twitter.com\/laxpr","twitter_site":"@laxpr","twitter_misc":{"Written by":"La X","Est. reading time":"2 minutes"},"schema":{"@context":"https:\/\/schema.org","@graph":[{"@type":"WebSite","@id":"https:\/\/lax.fm\/portal\/#website","url":"https:\/\/lax.fm\/portal\/","name":"La-X - Gente con la m\u00fasica por dentro","description":"Radio Visual","potentialAction":[{"@type":"SearchAction","target":{"@type":"EntryPoint","urlTemplate":"https:\/\/lax.fm\/portal\/?s={search_term_string}"},"query-input":"required name=search_term_string"}],"inLanguage":"en-US"},{"@type":"ImageObject","@id":"https:\/\/lax.fm\/portal\/comunicados\/anuncian-nueva-funcion-de-chicago-el-musical-tras-exito-total-en-caguas\/#primaryimage","inLanguage":"en-US","url":"https:\/\/lax.fm\/portal\/wp-content\/uploads\/2026\/03\/chicago-al-musical.jpg","contentUrl":"https:\/\/lax.fm\/portal\/wp-content\/uploads\/2026\/03\/chicago-al-musical.jpg","width":1000,"height":500,"caption":"Chicago El Musical"},{"@type":"WebPage","@id":"https:\/\/lax.fm\/portal\/comunicados\/anuncian-nueva-funcion-de-chicago-el-musical-tras-exito-total-en-caguas\/#webpage","url":"https:\/\/lax.fm\/portal\/comunicados\/anuncian-nueva-funcion-de-chicago-el-musical-tras-exito-total-en-caguas\/","name":"Anuncian nueva funci\u00f3n de Chicago El Musical tras \u00e9xito total en Caguas - La-X - Gente con la m\u00fasica por dentro","isPartOf":{"@id":"https:\/\/lax.fm\/portal\/#website"},"primaryImageOfPage":{"@id":"https:\/\/lax.fm\/portal\/comunicados\/anuncian-nueva-funcion-de-chicago-el-musical-tras-exito-total-en-caguas\/#primaryimage"},"datePublished":"2026-03-23T20:48:48+00:00","dateModified":"2026-03-23T20:49:15+00:00","author":{"@id":"https:\/\/lax.fm\/portal\/#\/schema\/person\/dffa89146b1fa98303668501e8ae48b8"},"breadcrumb":{"@id":"https:\/\/lax.fm\/portal\/comunicados\/anuncian-nueva-funcion-de-chicago-el-musical-tras-exito-total-en-caguas\/#breadcrumb"},"inLanguage":"en-US","potentialAction":[{"@type":"ReadAction","target":["https:\/\/lax.fm\/portal\/comunicados\/anuncian-nueva-funcion-de-chicago-el-musical-tras-exito-total-en-caguas\/"]}]},{"@type":"BreadcrumbList","@id":"https:\/\/lax.fm\/portal\/comunicados\/anuncian-nueva-funcion-de-chicago-el-musical-tras-exito-total-en-caguas\/#breadcrumb","itemListElement":[{"@type":"ListItem","position":1,"name":"Home","item":"https:\/\/lax.fm\/portal\/"},{"@type":"ListItem","position":2,"name":"Anuncian nueva funci\u00f3n de Chicago El Musical tras \u00e9xito total en Caguas"}]},{"@type":"Person","@id":"https:\/\/lax.fm\/portal\/#\/schema\/person\/dffa89146b1fa98303668501e8ae48b8","name":"La X","image":{"@type":"ImageObject","@id":"https:\/\/lax.fm\/portal\/#personlogo","inLanguage":"en-US","url":"https:\/\/secure.gravatar.com\/avatar\/bd4bc52f18ab67b6950c7667e82f4b83?s=96&d=mm&r=g","contentUrl":"https:\/\/secure.gravatar.com\/avatar\/bd4bc52f18ab67b6950c7667e82f4b83?s=96&d=mm&r=g","caption":"La X"},"sameAs":["http:\/\/www.lax.fm","http:\/\/www.facebook.com\/laxpr","https:\/\/twitter.com\/http:\/\/www.twitter.com\/laxpr"],"url":"https:\/\/lax.fm\/portal\/author\/la-x\/"}]}},"_links":{"self":[{"href":"https:\/\/lax.fm\/portal\/wp-json\/wp\/v2\/posts\/7141"}],"collection":[{"href":"https:\/\/lax.fm\/portal\/wp-json\/wp\/v2\/posts"}],"about":[{"href":"https:\/\/lax.fm\/portal\/wp-json\/wp\/v2\/types\/post"}],"author":[{"embeddable":true,"href":"https:\/\/lax.fm\/portal\/wp-json\/wp\/v2\/users\/56"}],"replies":[{"embeddable":true,"href":"https:\/\/lax.fm\/portal\/wp-json\/wp\/v2\/comments?post=7141"}],"version-history":[{"count":1,"href":"https:\/\/lax.fm\/portal\/wp-json\/wp\/v2\/posts\/7141\/revisions"}],"predecessor-version":[{"id":7143,"href":"https:\/\/lax.fm\/portal\/wp-json\/wp\/v2\/posts\/7141\/revisions\/7143"}],"wp:featuredmedia":[{"embeddable":true,"href":"https:\/\/lax.fm\/portal\/wp-json\/wp\/v2\/media\/7142"}],"wp:attachment":[{"href":"https:\/\/lax.fm\/portal\/wp-json\/wp\/v2\/media?parent=7141"}],"wp:term":[{"taxonomy":"category","embeddable":true,"href":"https:\/\/lax.fm\/portal\/wp-json\/wp\/v2\/categories?post=7141"},{"taxonomy":"post_tag","embeddable":true,"href":"https:\/\/lax.fm\/portal\/wp-json\/wp\/v2\/tags?post=7141"}],"curies":[{"name":"wp","href":"https:\/\/api.w.org\/{rel}","templated":true}]}}