{"id":704,"date":"2013-03-18T17:49:04","date_gmt":"2013-03-18T21:49:04","guid":{"rendered":"http:\/\/lax.fm\/portal\/?p=704"},"modified":"2013-03-18T17:49:04","modified_gmt":"2013-03-18T21:49:04","slug":"joey-colon-un-locutor-no-vidente-enfiebrao-con-twitter","status":"publish","type":"post","link":"https:\/\/lax.fm\/portal\/prensa\/joey-colon-un-locutor-no-vidente-enfiebrao-con-twitter\/","title":{"rendered":"Joey Col\u00f3n, un locutor no vidente enfiebra\u2019o con Twitter"},"content":{"rendered":"<p><strong>Joey Col\u00f3n<\/strong> habla sobre su fiebre con <strong>Twitter<\/strong> y confiesa que \u00a0<strong>Siri<\/strong>, podr\u00eda ser mucho m\u00e1s que una simple asistente personal de un tel\u00e9fono m\u00f3vil. Busca hoy en la web de Primer Hora la historia completa.<\/p>\n<p><a title=\"Lee aqu\u00ed el art\u00edculo\" href=\"http:\/\/www.primerahora.com\/tecnologia\/nota\/joeycolonunlocutornovidenteenfiebraocontwitter-videoyfotos-903290\/\" target=\"_blank\">Lee aqu\u00ed el art\u00edculo<\/a>\u00a0en la <a title=\"edici\u00f3n web de Primera Hora\" href=\"http:\/\/www.primerahora.com\/tecnologia\/nota\/joeycolonunlocutornovidenteenfiebraocontwitter-videoyfotos-903290\/\" target=\"_blank\">edici\u00f3n web\u00a0de Primera Hora<\/a><\/p>\n<p>***Foto tomada por David Villafa\u00f1e de GFR MEDIA<\/p>\n<p>&nbsp;<\/p>\n","protected":false},"excerpt":{"rendered":"<p>Joey Col\u00f3n habla sobre su fiebre con Twitter y confiesa que \u00a0Siri, podr\u00eda ser mucho m\u00e1s que una simple asistente personal de un tel\u00e9fono m\u00f3vil. Busca hoy en la web de Primer Hora la historia completa.<br \/>\nLee aqu\u00ed el art\u00edculo\u00a0en la edici\u00f3n web\u00a0de Primera Hora<br \/>\n***Foto tomada por David Villafa\u00f1e de GFR MEDIA<br \/>\n&nbsp;<\/p>\n","protected":false},"author":55,"featured_media":705,"comment_status":"open","ping_status":"open","sticky":false,"template":"","format":"standard","meta":{"_monsterinsights_skip_tracking":false,"_monsterinsights_sitenote_active":false,"_monsterinsights_sitenote_note":"","_monsterinsights_sitenote_category":0},"categories":[38],"tags":[],"yoast_head":"<!-- This site is optimized with the Yoast SEO plugin v18.2 - https:\/\/yoast.com\/wordpress\/plugins\/seo\/ -->\n<meta name=\"robots\" content=\"index, follow, max-snippet:-1, max-image-preview:large, max-video-preview:-1\" \/>\n<link rel=\"canonical\" href=\"https:\/\/lax.fm\/portal\/prensa\/joey-colon-un-locutor-no-vidente-enfiebrao-con-twitter\/\" \/>\n<meta property=\"og:locale\" content=\"en_US\" \/>\n<meta property=\"og:type\" content=\"article\" \/>\n<meta property=\"og:title\" content=\"Joey Col\u00f3n, un locutor no vidente enfiebra\u2019o con Twitter - La-X - Gente con la m\u00fasica por dentro\" \/>\n<meta property=\"og:description\" content=\"Joey Col\u00f3n habla sobre su fiebre con Twitter y confiesa que \u00a0Siri, podr\u00eda ser mucho m\u00e1s que una simple asistente personal de un tel\u00e9fono m\u00f3vil. Busca hoy en la web de Primer Hora la historia completa. Lee aqu\u00ed el art\u00edculo\u00a0en la edici\u00f3n web\u00a0de Primera Hora ***Foto tomada por David Villafa\u00f1e de GFR MEDIA &nbsp;\" \/>\n<meta property=\"og:url\" content=\"https:\/\/lax.fm\/portal\/prensa\/joey-colon-un-locutor-no-vidente-enfiebrao-con-twitter\/\" \/>\n<meta property=\"og:site_name\" content=\"La-X - Gente con la m\u00fasica por dentro\" \/>\n<meta property=\"article:publisher\" content=\"http:\/\/www.facebook.com\/laxpr\" \/>\n<meta property=\"article:published_time\" content=\"2013-03-18T21:49:04+00:00\" \/>\n<meta property=\"og:image\" content=\"https:\/\/lax.fm\/portal\/wp-content\/uploads\/2013\/03\/2joey-colon-14313.jpg_thumbnail0.jpg\" \/>\n\t<meta property=\"og:image:width\" content=\"615\" \/>\n\t<meta property=\"og:image:height\" content=\"304\" \/>\n\t<meta property=\"og:image:type\" content=\"image\/jpeg\" \/>\n<meta name=\"twitter:card\" content=\"summary\" \/>\n<meta name=\"twitter:creator\" content=\"@laxpr\" \/>\n<meta name=\"twitter:site\" content=\"@laxpr\" \/>\n<meta name=\"twitter:label1\" content=\"Written by\" \/>\n\t<meta name=\"twitter:data1\" content=\"Sacha Mayoral\" \/>\n<script type=\"application\/ld+json\" class=\"yoast-schema-graph\">{\"@context\":\"https:\/\/schema.org\",\"@graph\":[{\"@type\":\"WebSite\",\"@id\":\"https:\/\/lax.fm\/portal\/#website\",\"url\":\"https:\/\/lax.fm\/portal\/\",\"name\":\"La-X - Gente con la m\u00fasica por dentro\",\"description\":\"Radio Visual\",\"potentialAction\":[{\"@type\":\"SearchAction\",\"target\":{\"@type\":\"EntryPoint\",\"urlTemplate\":\"https:\/\/lax.fm\/portal\/?s={search_term_string}\"},\"query-input\":\"required name=search_term_string\"}],\"inLanguage\":\"en-US\"},{\"@type\":\"ImageObject\",\"@id\":\"https:\/\/lax.fm\/portal\/prensa\/joey-colon-un-locutor-no-vidente-enfiebrao-con-twitter\/#primaryimage\",\"inLanguage\":\"en-US\",\"url\":\"https:\/\/lax.fm\/portal\/wp-content\/uploads\/2013\/03\/2joey-colon-14313.jpg_thumbnail0.jpg\",\"contentUrl\":\"https:\/\/lax.fm\/portal\/wp-content\/uploads\/2013\/03\/2joey-colon-14313.jpg_thumbnail0.jpg\",\"width\":615,\"height\":304,\"caption\":\"Foto por David Villafa\u00f1e GFR Media\"},{\"@type\":\"WebPage\",\"@id\":\"https:\/\/lax.fm\/portal\/prensa\/joey-colon-un-locutor-no-vidente-enfiebrao-con-twitter\/#webpage\",\"url\":\"https:\/\/lax.fm\/portal\/prensa\/joey-colon-un-locutor-no-vidente-enfiebrao-con-twitter\/\",\"name\":\"Joey Col\u00f3n, un locutor no vidente enfiebra\u2019o con Twitter - La-X - Gente con la m\u00fasica por dentro\",\"isPartOf\":{\"@id\":\"https:\/\/lax.fm\/portal\/#website\"},\"primaryImageOfPage\":{\"@id\":\"https:\/\/lax.fm\/portal\/prensa\/joey-colon-un-locutor-no-vidente-enfiebrao-con-twitter\/#primaryimage\"},\"datePublished\":\"2013-03-18T21:49:04+00:00\",\"dateModified\":\"2013-03-18T21:49:04+00:00\",\"author\":{\"@id\":\"https:\/\/lax.fm\/portal\/#\/schema\/person\/f3999163f952545505c3ff8b197fa8f3\"},\"breadcrumb\":{\"@id\":\"https:\/\/lax.fm\/portal\/prensa\/joey-colon-un-locutor-no-vidente-enfiebrao-con-twitter\/#breadcrumb\"},\"inLanguage\":\"en-US\",\"potentialAction\":[{\"@type\":\"ReadAction\",\"target\":[\"https:\/\/lax.fm\/portal\/prensa\/joey-colon-un-locutor-no-vidente-enfiebrao-con-twitter\/\"]}]},{\"@type\":\"BreadcrumbList\",\"@id\":\"https:\/\/lax.fm\/portal\/prensa\/joey-colon-un-locutor-no-vidente-enfiebrao-con-twitter\/#breadcrumb\",\"itemListElement\":[{\"@type\":\"ListItem\",\"position\":1,\"name\":\"Home\",\"item\":\"https:\/\/lax.fm\/portal\/\"},{\"@type\":\"ListItem\",\"position\":2,\"name\":\"Joey Col\u00f3n, un locutor no vidente enfiebra\u2019o con Twitter\"}]},{\"@type\":\"Person\",\"@id\":\"https:\/\/lax.fm\/portal\/#\/schema\/person\/f3999163f952545505c3ff8b197fa8f3\",\"name\":\"Sacha Mayoral\",\"image\":{\"@type\":\"ImageObject\",\"@id\":\"https:\/\/lax.fm\/portal\/#personlogo\",\"inLanguage\":\"en-US\",\"url\":\"https:\/\/secure.gravatar.com\/avatar\/8162e3ef52d3f10d8ebf4b4d1dea61d0?s=96&d=mm&r=g\",\"contentUrl\":\"https:\/\/secure.gravatar.com\/avatar\/8162e3ef52d3f10d8ebf4b4d1dea61d0?s=96&d=mm&r=g\",\"caption\":\"Sacha Mayoral\"},\"url\":\"https:\/\/lax.fm\/portal\/author\/sachamayoral\/\"}]}<\/script>\n<!-- \/ Yoast SEO plugin. -->","yoast_head_json":{"robots":{"index":"index","follow":"follow","max-snippet":"max-snippet:-1","max-image-preview":"max-image-preview:large","max-video-preview":"max-video-preview:-1"},"canonical":"https:\/\/lax.fm\/portal\/prensa\/joey-colon-un-locutor-no-vidente-enfiebrao-con-twitter\/","og_locale":"en_US","og_type":"article","og_title":"Joey Col\u00f3n, un locutor no vidente enfiebra\u2019o con Twitter - La-X - Gente con la m\u00fasica por dentro","og_description":"Joey Col\u00f3n habla sobre su fiebre con Twitter y confiesa que \u00a0Siri, podr\u00eda ser mucho m\u00e1s que una simple asistente personal de un tel\u00e9fono m\u00f3vil. Busca hoy en la web de Primer Hora la historia completa. Lee aqu\u00ed el art\u00edculo\u00a0en la edici\u00f3n web\u00a0de Primera Hora ***Foto tomada por David Villafa\u00f1e de GFR MEDIA &nbsp;","og_url":"https:\/\/lax.fm\/portal\/prensa\/joey-colon-un-locutor-no-vidente-enfiebrao-con-twitter\/","og_site_name":"La-X - Gente con la m\u00fasica por dentro","article_publisher":"http:\/\/www.facebook.com\/laxpr","article_published_time":"2013-03-18T21:49:04+00:00","og_image":[{"width":615,"height":304,"url":"https:\/\/lax.fm\/portal\/wp-content\/uploads\/2013\/03\/2joey-colon-14313.jpg_thumbnail0.jpg","type":"image\/jpeg"}],"twitter_card":"summary","twitter_creator":"@laxpr","twitter_site":"@laxpr","twitter_misc":{"Written by":"Sacha Mayoral"},"schema":{"@context":"https:\/\/schema.org","@graph":[{"@type":"WebSite","@id":"https:\/\/lax.fm\/portal\/#website","url":"https:\/\/lax.fm\/portal\/","name":"La-X - Gente con la m\u00fasica por dentro","description":"Radio Visual","potentialAction":[{"@type":"SearchAction","target":{"@type":"EntryPoint","urlTemplate":"https:\/\/lax.fm\/portal\/?s={search_term_string}"},"query-input":"required name=search_term_string"}],"inLanguage":"en-US"},{"@type":"ImageObject","@id":"https:\/\/lax.fm\/portal\/prensa\/joey-colon-un-locutor-no-vidente-enfiebrao-con-twitter\/#primaryimage","inLanguage":"en-US","url":"https:\/\/lax.fm\/portal\/wp-content\/uploads\/2013\/03\/2joey-colon-14313.jpg_thumbnail0.jpg","contentUrl":"https:\/\/lax.fm\/portal\/wp-content\/uploads\/2013\/03\/2joey-colon-14313.jpg_thumbnail0.jpg","width":615,"height":304,"caption":"Foto por David Villafa\u00f1e GFR Media"},{"@type":"WebPage","@id":"https:\/\/lax.fm\/portal\/prensa\/joey-colon-un-locutor-no-vidente-enfiebrao-con-twitter\/#webpage","url":"https:\/\/lax.fm\/portal\/prensa\/joey-colon-un-locutor-no-vidente-enfiebrao-con-twitter\/","name":"Joey Col\u00f3n, un locutor no vidente enfiebra\u2019o con Twitter - La-X - Gente con la m\u00fasica por dentro","isPartOf":{"@id":"https:\/\/lax.fm\/portal\/#website"},"primaryImageOfPage":{"@id":"https:\/\/lax.fm\/portal\/prensa\/joey-colon-un-locutor-no-vidente-enfiebrao-con-twitter\/#primaryimage"},"datePublished":"2013-03-18T21:49:04+00:00","dateModified":"2013-03-18T21:49:04+00:00","author":{"@id":"https:\/\/lax.fm\/portal\/#\/schema\/person\/f3999163f952545505c3ff8b197fa8f3"},"breadcrumb":{"@id":"https:\/\/lax.fm\/portal\/prensa\/joey-colon-un-locutor-no-vidente-enfiebrao-con-twitter\/#breadcrumb"},"inLanguage":"en-US","potentialAction":[{"@type":"ReadAction","target":["https:\/\/lax.fm\/portal\/prensa\/joey-colon-un-locutor-no-vidente-enfiebrao-con-twitter\/"]}]},{"@type":"BreadcrumbList","@id":"https:\/\/lax.fm\/portal\/prensa\/joey-colon-un-locutor-no-vidente-enfiebrao-con-twitter\/#breadcrumb","itemListElement":[{"@type":"ListItem","position":1,"name":"Home","item":"https:\/\/lax.fm\/portal\/"},{"@type":"ListItem","position":2,"name":"Joey Col\u00f3n, un locutor no vidente enfiebra\u2019o con Twitter"}]},{"@type":"Person","@id":"https:\/\/lax.fm\/portal\/#\/schema\/person\/f3999163f952545505c3ff8b197fa8f3","name":"Sacha Mayoral","image":{"@type":"ImageObject","@id":"https:\/\/lax.fm\/portal\/#personlogo","inLanguage":"en-US","url":"https:\/\/secure.gravatar.com\/avatar\/8162e3ef52d3f10d8ebf4b4d1dea61d0?s=96&d=mm&r=g","contentUrl":"https:\/\/secure.gravatar.com\/avatar\/8162e3ef52d3f10d8ebf4b4d1dea61d0?s=96&d=mm&r=g","caption":"Sacha Mayoral"},"url":"https:\/\/lax.fm\/portal\/author\/sachamayoral\/"}]}},"_links":{"self":[{"href":"https:\/\/lax.fm\/portal\/wp-json\/wp\/v2\/posts\/704"}],"collection":[{"href":"https:\/\/lax.fm\/portal\/wp-json\/wp\/v2\/posts"}],"about":[{"href":"https:\/\/lax.fm\/portal\/wp-json\/wp\/v2\/types\/post"}],"author":[{"embeddable":true,"href":"https:\/\/lax.fm\/portal\/wp-json\/wp\/v2\/users\/55"}],"replies":[{"embeddable":true,"href":"https:\/\/lax.fm\/portal\/wp-json\/wp\/v2\/comments?post=704"}],"version-history":[{"count":3,"href":"https:\/\/lax.fm\/portal\/wp-json\/wp\/v2\/posts\/704\/revisions"}],"predecessor-version":[{"id":708,"href":"https:\/\/lax.fm\/portal\/wp-json\/wp\/v2\/posts\/704\/revisions\/708"}],"wp:featuredmedia":[{"embeddable":true,"href":"https:\/\/lax.fm\/portal\/wp-json\/wp\/v2\/media\/705"}],"wp:attachment":[{"href":"https:\/\/lax.fm\/portal\/wp-json\/wp\/v2\/media?parent=704"}],"wp:term":[{"taxonomy":"category","embeddable":true,"href":"https:\/\/lax.fm\/portal\/wp-json\/wp\/v2\/categories?post=704"},{"taxonomy":"post_tag","embeddable":true,"href":"https:\/\/lax.fm\/portal\/wp-json\/wp\/v2\/tags?post=704"}],"curies":[{"name":"wp","href":"https:\/\/api.w.org\/{rel}","templated":true}]}}