{"id":6988,"date":"2025-12-15T17:05:48","date_gmt":"2025-12-15T21:05:48","guid":{"rendered":"https:\/\/lax.fm\/portal\/?p=6988"},"modified":"2025-12-15T17:06:24","modified_gmt":"2025-12-15T21:06:24","slug":"rauw-alejandro-ofrece-concierto-gratis-en-republica-dominicana","status":"publish","type":"post","link":"https:\/\/lax.fm\/portal\/comunicados\/rauw-alejandro-ofrece-concierto-gratis-en-republica-dominicana\/","title":{"rendered":"Rauw Alejandro ofrece concierto gratis en Rep\u00fablica Dominicana"},"content":{"rendered":"\n<p>El pasado&nbsp;<strong>13 de diciembre<\/strong>,&nbsp;<strong><a href=\"https:\/\/www.instagram.com\/rauwalejandro\/\" target=\"_blank\" rel=\"noreferrer noopener\">Rauw Alejandro<\/a><\/strong>&nbsp;sorprendi\u00f3 a sus fans con una noche caribe\u00f1a&nbsp;<strong>totalmente gratuita&nbsp;<\/strong>en el Parque Eugenio Mar\u00eda de Hostos, en&nbsp;<strong>Rep\u00fablica Dominicana<\/strong>, logrando que m\u00e1s de 30,000 asistentes bailaran al ritmo del son caribe\u00f1o.<\/p>\n\n\n\n<p>El evento cont\u00f3 con la participaci\u00f3n de artistas invitados como To\u00f1o Rosario, Wilfrido Vargas, NTG, Dalvin La Melod\u00eda, YK It\u2019s Junaa, J Noa, Jezzy, Jey One y Saso, celebrando la diversidad y la fuerza de la m\u00fasica caribe\u00f1a. La noche se elev\u00f3 a\u00fan m\u00e1s con la presentaci\u00f3n sorpresa de Clarent, provocando una reacci\u00f3n inmediata del p\u00fablico.<\/p>\n","protected":false},"excerpt":{"rendered":"<p>El pasado&nbsp;13 de diciembre,&nbsp;Rauw Alejandro&nbsp;sorprendi\u00f3 a sus fans con una noche caribe\u00f1a&nbsp;totalmente gratuita&nbsp;en el Parque Eugenio Mar\u00eda de Hostos, en&nbsp;Rep\u00fablica Dominicana, logrando que m\u00e1s de 30,000 asistentes bailaran al ritmo del son caribe\u00f1o.<\/p>\n<p>El evento cont\u00f3 con la participaci\u00f3n de artistas invitados como To\u00f1o Rosario, Wilfrido Vargas, NTG, Dalvin La Melod\u00eda, YK It\u2019s Junaa, J Noa, [&#8230;]<\/p>\n","protected":false},"author":56,"featured_media":6989,"comment_status":"open","ping_status":"open","sticky":false,"template":"","format":"standard","meta":{"_monsterinsights_skip_tracking":false,"_monsterinsights_sitenote_active":false,"_monsterinsights_sitenote_note":"","_monsterinsights_sitenote_category":0},"categories":[481],"tags":[820,438],"yoast_head":"<!-- This site is optimized with the Yoast SEO plugin v18.2 - https:\/\/yoast.com\/wordpress\/plugins\/seo\/ -->\n<meta name=\"robots\" content=\"index, follow, max-snippet:-1, max-image-preview:large, max-video-preview:-1\" \/>\n<link rel=\"canonical\" href=\"https:\/\/lax.fm\/portal\/comunicados\/rauw-alejandro-ofrece-concierto-gratis-en-republica-dominicana\/\" \/>\n<meta property=\"og:locale\" content=\"en_US\" \/>\n<meta property=\"og:type\" content=\"article\" \/>\n<meta property=\"og:title\" content=\"Rauw Alejandro ofrece concierto gratis en Rep\u00fablica Dominicana - La-X - Gente con la m\u00fasica por dentro\" \/>\n<meta property=\"og:description\" content=\"El pasado&nbsp;13 de diciembre,&nbsp;Rauw Alejandro&nbsp;sorprendi\u00f3 a sus fans con una noche caribe\u00f1a&nbsp;totalmente gratuita&nbsp;en el Parque Eugenio Mar\u00eda de Hostos, en&nbsp;Rep\u00fablica Dominicana, logrando que m\u00e1s de 30,000 asistentes bailaran al ritmo del son caribe\u00f1o.  El evento cont\u00f3 con la participaci\u00f3n de artistas invitados como To\u00f1o Rosario, Wilfrido Vargas, NTG, Dalvin La Melod\u00eda, YK It\u2019s Junaa, J Noa, [...]\" \/>\n<meta property=\"og:url\" content=\"https:\/\/lax.fm\/portal\/comunicados\/rauw-alejandro-ofrece-concierto-gratis-en-republica-dominicana\/\" \/>\n<meta property=\"og:site_name\" content=\"La-X - Gente con la m\u00fasica por dentro\" \/>\n<meta property=\"article:publisher\" content=\"http:\/\/www.facebook.com\/laxpr\" \/>\n<meta property=\"article:author\" content=\"http:\/\/www.facebook.com\/laxpr\" \/>\n<meta property=\"article:published_time\" content=\"2025-12-15T21:05:48+00:00\" \/>\n<meta property=\"article:modified_time\" content=\"2025-12-15T21:06:24+00:00\" \/>\n<meta property=\"og:image\" content=\"http:\/\/lax.fm\/portal\/wp-content\/uploads\/2025\/12\/rauw-alejandro-RD.jpg\" \/>\n\t<meta property=\"og:image:width\" content=\"1000\" \/>\n\t<meta property=\"og:image:height\" content=\"500\" \/>\n\t<meta property=\"og:image:type\" content=\"image\/jpeg\" \/>\n<meta name=\"twitter:card\" content=\"summary\" \/>\n<meta name=\"twitter:creator\" content=\"@http:\/\/www.twitter.com\/laxpr\" \/>\n<meta name=\"twitter:site\" content=\"@laxpr\" \/>\n<meta name=\"twitter:label1\" content=\"Written by\" \/>\n\t<meta name=\"twitter:data1\" content=\"La X\" \/>\n\t<meta name=\"twitter:label2\" content=\"Est. reading time\" \/>\n\t<meta name=\"twitter:data2\" content=\"1 minute\" \/>\n<script type=\"application\/ld+json\" class=\"yoast-schema-graph\">{\"@context\":\"https:\/\/schema.org\",\"@graph\":[{\"@type\":\"WebSite\",\"@id\":\"https:\/\/lax.fm\/portal\/#website\",\"url\":\"https:\/\/lax.fm\/portal\/\",\"name\":\"La-X - Gente con la m\u00fasica por dentro\",\"description\":\"Radio Visual\",\"potentialAction\":[{\"@type\":\"SearchAction\",\"target\":{\"@type\":\"EntryPoint\",\"urlTemplate\":\"https:\/\/lax.fm\/portal\/?s={search_term_string}\"},\"query-input\":\"required name=search_term_string\"}],\"inLanguage\":\"en-US\"},{\"@type\":\"ImageObject\",\"@id\":\"https:\/\/lax.fm\/portal\/comunicados\/rauw-alejandro-ofrece-concierto-gratis-en-republica-dominicana\/#primaryimage\",\"inLanguage\":\"en-US\",\"url\":\"https:\/\/lax.fm\/portal\/wp-content\/uploads\/2025\/12\/rauw-alejandro-RD.jpg\",\"contentUrl\":\"https:\/\/lax.fm\/portal\/wp-content\/uploads\/2025\/12\/rauw-alejandro-RD.jpg\",\"width\":1000,\"height\":500},{\"@type\":\"WebPage\",\"@id\":\"https:\/\/lax.fm\/portal\/comunicados\/rauw-alejandro-ofrece-concierto-gratis-en-republica-dominicana\/#webpage\",\"url\":\"https:\/\/lax.fm\/portal\/comunicados\/rauw-alejandro-ofrece-concierto-gratis-en-republica-dominicana\/\",\"name\":\"Rauw Alejandro ofrece concierto gratis en Rep\u00fablica Dominicana - La-X - Gente con la m\u00fasica por dentro\",\"isPartOf\":{\"@id\":\"https:\/\/lax.fm\/portal\/#website\"},\"primaryImageOfPage\":{\"@id\":\"https:\/\/lax.fm\/portal\/comunicados\/rauw-alejandro-ofrece-concierto-gratis-en-republica-dominicana\/#primaryimage\"},\"datePublished\":\"2025-12-15T21:05:48+00:00\",\"dateModified\":\"2025-12-15T21:06:24+00:00\",\"author\":{\"@id\":\"https:\/\/lax.fm\/portal\/#\/schema\/person\/dffa89146b1fa98303668501e8ae48b8\"},\"breadcrumb\":{\"@id\":\"https:\/\/lax.fm\/portal\/comunicados\/rauw-alejandro-ofrece-concierto-gratis-en-republica-dominicana\/#breadcrumb\"},\"inLanguage\":\"en-US\",\"potentialAction\":[{\"@type\":\"ReadAction\",\"target\":[\"https:\/\/lax.fm\/portal\/comunicados\/rauw-alejandro-ofrece-concierto-gratis-en-republica-dominicana\/\"]}]},{\"@type\":\"BreadcrumbList\",\"@id\":\"https:\/\/lax.fm\/portal\/comunicados\/rauw-alejandro-ofrece-concierto-gratis-en-republica-dominicana\/#breadcrumb\",\"itemListElement\":[{\"@type\":\"ListItem\",\"position\":1,\"name\":\"Home\",\"item\":\"https:\/\/lax.fm\/portal\/\"},{\"@type\":\"ListItem\",\"position\":2,\"name\":\"Rauw Alejandro ofrece concierto gratis en Rep\u00fablica Dominicana\"}]},{\"@type\":\"Person\",\"@id\":\"https:\/\/lax.fm\/portal\/#\/schema\/person\/dffa89146b1fa98303668501e8ae48b8\",\"name\":\"La X\",\"image\":{\"@type\":\"ImageObject\",\"@id\":\"https:\/\/lax.fm\/portal\/#personlogo\",\"inLanguage\":\"en-US\",\"url\":\"https:\/\/secure.gravatar.com\/avatar\/bd4bc52f18ab67b6950c7667e82f4b83?s=96&d=mm&r=g\",\"contentUrl\":\"https:\/\/secure.gravatar.com\/avatar\/bd4bc52f18ab67b6950c7667e82f4b83?s=96&d=mm&r=g\",\"caption\":\"La X\"},\"sameAs\":[\"http:\/\/www.lax.fm\",\"http:\/\/www.facebook.com\/laxpr\",\"https:\/\/twitter.com\/http:\/\/www.twitter.com\/laxpr\"],\"url\":\"https:\/\/lax.fm\/portal\/author\/la-x\/\"}]}<\/script>\n<!-- \/ Yoast SEO plugin. -->","yoast_head_json":{"robots":{"index":"index","follow":"follow","max-snippet":"max-snippet:-1","max-image-preview":"max-image-preview:large","max-video-preview":"max-video-preview:-1"},"canonical":"https:\/\/lax.fm\/portal\/comunicados\/rauw-alejandro-ofrece-concierto-gratis-en-republica-dominicana\/","og_locale":"en_US","og_type":"article","og_title":"Rauw Alejandro ofrece concierto gratis en Rep\u00fablica Dominicana - La-X - Gente con la m\u00fasica por dentro","og_description":"El pasado&nbsp;13 de diciembre,&nbsp;Rauw Alejandro&nbsp;sorprendi\u00f3 a sus fans con una noche caribe\u00f1a&nbsp;totalmente gratuita&nbsp;en el Parque Eugenio Mar\u00eda de Hostos, en&nbsp;Rep\u00fablica Dominicana, logrando que m\u00e1s de 30,000 asistentes bailaran al ritmo del son caribe\u00f1o.  El evento cont\u00f3 con la participaci\u00f3n de artistas invitados como To\u00f1o Rosario, Wilfrido Vargas, NTG, Dalvin La Melod\u00eda, YK It\u2019s Junaa, J Noa, [...]","og_url":"https:\/\/lax.fm\/portal\/comunicados\/rauw-alejandro-ofrece-concierto-gratis-en-republica-dominicana\/","og_site_name":"La-X - Gente con la m\u00fasica por dentro","article_publisher":"http:\/\/www.facebook.com\/laxpr","article_author":"http:\/\/www.facebook.com\/laxpr","article_published_time":"2025-12-15T21:05:48+00:00","article_modified_time":"2025-12-15T21:06:24+00:00","og_image":[{"width":1000,"height":500,"url":"http:\/\/lax.fm\/portal\/wp-content\/uploads\/2025\/12\/rauw-alejandro-RD.jpg","type":"image\/jpeg"}],"twitter_card":"summary","twitter_creator":"@http:\/\/www.twitter.com\/laxpr","twitter_site":"@laxpr","twitter_misc":{"Written by":"La X","Est. reading time":"1 minute"},"schema":{"@context":"https:\/\/schema.org","@graph":[{"@type":"WebSite","@id":"https:\/\/lax.fm\/portal\/#website","url":"https:\/\/lax.fm\/portal\/","name":"La-X - Gente con la m\u00fasica por dentro","description":"Radio Visual","potentialAction":[{"@type":"SearchAction","target":{"@type":"EntryPoint","urlTemplate":"https:\/\/lax.fm\/portal\/?s={search_term_string}"},"query-input":"required name=search_term_string"}],"inLanguage":"en-US"},{"@type":"ImageObject","@id":"https:\/\/lax.fm\/portal\/comunicados\/rauw-alejandro-ofrece-concierto-gratis-en-republica-dominicana\/#primaryimage","inLanguage":"en-US","url":"https:\/\/lax.fm\/portal\/wp-content\/uploads\/2025\/12\/rauw-alejandro-RD.jpg","contentUrl":"https:\/\/lax.fm\/portal\/wp-content\/uploads\/2025\/12\/rauw-alejandro-RD.jpg","width":1000,"height":500},{"@type":"WebPage","@id":"https:\/\/lax.fm\/portal\/comunicados\/rauw-alejandro-ofrece-concierto-gratis-en-republica-dominicana\/#webpage","url":"https:\/\/lax.fm\/portal\/comunicados\/rauw-alejandro-ofrece-concierto-gratis-en-republica-dominicana\/","name":"Rauw Alejandro ofrece concierto gratis en Rep\u00fablica Dominicana - La-X - Gente con la m\u00fasica por dentro","isPartOf":{"@id":"https:\/\/lax.fm\/portal\/#website"},"primaryImageOfPage":{"@id":"https:\/\/lax.fm\/portal\/comunicados\/rauw-alejandro-ofrece-concierto-gratis-en-republica-dominicana\/#primaryimage"},"datePublished":"2025-12-15T21:05:48+00:00","dateModified":"2025-12-15T21:06:24+00:00","author":{"@id":"https:\/\/lax.fm\/portal\/#\/schema\/person\/dffa89146b1fa98303668501e8ae48b8"},"breadcrumb":{"@id":"https:\/\/lax.fm\/portal\/comunicados\/rauw-alejandro-ofrece-concierto-gratis-en-republica-dominicana\/#breadcrumb"},"inLanguage":"en-US","potentialAction":[{"@type":"ReadAction","target":["https:\/\/lax.fm\/portal\/comunicados\/rauw-alejandro-ofrece-concierto-gratis-en-republica-dominicana\/"]}]},{"@type":"BreadcrumbList","@id":"https:\/\/lax.fm\/portal\/comunicados\/rauw-alejandro-ofrece-concierto-gratis-en-republica-dominicana\/#breadcrumb","itemListElement":[{"@type":"ListItem","position":1,"name":"Home","item":"https:\/\/lax.fm\/portal\/"},{"@type":"ListItem","position":2,"name":"Rauw Alejandro ofrece concierto gratis en Rep\u00fablica Dominicana"}]},{"@type":"Person","@id":"https:\/\/lax.fm\/portal\/#\/schema\/person\/dffa89146b1fa98303668501e8ae48b8","name":"La X","image":{"@type":"ImageObject","@id":"https:\/\/lax.fm\/portal\/#personlogo","inLanguage":"en-US","url":"https:\/\/secure.gravatar.com\/avatar\/bd4bc52f18ab67b6950c7667e82f4b83?s=96&d=mm&r=g","contentUrl":"https:\/\/secure.gravatar.com\/avatar\/bd4bc52f18ab67b6950c7667e82f4b83?s=96&d=mm&r=g","caption":"La X"},"sameAs":["http:\/\/www.lax.fm","http:\/\/www.facebook.com\/laxpr","https:\/\/twitter.com\/http:\/\/www.twitter.com\/laxpr"],"url":"https:\/\/lax.fm\/portal\/author\/la-x\/"}]}},"_links":{"self":[{"href":"https:\/\/lax.fm\/portal\/wp-json\/wp\/v2\/posts\/6988"}],"collection":[{"href":"https:\/\/lax.fm\/portal\/wp-json\/wp\/v2\/posts"}],"about":[{"href":"https:\/\/lax.fm\/portal\/wp-json\/wp\/v2\/types\/post"}],"author":[{"embeddable":true,"href":"https:\/\/lax.fm\/portal\/wp-json\/wp\/v2\/users\/56"}],"replies":[{"embeddable":true,"href":"https:\/\/lax.fm\/portal\/wp-json\/wp\/v2\/comments?post=6988"}],"version-history":[{"count":1,"href":"https:\/\/lax.fm\/portal\/wp-json\/wp\/v2\/posts\/6988\/revisions"}],"predecessor-version":[{"id":6990,"href":"https:\/\/lax.fm\/portal\/wp-json\/wp\/v2\/posts\/6988\/revisions\/6990"}],"wp:featuredmedia":[{"embeddable":true,"href":"https:\/\/lax.fm\/portal\/wp-json\/wp\/v2\/media\/6989"}],"wp:attachment":[{"href":"https:\/\/lax.fm\/portal\/wp-json\/wp\/v2\/media?parent=6988"}],"wp:term":[{"taxonomy":"category","embeddable":true,"href":"https:\/\/lax.fm\/portal\/wp-json\/wp\/v2\/categories?post=6988"},{"taxonomy":"post_tag","embeddable":true,"href":"https:\/\/lax.fm\/portal\/wp-json\/wp\/v2\/tags?post=6988"}],"curies":[{"name":"wp","href":"https:\/\/api.w.org\/{rel}","templated":true}]}}