{"id":6874,"date":"2025-10-07T11:40:00","date_gmt":"2025-10-07T15:40:00","guid":{"rendered":"https:\/\/lax.fm\/portal\/?p=6874"},"modified":"2025-10-08T11:42:55","modified_gmt":"2025-10-08T15:42:55","slug":"ballet-concierto-de-puerto-rico-celebrara-halloween-con-el-estreno-mundial-del-ballet-dracula","status":"publish","type":"post","link":"https:\/\/lax.fm\/portal\/comunicados\/ballet-concierto-de-puerto-rico-celebrara-halloween-con-el-estreno-mundial-del-ballet-dracula\/","title":{"rendered":"Ballet Concierto de Puerto Rico celebrar\u00e1 Halloween con el estreno mundial del ballet Dr\u00e1cula"},"content":{"rendered":"\n<p>Ballet Concierto de Puerto Rico, continuando con el desarrollo y la profesionalizaci\u00f3n de la danza en Puerto Rico, ampl\u00eda su repertorio, presentando para su temporada de oto\u00f1o la producci\u00f3n Dr\u00e1cula en estreno mundial, en el cual participar\u00e1n m\u00e1s de 30 bailarines puertorrique\u00f1os. &nbsp;&nbsp;La coreograf\u00eda para esta magna producci\u00f3n est\u00e1 a cargo del m\u00falitples veces laureado core\u00f3grafo argentino Jorge Amarante, quien fue director art\u00edstico del prestigioso Ballet Estable del Teatro Col\u00f3n de Buenos Aires y del Ballet de Monterrey, M\u00e9xico.&nbsp; La direcci\u00f3n art\u00edstica de esta producci\u00f3n est\u00e1 a cargo de V\u00edctor Gil\u00ed, director art\u00edstico de Ballet Concierto de Puerto Rico.&nbsp; El dise\u00f1o de la escenograf\u00eda estar\u00e1 a cargo de los reconocidos artistas Nemesio Canchani y Sylvia Levy, a quienes se les dedica estas funciones en homenaje por tan importante trabajo realizado por ambos, no solo en Ballet Concierto, tambi\u00e9n en otras compa\u00f1\u00edas de ballet y organizaciones teatrales.<\/p>\n\n\n\n<p>Esta historia que combina el terror y el romanticismo se remonta al siglo IX, durante el cual el Conde Dr\u00e1cula est\u00e1 condenado a tomar la sangre de sus v\u00edctimas para vivir por toda la eternidad.&nbsp; Un joven abogado, Jonathan Harker, es enviado al castillo de Dr\u00e1cula para finalizar un acuerdo de propiedad, pero cuando el Conde ve una foto de Mina, la prometida de Jonathan, se sorprende por el impresionante parecido con su fallecida esposa. El Conde encarcela a Jonathan en su castillo y se va hacia Londres en busca de Mina.&nbsp; La historia contin\u00faa desarroll\u00e1ndose hasta que el Dr. Van Helsing, junto a un grupo de personas, van en b\u00fasqueda del vampiro, luchan contra \u00e9l y Dr\u00e1cula es asesinado antes de regresar a su castillo.<\/p>\n\n\n\n<p>El &nbsp;estreno mundial oficial de esta gran producci\u00f3n ser\u00e1 el viernes, 24 de octubre.&nbsp; Los asistentes a esta presentaci\u00f3n participar\u00e1n de un c\u00f3ctel (ya incluido en el precio del boleto) comenzando a las 7:00 pm, y luego pasar\u00e1n a la sala para disfrutar de la funci\u00f3n.&nbsp; Adem\u00e1s, como parte de la experiencia y siendo \u00e9poca de Halloween, la vestimenta sugerida para el p\u00fablico que asista a las funciones es g\u00f3tica.&nbsp;&nbsp;<em>No se permitir\u00e1n m\u00e1scaras que oculten el rostro, pero s\u00ed maquillaje alusivo a la ocasi\u00f3n.<\/em><\/p>\n\n\n\n<p>Los boletos est\u00e1n a la venta en el Centro de Bellas Artes en Santurce, Ticketcenter y Ticketera.&nbsp; Precios comienzan en $35 para las funciones generales del 25 y 26 de octubre.&nbsp; Para el estreno mundial el viernes, 24 de octubre, la entrada es $80 (incluye coctel y funci\u00f3n).&nbsp; Se puede obtener informaci\u00f3n adicional llamando al (787) 724-7032.<\/p>\n","protected":false},"excerpt":{"rendered":"<p>Ballet Concierto de Puerto Rico, continuando con el desarrollo y la profesionalizaci\u00f3n de la danza en Puerto Rico, ampl\u00eda su repertorio, presentando para su temporada de oto\u00f1o la producci\u00f3n Dr\u00e1cula en estreno mundial, en el cual participar\u00e1n m\u00e1s de 30 bailarines puertorrique\u00f1os. &nbsp;&nbsp;La coreograf\u00eda para esta magna producci\u00f3n est\u00e1 a cargo del m\u00falitples veces laureado [&#8230;]<\/p>\n","protected":false},"author":56,"featured_media":6875,"comment_status":"open","ping_status":"open","sticky":false,"template":"","format":"standard","meta":{"_monsterinsights_skip_tracking":false,"_monsterinsights_sitenote_active":false,"_monsterinsights_sitenote_note":"","_monsterinsights_sitenote_category":0},"categories":[481],"tags":[820,1322],"yoast_head":"<!-- This site is optimized with the Yoast SEO plugin v18.2 - https:\/\/yoast.com\/wordpress\/plugins\/seo\/ -->\n<meta name=\"robots\" content=\"index, follow, max-snippet:-1, max-image-preview:large, max-video-preview:-1\" \/>\n<link rel=\"canonical\" href=\"https:\/\/lax.fm\/portal\/comunicados\/ballet-concierto-de-puerto-rico-celebrara-halloween-con-el-estreno-mundial-del-ballet-dracula\/\" \/>\n<meta property=\"og:locale\" content=\"en_US\" \/>\n<meta property=\"og:type\" content=\"article\" \/>\n<meta property=\"og:title\" content=\"Ballet Concierto de Puerto Rico celebrar\u00e1 Halloween con el estreno mundial del ballet Dr\u00e1cula - La-X - Gente con la m\u00fasica por dentro\" \/>\n<meta property=\"og:description\" content=\"Ballet Concierto de Puerto Rico, continuando con el desarrollo y la profesionalizaci\u00f3n de la danza en Puerto Rico, ampl\u00eda su repertorio, presentando para su temporada de oto\u00f1o la producci\u00f3n Dr\u00e1cula en estreno mundial, en el cual participar\u00e1n m\u00e1s de 30 bailarines puertorrique\u00f1os. &nbsp;&nbsp;La coreograf\u00eda para esta magna producci\u00f3n est\u00e1 a cargo del m\u00falitples veces laureado [...]\" \/>\n<meta property=\"og:url\" content=\"https:\/\/lax.fm\/portal\/comunicados\/ballet-concierto-de-puerto-rico-celebrara-halloween-con-el-estreno-mundial-del-ballet-dracula\/\" \/>\n<meta property=\"og:site_name\" content=\"La-X - Gente con la m\u00fasica por dentro\" \/>\n<meta property=\"article:publisher\" content=\"http:\/\/www.facebook.com\/laxpr\" \/>\n<meta property=\"article:author\" content=\"http:\/\/www.facebook.com\/laxpr\" \/>\n<meta property=\"article:published_time\" content=\"2025-10-07T15:40:00+00:00\" \/>\n<meta property=\"article:modified_time\" content=\"2025-10-08T15:42:55+00:00\" \/>\n<meta property=\"og:image\" content=\"http:\/\/lax.fm\/portal\/wp-content\/uploads\/2025\/10\/Ballet-Concierto-de-Puerto-Rico-dracula-2025.jpg\" \/>\n\t<meta property=\"og:image:width\" content=\"1000\" \/>\n\t<meta property=\"og:image:height\" content=\"500\" \/>\n\t<meta property=\"og:image:type\" content=\"image\/jpeg\" \/>\n<meta name=\"twitter:card\" content=\"summary\" \/>\n<meta name=\"twitter:creator\" content=\"@http:\/\/www.twitter.com\/laxpr\" \/>\n<meta name=\"twitter:site\" content=\"@laxpr\" \/>\n<meta name=\"twitter:label1\" content=\"Written by\" \/>\n\t<meta name=\"twitter:data1\" content=\"La X\" \/>\n\t<meta name=\"twitter:label2\" content=\"Est. reading time\" \/>\n\t<meta name=\"twitter:data2\" content=\"2 minutes\" \/>\n<script type=\"application\/ld+json\" class=\"yoast-schema-graph\">{\"@context\":\"https:\/\/schema.org\",\"@graph\":[{\"@type\":\"WebSite\",\"@id\":\"https:\/\/lax.fm\/portal\/#website\",\"url\":\"https:\/\/lax.fm\/portal\/\",\"name\":\"La-X - Gente con la m\u00fasica por dentro\",\"description\":\"Radio Visual\",\"potentialAction\":[{\"@type\":\"SearchAction\",\"target\":{\"@type\":\"EntryPoint\",\"urlTemplate\":\"https:\/\/lax.fm\/portal\/?s={search_term_string}\"},\"query-input\":\"required name=search_term_string\"}],\"inLanguage\":\"en-US\"},{\"@type\":\"ImageObject\",\"@id\":\"https:\/\/lax.fm\/portal\/comunicados\/ballet-concierto-de-puerto-rico-celebrara-halloween-con-el-estreno-mundial-del-ballet-dracula\/#primaryimage\",\"inLanguage\":\"en-US\",\"url\":\"https:\/\/lax.fm\/portal\/wp-content\/uploads\/2025\/10\/Ballet-Concierto-de-Puerto-Rico-dracula-2025.jpg\",\"contentUrl\":\"https:\/\/lax.fm\/portal\/wp-content\/uploads\/2025\/10\/Ballet-Concierto-de-Puerto-Rico-dracula-2025.jpg\",\"width\":1000,\"height\":500,\"caption\":\"ensayo ballet Dr\u00e1cula\"},{\"@type\":\"WebPage\",\"@id\":\"https:\/\/lax.fm\/portal\/comunicados\/ballet-concierto-de-puerto-rico-celebrara-halloween-con-el-estreno-mundial-del-ballet-dracula\/#webpage\",\"url\":\"https:\/\/lax.fm\/portal\/comunicados\/ballet-concierto-de-puerto-rico-celebrara-halloween-con-el-estreno-mundial-del-ballet-dracula\/\",\"name\":\"Ballet Concierto de Puerto Rico celebrar\u00e1 Halloween con el estreno mundial del ballet Dr\u00e1cula - La-X - Gente con la m\u00fasica por dentro\",\"isPartOf\":{\"@id\":\"https:\/\/lax.fm\/portal\/#website\"},\"primaryImageOfPage\":{\"@id\":\"https:\/\/lax.fm\/portal\/comunicados\/ballet-concierto-de-puerto-rico-celebrara-halloween-con-el-estreno-mundial-del-ballet-dracula\/#primaryimage\"},\"datePublished\":\"2025-10-07T15:40:00+00:00\",\"dateModified\":\"2025-10-08T15:42:55+00:00\",\"author\":{\"@id\":\"https:\/\/lax.fm\/portal\/#\/schema\/person\/dffa89146b1fa98303668501e8ae48b8\"},\"breadcrumb\":{\"@id\":\"https:\/\/lax.fm\/portal\/comunicados\/ballet-concierto-de-puerto-rico-celebrara-halloween-con-el-estreno-mundial-del-ballet-dracula\/#breadcrumb\"},\"inLanguage\":\"en-US\",\"potentialAction\":[{\"@type\":\"ReadAction\",\"target\":[\"https:\/\/lax.fm\/portal\/comunicados\/ballet-concierto-de-puerto-rico-celebrara-halloween-con-el-estreno-mundial-del-ballet-dracula\/\"]}]},{\"@type\":\"BreadcrumbList\",\"@id\":\"https:\/\/lax.fm\/portal\/comunicados\/ballet-concierto-de-puerto-rico-celebrara-halloween-con-el-estreno-mundial-del-ballet-dracula\/#breadcrumb\",\"itemListElement\":[{\"@type\":\"ListItem\",\"position\":1,\"name\":\"Home\",\"item\":\"https:\/\/lax.fm\/portal\/\"},{\"@type\":\"ListItem\",\"position\":2,\"name\":\"Ballet Concierto de Puerto Rico celebrar\u00e1 Halloween con el estreno mundial del ballet Dr\u00e1cula\"}]},{\"@type\":\"Person\",\"@id\":\"https:\/\/lax.fm\/portal\/#\/schema\/person\/dffa89146b1fa98303668501e8ae48b8\",\"name\":\"La X\",\"image\":{\"@type\":\"ImageObject\",\"@id\":\"https:\/\/lax.fm\/portal\/#personlogo\",\"inLanguage\":\"en-US\",\"url\":\"https:\/\/secure.gravatar.com\/avatar\/bd4bc52f18ab67b6950c7667e82f4b83?s=96&d=mm&r=g\",\"contentUrl\":\"https:\/\/secure.gravatar.com\/avatar\/bd4bc52f18ab67b6950c7667e82f4b83?s=96&d=mm&r=g\",\"caption\":\"La X\"},\"sameAs\":[\"http:\/\/www.lax.fm\",\"http:\/\/www.facebook.com\/laxpr\",\"https:\/\/twitter.com\/http:\/\/www.twitter.com\/laxpr\"],\"url\":\"https:\/\/lax.fm\/portal\/author\/la-x\/\"}]}<\/script>\n<!-- \/ Yoast SEO plugin. -->","yoast_head_json":{"robots":{"index":"index","follow":"follow","max-snippet":"max-snippet:-1","max-image-preview":"max-image-preview:large","max-video-preview":"max-video-preview:-1"},"canonical":"https:\/\/lax.fm\/portal\/comunicados\/ballet-concierto-de-puerto-rico-celebrara-halloween-con-el-estreno-mundial-del-ballet-dracula\/","og_locale":"en_US","og_type":"article","og_title":"Ballet Concierto de Puerto Rico celebrar\u00e1 Halloween con el estreno mundial del ballet Dr\u00e1cula - La-X - Gente con la m\u00fasica por dentro","og_description":"Ballet Concierto de Puerto Rico, continuando con el desarrollo y la profesionalizaci\u00f3n de la danza en Puerto Rico, ampl\u00eda su repertorio, presentando para su temporada de oto\u00f1o la producci\u00f3n Dr\u00e1cula en estreno mundial, en el cual participar\u00e1n m\u00e1s de 30 bailarines puertorrique\u00f1os. &nbsp;&nbsp;La coreograf\u00eda para esta magna producci\u00f3n est\u00e1 a cargo del m\u00falitples veces laureado [...]","og_url":"https:\/\/lax.fm\/portal\/comunicados\/ballet-concierto-de-puerto-rico-celebrara-halloween-con-el-estreno-mundial-del-ballet-dracula\/","og_site_name":"La-X - Gente con la m\u00fasica por dentro","article_publisher":"http:\/\/www.facebook.com\/laxpr","article_author":"http:\/\/www.facebook.com\/laxpr","article_published_time":"2025-10-07T15:40:00+00:00","article_modified_time":"2025-10-08T15:42:55+00:00","og_image":[{"width":1000,"height":500,"url":"http:\/\/lax.fm\/portal\/wp-content\/uploads\/2025\/10\/Ballet-Concierto-de-Puerto-Rico-dracula-2025.jpg","type":"image\/jpeg"}],"twitter_card":"summary","twitter_creator":"@http:\/\/www.twitter.com\/laxpr","twitter_site":"@laxpr","twitter_misc":{"Written by":"La X","Est. reading time":"2 minutes"},"schema":{"@context":"https:\/\/schema.org","@graph":[{"@type":"WebSite","@id":"https:\/\/lax.fm\/portal\/#website","url":"https:\/\/lax.fm\/portal\/","name":"La-X - Gente con la m\u00fasica por dentro","description":"Radio Visual","potentialAction":[{"@type":"SearchAction","target":{"@type":"EntryPoint","urlTemplate":"https:\/\/lax.fm\/portal\/?s={search_term_string}"},"query-input":"required name=search_term_string"}],"inLanguage":"en-US"},{"@type":"ImageObject","@id":"https:\/\/lax.fm\/portal\/comunicados\/ballet-concierto-de-puerto-rico-celebrara-halloween-con-el-estreno-mundial-del-ballet-dracula\/#primaryimage","inLanguage":"en-US","url":"https:\/\/lax.fm\/portal\/wp-content\/uploads\/2025\/10\/Ballet-Concierto-de-Puerto-Rico-dracula-2025.jpg","contentUrl":"https:\/\/lax.fm\/portal\/wp-content\/uploads\/2025\/10\/Ballet-Concierto-de-Puerto-Rico-dracula-2025.jpg","width":1000,"height":500,"caption":"ensayo ballet Dr\u00e1cula"},{"@type":"WebPage","@id":"https:\/\/lax.fm\/portal\/comunicados\/ballet-concierto-de-puerto-rico-celebrara-halloween-con-el-estreno-mundial-del-ballet-dracula\/#webpage","url":"https:\/\/lax.fm\/portal\/comunicados\/ballet-concierto-de-puerto-rico-celebrara-halloween-con-el-estreno-mundial-del-ballet-dracula\/","name":"Ballet Concierto de Puerto Rico celebrar\u00e1 Halloween con el estreno mundial del ballet Dr\u00e1cula - La-X - Gente con la m\u00fasica por dentro","isPartOf":{"@id":"https:\/\/lax.fm\/portal\/#website"},"primaryImageOfPage":{"@id":"https:\/\/lax.fm\/portal\/comunicados\/ballet-concierto-de-puerto-rico-celebrara-halloween-con-el-estreno-mundial-del-ballet-dracula\/#primaryimage"},"datePublished":"2025-10-07T15:40:00+00:00","dateModified":"2025-10-08T15:42:55+00:00","author":{"@id":"https:\/\/lax.fm\/portal\/#\/schema\/person\/dffa89146b1fa98303668501e8ae48b8"},"breadcrumb":{"@id":"https:\/\/lax.fm\/portal\/comunicados\/ballet-concierto-de-puerto-rico-celebrara-halloween-con-el-estreno-mundial-del-ballet-dracula\/#breadcrumb"},"inLanguage":"en-US","potentialAction":[{"@type":"ReadAction","target":["https:\/\/lax.fm\/portal\/comunicados\/ballet-concierto-de-puerto-rico-celebrara-halloween-con-el-estreno-mundial-del-ballet-dracula\/"]}]},{"@type":"BreadcrumbList","@id":"https:\/\/lax.fm\/portal\/comunicados\/ballet-concierto-de-puerto-rico-celebrara-halloween-con-el-estreno-mundial-del-ballet-dracula\/#breadcrumb","itemListElement":[{"@type":"ListItem","position":1,"name":"Home","item":"https:\/\/lax.fm\/portal\/"},{"@type":"ListItem","position":2,"name":"Ballet Concierto de Puerto Rico celebrar\u00e1 Halloween con el estreno mundial del ballet Dr\u00e1cula"}]},{"@type":"Person","@id":"https:\/\/lax.fm\/portal\/#\/schema\/person\/dffa89146b1fa98303668501e8ae48b8","name":"La X","image":{"@type":"ImageObject","@id":"https:\/\/lax.fm\/portal\/#personlogo","inLanguage":"en-US","url":"https:\/\/secure.gravatar.com\/avatar\/bd4bc52f18ab67b6950c7667e82f4b83?s=96&d=mm&r=g","contentUrl":"https:\/\/secure.gravatar.com\/avatar\/bd4bc52f18ab67b6950c7667e82f4b83?s=96&d=mm&r=g","caption":"La X"},"sameAs":["http:\/\/www.lax.fm","http:\/\/www.facebook.com\/laxpr","https:\/\/twitter.com\/http:\/\/www.twitter.com\/laxpr"],"url":"https:\/\/lax.fm\/portal\/author\/la-x\/"}]}},"_links":{"self":[{"href":"https:\/\/lax.fm\/portal\/wp-json\/wp\/v2\/posts\/6874"}],"collection":[{"href":"https:\/\/lax.fm\/portal\/wp-json\/wp\/v2\/posts"}],"about":[{"href":"https:\/\/lax.fm\/portal\/wp-json\/wp\/v2\/types\/post"}],"author":[{"embeddable":true,"href":"https:\/\/lax.fm\/portal\/wp-json\/wp\/v2\/users\/56"}],"replies":[{"embeddable":true,"href":"https:\/\/lax.fm\/portal\/wp-json\/wp\/v2\/comments?post=6874"}],"version-history":[{"count":1,"href":"https:\/\/lax.fm\/portal\/wp-json\/wp\/v2\/posts\/6874\/revisions"}],"predecessor-version":[{"id":6876,"href":"https:\/\/lax.fm\/portal\/wp-json\/wp\/v2\/posts\/6874\/revisions\/6876"}],"wp:featuredmedia":[{"embeddable":true,"href":"https:\/\/lax.fm\/portal\/wp-json\/wp\/v2\/media\/6875"}],"wp:attachment":[{"href":"https:\/\/lax.fm\/portal\/wp-json\/wp\/v2\/media?parent=6874"}],"wp:term":[{"taxonomy":"category","embeddable":true,"href":"https:\/\/lax.fm\/portal\/wp-json\/wp\/v2\/categories?post=6874"},{"taxonomy":"post_tag","embeddable":true,"href":"https:\/\/lax.fm\/portal\/wp-json\/wp\/v2\/tags?post=6874"}],"curies":[{"name":"wp","href":"https:\/\/api.w.org\/{rel}","templated":true}]}}