{"id":6863,"date":"2025-09-29T08:04:48","date_gmt":"2025-09-29T12:04:48","guid":{"rendered":"https:\/\/lax.fm\/portal\/?p=6863"},"modified":"2025-09-29T08:09:40","modified_gmt":"2025-09-29T12:09:40","slug":"jerry-rivera-regresa-con-llegue-yo","status":"publish","type":"post","link":"https:\/\/lax.fm\/portal\/comunicados\/jerry-rivera-regresa-con-llegue-yo\/","title":{"rendered":"Jerry Rivera regresa con \u201cLlegu\u00e9 Yo\u201d"},"content":{"rendered":"\n<p>Despu\u00e9s de una pausa de 15 a\u00f1os, el querido \u00eddolo de la salsa, Jerry Rivera, hace su triunfal regreso al mundo de la m\u00fasica con el lanzamiento de su nuevo \u00e1lbum titulado \u201cLlegu\u00e9 Yo\u201d. Este esperado proyecto no solo celebra su trayectoria, sino que tambi\u00e9n marca el inicio de una nueva etapa en su carrera art\u00edstica.<\/p>\n\n\n\n<p>Jerry Rivera, un artista reconocido internacionalmente, est\u00e1 emocionado de compartir este \u00e1lbum con sus fieles seguidores, quienes han estado esperando su retorno. \u201cLlegu\u00e9 Yo\u201d es m\u00e1s que una colecci\u00f3n de canciones; es una celebraci\u00f3n de sus ra\u00edces y un homenaje a la conexi\u00f3n emocional que ha cultivado con su p\u00fablico a lo largo de los a\u00f1os.<\/p>\n\n\n\n<figure class=\"wp-block-embed is-type-video is-provider-youtube wp-block-embed-youtube wp-embed-aspect-16-9 wp-has-aspect-ratio\"><div class=\"wp-block-embed__wrapper\">\n<iframe loading=\"lazy\" title=\"Jerry Rivera Ft. Wiso G - Llegu\u00e9 Yo (Official Video)\" width=\"900\" height=\"506\" src=\"https:\/\/www.youtube.com\/embed\/xcDRpcZD_Hc?feature=oembed\" frameborder=\"0\" allow=\"accelerometer; autoplay; clipboard-write; encrypted-media; gyroscope; picture-in-picture; web-share\" referrerpolicy=\"strict-origin-when-cross-origin\" allowfullscreen><\/iframe>\n<\/div><\/figure>\n\n\n\n<p>\u201cEste \u00e1lbum representa una gratitud profunda hacia mis fans y una conexi\u00f3n con mis or\u00edgenes\u201d, comenta Jerry. \u201cQuer\u00eda ofrecer un trabajo lleno de sentimiento antes de dar paso a un enfoque m\u00e1s audaz que transformar\u00e1 mi carrera\u201d.<\/p>\n\n\n\n<p>Uno de los aspectos m\u00e1s destacados de este \u00e1lbum es la colaboraci\u00f3n con el talentoso Wiso G, considerado por Jerry como el mejor improvisador en el \u00e1mbito del rap. Su participaci\u00f3n a\u00f1ade un aire fresco que fusiona la tradici\u00f3n de la salsa con la energ\u00eda vibrante del rap, creando as\u00ed un sonido \u00fanico y contempor\u00e1neo.<\/p>\n\n\n\n<p>\u201cLlegu\u00e9 Yo\u201d no solo simboliza su regreso a los estudios de grabaci\u00f3n, sino que tambi\u00e9n sirve como un puente entre el pasado y el futuro musical de Jerry. La producci\u00f3n combina la nostalgia de sus cl\u00e1sicos con la innovaci\u00f3n de nuevas melod\u00edas, ofreciendo a los oyentes un viaje sonoro que evoca recuerdos y al mismo tiempo mira hacia adelante.<\/p>\n\n\n\n<p>Con su nominaci\u00f3n reciente a los Premios Billboard de la M\u00fasica Latina en la categor\u00eda de \u201cTropical Artist of the Year, Solo\u201d, Jerry Rivera reafirma su estatus como una de las voces m\u00e1s influyentes y queridas en el g\u00e9nero tropical. Este lanzamiento no es simplemente un retorno, es una declaraci\u00f3n de su permanencia y evoluci\u00f3n en la escena musical.<\/p>\n\n\n\n<p>&#8220;Llegu\u00e9 Yo&#8221;, disponible ya en todas las plataformas digitales.<\/p>\n","protected":false},"excerpt":{"rendered":"<p>Despu\u00e9s de una pausa de 15 a\u00f1os, el querido \u00eddolo de la salsa, Jerry Rivera, hace su triunfal regreso al mundo de la m\u00fasica con el lanzamiento de su nuevo \u00e1lbum titulado \u201cLlegu\u00e9 Yo\u201d. Este esperado proyecto no solo celebra su trayectoria, sino que tambi\u00e9n marca el inicio de una nueva etapa en su carrera [&#8230;]<\/p>\n","protected":false},"author":56,"featured_media":6866,"comment_status":"open","ping_status":"open","sticky":false,"template":"","format":"standard","meta":{"_monsterinsights_skip_tracking":false,"_monsterinsights_sitenote_active":false,"_monsterinsights_sitenote_note":"","_monsterinsights_sitenote_category":0},"categories":[481],"tags":[820,1321],"yoast_head":"<!-- This site is optimized with the Yoast SEO plugin v18.2 - https:\/\/yoast.com\/wordpress\/plugins\/seo\/ -->\n<meta name=\"robots\" content=\"index, follow, max-snippet:-1, max-image-preview:large, max-video-preview:-1\" \/>\n<link rel=\"canonical\" href=\"https:\/\/lax.fm\/portal\/comunicados\/jerry-rivera-regresa-con-llegue-yo\/\" \/>\n<meta property=\"og:locale\" content=\"en_US\" \/>\n<meta property=\"og:type\" content=\"article\" \/>\n<meta property=\"og:title\" content=\"Jerry Rivera regresa con \u201cLlegu\u00e9 Yo\u201d - La-X - Gente con la m\u00fasica por dentro\" \/>\n<meta property=\"og:description\" content=\"Despu\u00e9s de una pausa de 15 a\u00f1os, el querido \u00eddolo de la salsa, Jerry Rivera, hace su triunfal regreso al mundo de la m\u00fasica con el lanzamiento de su nuevo \u00e1lbum titulado \u201cLlegu\u00e9 Yo\u201d. Este esperado proyecto no solo celebra su trayectoria, sino que tambi\u00e9n marca el inicio de una nueva etapa en su carrera [...]\" \/>\n<meta property=\"og:url\" content=\"https:\/\/lax.fm\/portal\/comunicados\/jerry-rivera-regresa-con-llegue-yo\/\" \/>\n<meta property=\"og:site_name\" content=\"La-X - Gente con la m\u00fasica por dentro\" \/>\n<meta property=\"article:publisher\" content=\"http:\/\/www.facebook.com\/laxpr\" \/>\n<meta property=\"article:author\" content=\"http:\/\/www.facebook.com\/laxpr\" \/>\n<meta property=\"article:published_time\" content=\"2025-09-29T12:04:48+00:00\" \/>\n<meta property=\"article:modified_time\" content=\"2025-09-29T12:09:40+00:00\" \/>\n<meta property=\"og:image\" content=\"http:\/\/lax.fm\/portal\/wp-content\/uploads\/2025\/09\/Jerry-Rivera-llegue-hoy.jpg\" \/>\n\t<meta property=\"og:image:width\" content=\"1000\" \/>\n\t<meta property=\"og:image:height\" content=\"500\" \/>\n\t<meta property=\"og:image:type\" content=\"image\/jpeg\" \/>\n<meta name=\"twitter:card\" content=\"summary\" \/>\n<meta name=\"twitter:creator\" content=\"@http:\/\/www.twitter.com\/laxpr\" \/>\n<meta name=\"twitter:site\" content=\"@laxpr\" \/>\n<meta name=\"twitter:label1\" content=\"Written by\" \/>\n\t<meta name=\"twitter:data1\" content=\"La X\" \/>\n\t<meta name=\"twitter:label2\" content=\"Est. reading time\" \/>\n\t<meta name=\"twitter:data2\" content=\"2 minutes\" \/>\n<script type=\"application\/ld+json\" class=\"yoast-schema-graph\">{\"@context\":\"https:\/\/schema.org\",\"@graph\":[{\"@type\":\"WebSite\",\"@id\":\"https:\/\/lax.fm\/portal\/#website\",\"url\":\"https:\/\/lax.fm\/portal\/\",\"name\":\"La-X - Gente con la m\u00fasica por dentro\",\"description\":\"Radio Visual\",\"potentialAction\":[{\"@type\":\"SearchAction\",\"target\":{\"@type\":\"EntryPoint\",\"urlTemplate\":\"https:\/\/lax.fm\/portal\/?s={search_term_string}\"},\"query-input\":\"required name=search_term_string\"}],\"inLanguage\":\"en-US\"},{\"@type\":\"ImageObject\",\"@id\":\"https:\/\/lax.fm\/portal\/comunicados\/jerry-rivera-regresa-con-llegue-yo\/#primaryimage\",\"inLanguage\":\"en-US\",\"url\":\"https:\/\/lax.fm\/portal\/wp-content\/uploads\/2025\/09\/Jerry-Rivera-llegue-hoy.jpg\",\"contentUrl\":\"https:\/\/lax.fm\/portal\/wp-content\/uploads\/2025\/09\/Jerry-Rivera-llegue-hoy.jpg\",\"width\":1000,\"height\":500,\"caption\":\"album Jerry Rivera Llegue yo\"},{\"@type\":\"WebPage\",\"@id\":\"https:\/\/lax.fm\/portal\/comunicados\/jerry-rivera-regresa-con-llegue-yo\/#webpage\",\"url\":\"https:\/\/lax.fm\/portal\/comunicados\/jerry-rivera-regresa-con-llegue-yo\/\",\"name\":\"Jerry Rivera regresa con \u201cLlegu\u00e9 Yo\u201d - La-X - Gente con la m\u00fasica por dentro\",\"isPartOf\":{\"@id\":\"https:\/\/lax.fm\/portal\/#website\"},\"primaryImageOfPage\":{\"@id\":\"https:\/\/lax.fm\/portal\/comunicados\/jerry-rivera-regresa-con-llegue-yo\/#primaryimage\"},\"datePublished\":\"2025-09-29T12:04:48+00:00\",\"dateModified\":\"2025-09-29T12:09:40+00:00\",\"author\":{\"@id\":\"https:\/\/lax.fm\/portal\/#\/schema\/person\/dffa89146b1fa98303668501e8ae48b8\"},\"breadcrumb\":{\"@id\":\"https:\/\/lax.fm\/portal\/comunicados\/jerry-rivera-regresa-con-llegue-yo\/#breadcrumb\"},\"inLanguage\":\"en-US\",\"potentialAction\":[{\"@type\":\"ReadAction\",\"target\":[\"https:\/\/lax.fm\/portal\/comunicados\/jerry-rivera-regresa-con-llegue-yo\/\"]}]},{\"@type\":\"BreadcrumbList\",\"@id\":\"https:\/\/lax.fm\/portal\/comunicados\/jerry-rivera-regresa-con-llegue-yo\/#breadcrumb\",\"itemListElement\":[{\"@type\":\"ListItem\",\"position\":1,\"name\":\"Home\",\"item\":\"https:\/\/lax.fm\/portal\/\"},{\"@type\":\"ListItem\",\"position\":2,\"name\":\"Jerry Rivera regresa con \u201cLlegu\u00e9 Yo\u201d\"}]},{\"@type\":\"Person\",\"@id\":\"https:\/\/lax.fm\/portal\/#\/schema\/person\/dffa89146b1fa98303668501e8ae48b8\",\"name\":\"La X\",\"image\":{\"@type\":\"ImageObject\",\"@id\":\"https:\/\/lax.fm\/portal\/#personlogo\",\"inLanguage\":\"en-US\",\"url\":\"https:\/\/secure.gravatar.com\/avatar\/bd4bc52f18ab67b6950c7667e82f4b83?s=96&d=mm&r=g\",\"contentUrl\":\"https:\/\/secure.gravatar.com\/avatar\/bd4bc52f18ab67b6950c7667e82f4b83?s=96&d=mm&r=g\",\"caption\":\"La X\"},\"sameAs\":[\"http:\/\/www.lax.fm\",\"http:\/\/www.facebook.com\/laxpr\",\"https:\/\/twitter.com\/http:\/\/www.twitter.com\/laxpr\"],\"url\":\"https:\/\/lax.fm\/portal\/author\/la-x\/\"}]}<\/script>\n<!-- \/ Yoast SEO plugin. -->","yoast_head_json":{"robots":{"index":"index","follow":"follow","max-snippet":"max-snippet:-1","max-image-preview":"max-image-preview:large","max-video-preview":"max-video-preview:-1"},"canonical":"https:\/\/lax.fm\/portal\/comunicados\/jerry-rivera-regresa-con-llegue-yo\/","og_locale":"en_US","og_type":"article","og_title":"Jerry Rivera regresa con \u201cLlegu\u00e9 Yo\u201d - La-X - Gente con la m\u00fasica por dentro","og_description":"Despu\u00e9s de una pausa de 15 a\u00f1os, el querido \u00eddolo de la salsa, Jerry Rivera, hace su triunfal regreso al mundo de la m\u00fasica con el lanzamiento de su nuevo \u00e1lbum titulado \u201cLlegu\u00e9 Yo\u201d. Este esperado proyecto no solo celebra su trayectoria, sino que tambi\u00e9n marca el inicio de una nueva etapa en su carrera [...]","og_url":"https:\/\/lax.fm\/portal\/comunicados\/jerry-rivera-regresa-con-llegue-yo\/","og_site_name":"La-X - Gente con la m\u00fasica por dentro","article_publisher":"http:\/\/www.facebook.com\/laxpr","article_author":"http:\/\/www.facebook.com\/laxpr","article_published_time":"2025-09-29T12:04:48+00:00","article_modified_time":"2025-09-29T12:09:40+00:00","og_image":[{"width":1000,"height":500,"url":"http:\/\/lax.fm\/portal\/wp-content\/uploads\/2025\/09\/Jerry-Rivera-llegue-hoy.jpg","type":"image\/jpeg"}],"twitter_card":"summary","twitter_creator":"@http:\/\/www.twitter.com\/laxpr","twitter_site":"@laxpr","twitter_misc":{"Written by":"La X","Est. reading time":"2 minutes"},"schema":{"@context":"https:\/\/schema.org","@graph":[{"@type":"WebSite","@id":"https:\/\/lax.fm\/portal\/#website","url":"https:\/\/lax.fm\/portal\/","name":"La-X - Gente con la m\u00fasica por dentro","description":"Radio Visual","potentialAction":[{"@type":"SearchAction","target":{"@type":"EntryPoint","urlTemplate":"https:\/\/lax.fm\/portal\/?s={search_term_string}"},"query-input":"required name=search_term_string"}],"inLanguage":"en-US"},{"@type":"ImageObject","@id":"https:\/\/lax.fm\/portal\/comunicados\/jerry-rivera-regresa-con-llegue-yo\/#primaryimage","inLanguage":"en-US","url":"https:\/\/lax.fm\/portal\/wp-content\/uploads\/2025\/09\/Jerry-Rivera-llegue-hoy.jpg","contentUrl":"https:\/\/lax.fm\/portal\/wp-content\/uploads\/2025\/09\/Jerry-Rivera-llegue-hoy.jpg","width":1000,"height":500,"caption":"album Jerry Rivera Llegue yo"},{"@type":"WebPage","@id":"https:\/\/lax.fm\/portal\/comunicados\/jerry-rivera-regresa-con-llegue-yo\/#webpage","url":"https:\/\/lax.fm\/portal\/comunicados\/jerry-rivera-regresa-con-llegue-yo\/","name":"Jerry Rivera regresa con \u201cLlegu\u00e9 Yo\u201d - La-X - Gente con la m\u00fasica por dentro","isPartOf":{"@id":"https:\/\/lax.fm\/portal\/#website"},"primaryImageOfPage":{"@id":"https:\/\/lax.fm\/portal\/comunicados\/jerry-rivera-regresa-con-llegue-yo\/#primaryimage"},"datePublished":"2025-09-29T12:04:48+00:00","dateModified":"2025-09-29T12:09:40+00:00","author":{"@id":"https:\/\/lax.fm\/portal\/#\/schema\/person\/dffa89146b1fa98303668501e8ae48b8"},"breadcrumb":{"@id":"https:\/\/lax.fm\/portal\/comunicados\/jerry-rivera-regresa-con-llegue-yo\/#breadcrumb"},"inLanguage":"en-US","potentialAction":[{"@type":"ReadAction","target":["https:\/\/lax.fm\/portal\/comunicados\/jerry-rivera-regresa-con-llegue-yo\/"]}]},{"@type":"BreadcrumbList","@id":"https:\/\/lax.fm\/portal\/comunicados\/jerry-rivera-regresa-con-llegue-yo\/#breadcrumb","itemListElement":[{"@type":"ListItem","position":1,"name":"Home","item":"https:\/\/lax.fm\/portal\/"},{"@type":"ListItem","position":2,"name":"Jerry Rivera regresa con \u201cLlegu\u00e9 Yo\u201d"}]},{"@type":"Person","@id":"https:\/\/lax.fm\/portal\/#\/schema\/person\/dffa89146b1fa98303668501e8ae48b8","name":"La X","image":{"@type":"ImageObject","@id":"https:\/\/lax.fm\/portal\/#personlogo","inLanguage":"en-US","url":"https:\/\/secure.gravatar.com\/avatar\/bd4bc52f18ab67b6950c7667e82f4b83?s=96&d=mm&r=g","contentUrl":"https:\/\/secure.gravatar.com\/avatar\/bd4bc52f18ab67b6950c7667e82f4b83?s=96&d=mm&r=g","caption":"La X"},"sameAs":["http:\/\/www.lax.fm","http:\/\/www.facebook.com\/laxpr","https:\/\/twitter.com\/http:\/\/www.twitter.com\/laxpr"],"url":"https:\/\/lax.fm\/portal\/author\/la-x\/"}]}},"_links":{"self":[{"href":"https:\/\/lax.fm\/portal\/wp-json\/wp\/v2\/posts\/6863"}],"collection":[{"href":"https:\/\/lax.fm\/portal\/wp-json\/wp\/v2\/posts"}],"about":[{"href":"https:\/\/lax.fm\/portal\/wp-json\/wp\/v2\/types\/post"}],"author":[{"embeddable":true,"href":"https:\/\/lax.fm\/portal\/wp-json\/wp\/v2\/users\/56"}],"replies":[{"embeddable":true,"href":"https:\/\/lax.fm\/portal\/wp-json\/wp\/v2\/comments?post=6863"}],"version-history":[{"count":2,"href":"https:\/\/lax.fm\/portal\/wp-json\/wp\/v2\/posts\/6863\/revisions"}],"predecessor-version":[{"id":6869,"href":"https:\/\/lax.fm\/portal\/wp-json\/wp\/v2\/posts\/6863\/revisions\/6869"}],"wp:featuredmedia":[{"embeddable":true,"href":"https:\/\/lax.fm\/portal\/wp-json\/wp\/v2\/media\/6866"}],"wp:attachment":[{"href":"https:\/\/lax.fm\/portal\/wp-json\/wp\/v2\/media?parent=6863"}],"wp:term":[{"taxonomy":"category","embeddable":true,"href":"https:\/\/lax.fm\/portal\/wp-json\/wp\/v2\/categories?post=6863"},{"taxonomy":"post_tag","embeddable":true,"href":"https:\/\/lax.fm\/portal\/wp-json\/wp\/v2\/tags?post=6863"}],"curies":[{"name":"wp","href":"https:\/\/api.w.org\/{rel}","templated":true}]}}