{"id":6859,"date":"2025-09-29T07:45:51","date_gmt":"2025-09-29T11:45:51","guid":{"rendered":"https:\/\/lax.fm\/portal\/?p=6859"},"modified":"2025-09-29T07:46:26","modified_gmt":"2025-09-29T11:46:26","slug":"kia-comprometida-con-el-ambiente-en-puerto-rico","status":"publish","type":"post","link":"https:\/\/lax.fm\/portal\/comunicados\/kia-comprometida-con-el-ambiente-en-puerto-rico\/","title":{"rendered":"Kia comprometida con el ambiente en Puerto Rico"},"content":{"rendered":"\n<p>Como parte del compromiso de Kia pro el ambiente en Puerto Rico el pasado fin de semana particip\u00f3 junto a un grupo de empleados de la empresa y voluntarios de la comunidad en la <strong><a href=\"https:\/\/red.scubadogssociety.org\/\" target=\"_blank\" rel=\"noreferrer noopener\">Limpieza Internacional de Costas 2025<\/a><\/strong> de <strong><a href=\"https:\/\/red.scubadogssociety.org\/\" target=\"_blank\" rel=\"noreferrer noopener\">Scuba Dogs Society<\/a><\/strong> en la playa Vac\u00eda Talega en Pi\u00f1ones.<\/p>\n\n\n\n<p>La Limpieza Internacional de Costas (ICC) es el mayor esfuerzo ambiental global, celebrado anualmente el tercer s\u00e1bado de septiembre en 95 pa\u00edses, bajo la coordinaci\u00f3n del Ocean Conservancy. En Puerto Rico, la Scuba Dogs Society (SDS) lidera este evento, convocando a voluntarios para educar, limpiar y recolectar datos sobre desperdicios s\u00f3lidos en costas y mares. Gracias a colaboraciones multisectoriales, incluyendo gobierno, industria privada y organizaciones comunitarias, alrededor de 200 \u00e1reas costeras se limpian cada a\u00f1o, posicionando a Puerto Rico entre los primeros 20 pa\u00edses con mayor participaci\u00f3n voluntaria desde 2002.<\/p>\n\n\n\n<p>Durante la limpieza de costas en la Playa Vac\u00eda Talega lidereada por su capit\u00e1n Misael Cruz, voluntario del proyecto por espacio de cinco a\u00f1os, cerca de 140 personas se dieron cita para el recogido de basura. Tras una tarea que comenz\u00f3 a las 8:00 de la ma\u00f1ana y que concluy\u00f3 cerca del mediod\u00eda el grupo de voluntarios logr\u00f3 recolectar 2,142 libras de desperdicios.\u201cEn Kia por espacio de 15 a\u00f1os hemos estado comprometidos con Scuba Dogs Society y la limpieza de costas en Puerto Rico. Continuaremos apoyando iniciativas como est\u00e1s que contribuyan en la acci\u00f3n a eliminar las mayores amenazas a las que se enfrentan nuestros oc\u00e9anos en la actualidad. El tiempo es ahora. Para crear un futuro mejor para todos\u201d indic\u00f3 el director comercial de Kia Puerto Rico, Abiezer Rodr\u00edguez.<\/p>\n","protected":false},"excerpt":{"rendered":"<p>Como parte del compromiso de Kia pro el ambiente en Puerto Rico el pasado fin de semana particip\u00f3 junto a un grupo de empleados de la empresa y voluntarios de la comunidad en la Limpieza Internacional de Costas 2025 de Scuba Dogs Society en la playa Vac\u00eda Talega en Pi\u00f1ones.<\/p>\n<p>La Limpieza Internacional de Costas (ICC) [&#8230;]<\/p>\n","protected":false},"author":56,"featured_media":6860,"comment_status":"open","ping_status":"open","sticky":false,"template":"","format":"standard","meta":{"_monsterinsights_skip_tracking":false,"_monsterinsights_sitenote_active":false,"_monsterinsights_sitenote_note":"","_monsterinsights_sitenote_category":0},"categories":[481],"tags":[820,1320,1038],"yoast_head":"<!-- This site is optimized with the Yoast SEO plugin v18.2 - https:\/\/yoast.com\/wordpress\/plugins\/seo\/ -->\n<meta name=\"robots\" content=\"index, follow, max-snippet:-1, max-image-preview:large, max-video-preview:-1\" \/>\n<link rel=\"canonical\" href=\"https:\/\/lax.fm\/portal\/comunicados\/kia-comprometida-con-el-ambiente-en-puerto-rico\/\" \/>\n<meta property=\"og:locale\" content=\"en_US\" \/>\n<meta property=\"og:type\" content=\"article\" \/>\n<meta property=\"og:title\" content=\"Kia comprometida con el ambiente en Puerto Rico - La-X - Gente con la m\u00fasica por dentro\" \/>\n<meta property=\"og:description\" content=\"Como parte del compromiso de Kia pro el ambiente en Puerto Rico el pasado fin de semana particip\u00f3 junto a un grupo de empleados de la empresa y voluntarios de la comunidad en la Limpieza Internacional de Costas 2025 de Scuba Dogs Society en la playa Vac\u00eda Talega en Pi\u00f1ones.  La Limpieza Internacional de Costas (ICC) [...]\" \/>\n<meta property=\"og:url\" content=\"https:\/\/lax.fm\/portal\/comunicados\/kia-comprometida-con-el-ambiente-en-puerto-rico\/\" \/>\n<meta property=\"og:site_name\" content=\"La-X - Gente con la m\u00fasica por dentro\" \/>\n<meta property=\"article:publisher\" content=\"http:\/\/www.facebook.com\/laxpr\" \/>\n<meta property=\"article:author\" content=\"http:\/\/www.facebook.com\/laxpr\" \/>\n<meta property=\"article:published_time\" content=\"2025-09-29T11:45:51+00:00\" \/>\n<meta property=\"article:modified_time\" content=\"2025-09-29T11:46:26+00:00\" \/>\n<meta property=\"og:image\" content=\"http:\/\/lax.fm\/portal\/wp-content\/uploads\/2025\/09\/kia-limpieza-playas.jpg\" \/>\n\t<meta property=\"og:image:width\" content=\"1000\" \/>\n\t<meta property=\"og:image:height\" content=\"500\" \/>\n\t<meta property=\"og:image:type\" content=\"image\/jpeg\" \/>\n<meta name=\"twitter:card\" content=\"summary\" \/>\n<meta name=\"twitter:creator\" content=\"@http:\/\/www.twitter.com\/laxpr\" \/>\n<meta name=\"twitter:site\" content=\"@laxpr\" \/>\n<meta name=\"twitter:label1\" content=\"Written by\" \/>\n\t<meta name=\"twitter:data1\" content=\"La X\" \/>\n\t<meta name=\"twitter:label2\" content=\"Est. reading time\" \/>\n\t<meta name=\"twitter:data2\" content=\"2 minutes\" \/>\n<script type=\"application\/ld+json\" class=\"yoast-schema-graph\">{\"@context\":\"https:\/\/schema.org\",\"@graph\":[{\"@type\":\"WebSite\",\"@id\":\"https:\/\/lax.fm\/portal\/#website\",\"url\":\"https:\/\/lax.fm\/portal\/\",\"name\":\"La-X - Gente con la m\u00fasica por dentro\",\"description\":\"Radio Visual\",\"potentialAction\":[{\"@type\":\"SearchAction\",\"target\":{\"@type\":\"EntryPoint\",\"urlTemplate\":\"https:\/\/lax.fm\/portal\/?s={search_term_string}\"},\"query-input\":\"required name=search_term_string\"}],\"inLanguage\":\"en-US\"},{\"@type\":\"ImageObject\",\"@id\":\"https:\/\/lax.fm\/portal\/comunicados\/kia-comprometida-con-el-ambiente-en-puerto-rico\/#primaryimage\",\"inLanguage\":\"en-US\",\"url\":\"https:\/\/lax.fm\/portal\/wp-content\/uploads\/2025\/09\/kia-limpieza-playas.jpg\",\"contentUrl\":\"https:\/\/lax.fm\/portal\/wp-content\/uploads\/2025\/09\/kia-limpieza-playas.jpg\",\"width\":1000,\"height\":500,\"caption\":\"Kia Scuba Dogs Society\"},{\"@type\":\"WebPage\",\"@id\":\"https:\/\/lax.fm\/portal\/comunicados\/kia-comprometida-con-el-ambiente-en-puerto-rico\/#webpage\",\"url\":\"https:\/\/lax.fm\/portal\/comunicados\/kia-comprometida-con-el-ambiente-en-puerto-rico\/\",\"name\":\"Kia comprometida con el ambiente en Puerto Rico - La-X - Gente con la m\u00fasica por dentro\",\"isPartOf\":{\"@id\":\"https:\/\/lax.fm\/portal\/#website\"},\"primaryImageOfPage\":{\"@id\":\"https:\/\/lax.fm\/portal\/comunicados\/kia-comprometida-con-el-ambiente-en-puerto-rico\/#primaryimage\"},\"datePublished\":\"2025-09-29T11:45:51+00:00\",\"dateModified\":\"2025-09-29T11:46:26+00:00\",\"author\":{\"@id\":\"https:\/\/lax.fm\/portal\/#\/schema\/person\/dffa89146b1fa98303668501e8ae48b8\"},\"breadcrumb\":{\"@id\":\"https:\/\/lax.fm\/portal\/comunicados\/kia-comprometida-con-el-ambiente-en-puerto-rico\/#breadcrumb\"},\"inLanguage\":\"en-US\",\"potentialAction\":[{\"@type\":\"ReadAction\",\"target\":[\"https:\/\/lax.fm\/portal\/comunicados\/kia-comprometida-con-el-ambiente-en-puerto-rico\/\"]}]},{\"@type\":\"BreadcrumbList\",\"@id\":\"https:\/\/lax.fm\/portal\/comunicados\/kia-comprometida-con-el-ambiente-en-puerto-rico\/#breadcrumb\",\"itemListElement\":[{\"@type\":\"ListItem\",\"position\":1,\"name\":\"Home\",\"item\":\"https:\/\/lax.fm\/portal\/\"},{\"@type\":\"ListItem\",\"position\":2,\"name\":\"Kia comprometida con el ambiente en Puerto Rico\"}]},{\"@type\":\"Person\",\"@id\":\"https:\/\/lax.fm\/portal\/#\/schema\/person\/dffa89146b1fa98303668501e8ae48b8\",\"name\":\"La X\",\"image\":{\"@type\":\"ImageObject\",\"@id\":\"https:\/\/lax.fm\/portal\/#personlogo\",\"inLanguage\":\"en-US\",\"url\":\"https:\/\/secure.gravatar.com\/avatar\/bd4bc52f18ab67b6950c7667e82f4b83?s=96&d=mm&r=g\",\"contentUrl\":\"https:\/\/secure.gravatar.com\/avatar\/bd4bc52f18ab67b6950c7667e82f4b83?s=96&d=mm&r=g\",\"caption\":\"La X\"},\"sameAs\":[\"http:\/\/www.lax.fm\",\"http:\/\/www.facebook.com\/laxpr\",\"https:\/\/twitter.com\/http:\/\/www.twitter.com\/laxpr\"],\"url\":\"https:\/\/lax.fm\/portal\/author\/la-x\/\"}]}<\/script>\n<!-- \/ Yoast SEO plugin. -->","yoast_head_json":{"robots":{"index":"index","follow":"follow","max-snippet":"max-snippet:-1","max-image-preview":"max-image-preview:large","max-video-preview":"max-video-preview:-1"},"canonical":"https:\/\/lax.fm\/portal\/comunicados\/kia-comprometida-con-el-ambiente-en-puerto-rico\/","og_locale":"en_US","og_type":"article","og_title":"Kia comprometida con el ambiente en Puerto Rico - La-X - Gente con la m\u00fasica por dentro","og_description":"Como parte del compromiso de Kia pro el ambiente en Puerto Rico el pasado fin de semana particip\u00f3 junto a un grupo de empleados de la empresa y voluntarios de la comunidad en la Limpieza Internacional de Costas 2025 de Scuba Dogs Society en la playa Vac\u00eda Talega en Pi\u00f1ones.  La Limpieza Internacional de Costas (ICC) [...]","og_url":"https:\/\/lax.fm\/portal\/comunicados\/kia-comprometida-con-el-ambiente-en-puerto-rico\/","og_site_name":"La-X - Gente con la m\u00fasica por dentro","article_publisher":"http:\/\/www.facebook.com\/laxpr","article_author":"http:\/\/www.facebook.com\/laxpr","article_published_time":"2025-09-29T11:45:51+00:00","article_modified_time":"2025-09-29T11:46:26+00:00","og_image":[{"width":1000,"height":500,"url":"http:\/\/lax.fm\/portal\/wp-content\/uploads\/2025\/09\/kia-limpieza-playas.jpg","type":"image\/jpeg"}],"twitter_card":"summary","twitter_creator":"@http:\/\/www.twitter.com\/laxpr","twitter_site":"@laxpr","twitter_misc":{"Written by":"La X","Est. reading time":"2 minutes"},"schema":{"@context":"https:\/\/schema.org","@graph":[{"@type":"WebSite","@id":"https:\/\/lax.fm\/portal\/#website","url":"https:\/\/lax.fm\/portal\/","name":"La-X - Gente con la m\u00fasica por dentro","description":"Radio Visual","potentialAction":[{"@type":"SearchAction","target":{"@type":"EntryPoint","urlTemplate":"https:\/\/lax.fm\/portal\/?s={search_term_string}"},"query-input":"required name=search_term_string"}],"inLanguage":"en-US"},{"@type":"ImageObject","@id":"https:\/\/lax.fm\/portal\/comunicados\/kia-comprometida-con-el-ambiente-en-puerto-rico\/#primaryimage","inLanguage":"en-US","url":"https:\/\/lax.fm\/portal\/wp-content\/uploads\/2025\/09\/kia-limpieza-playas.jpg","contentUrl":"https:\/\/lax.fm\/portal\/wp-content\/uploads\/2025\/09\/kia-limpieza-playas.jpg","width":1000,"height":500,"caption":"Kia Scuba Dogs Society"},{"@type":"WebPage","@id":"https:\/\/lax.fm\/portal\/comunicados\/kia-comprometida-con-el-ambiente-en-puerto-rico\/#webpage","url":"https:\/\/lax.fm\/portal\/comunicados\/kia-comprometida-con-el-ambiente-en-puerto-rico\/","name":"Kia comprometida con el ambiente en Puerto Rico - La-X - Gente con la m\u00fasica por dentro","isPartOf":{"@id":"https:\/\/lax.fm\/portal\/#website"},"primaryImageOfPage":{"@id":"https:\/\/lax.fm\/portal\/comunicados\/kia-comprometida-con-el-ambiente-en-puerto-rico\/#primaryimage"},"datePublished":"2025-09-29T11:45:51+00:00","dateModified":"2025-09-29T11:46:26+00:00","author":{"@id":"https:\/\/lax.fm\/portal\/#\/schema\/person\/dffa89146b1fa98303668501e8ae48b8"},"breadcrumb":{"@id":"https:\/\/lax.fm\/portal\/comunicados\/kia-comprometida-con-el-ambiente-en-puerto-rico\/#breadcrumb"},"inLanguage":"en-US","potentialAction":[{"@type":"ReadAction","target":["https:\/\/lax.fm\/portal\/comunicados\/kia-comprometida-con-el-ambiente-en-puerto-rico\/"]}]},{"@type":"BreadcrumbList","@id":"https:\/\/lax.fm\/portal\/comunicados\/kia-comprometida-con-el-ambiente-en-puerto-rico\/#breadcrumb","itemListElement":[{"@type":"ListItem","position":1,"name":"Home","item":"https:\/\/lax.fm\/portal\/"},{"@type":"ListItem","position":2,"name":"Kia comprometida con el ambiente en Puerto Rico"}]},{"@type":"Person","@id":"https:\/\/lax.fm\/portal\/#\/schema\/person\/dffa89146b1fa98303668501e8ae48b8","name":"La X","image":{"@type":"ImageObject","@id":"https:\/\/lax.fm\/portal\/#personlogo","inLanguage":"en-US","url":"https:\/\/secure.gravatar.com\/avatar\/bd4bc52f18ab67b6950c7667e82f4b83?s=96&d=mm&r=g","contentUrl":"https:\/\/secure.gravatar.com\/avatar\/bd4bc52f18ab67b6950c7667e82f4b83?s=96&d=mm&r=g","caption":"La X"},"sameAs":["http:\/\/www.lax.fm","http:\/\/www.facebook.com\/laxpr","https:\/\/twitter.com\/http:\/\/www.twitter.com\/laxpr"],"url":"https:\/\/lax.fm\/portal\/author\/la-x\/"}]}},"_links":{"self":[{"href":"https:\/\/lax.fm\/portal\/wp-json\/wp\/v2\/posts\/6859"}],"collection":[{"href":"https:\/\/lax.fm\/portal\/wp-json\/wp\/v2\/posts"}],"about":[{"href":"https:\/\/lax.fm\/portal\/wp-json\/wp\/v2\/types\/post"}],"author":[{"embeddable":true,"href":"https:\/\/lax.fm\/portal\/wp-json\/wp\/v2\/users\/56"}],"replies":[{"embeddable":true,"href":"https:\/\/lax.fm\/portal\/wp-json\/wp\/v2\/comments?post=6859"}],"version-history":[{"count":2,"href":"https:\/\/lax.fm\/portal\/wp-json\/wp\/v2\/posts\/6859\/revisions"}],"predecessor-version":[{"id":6862,"href":"https:\/\/lax.fm\/portal\/wp-json\/wp\/v2\/posts\/6859\/revisions\/6862"}],"wp:featuredmedia":[{"embeddable":true,"href":"https:\/\/lax.fm\/portal\/wp-json\/wp\/v2\/media\/6860"}],"wp:attachment":[{"href":"https:\/\/lax.fm\/portal\/wp-json\/wp\/v2\/media?parent=6859"}],"wp:term":[{"taxonomy":"category","embeddable":true,"href":"https:\/\/lax.fm\/portal\/wp-json\/wp\/v2\/categories?post=6859"},{"taxonomy":"post_tag","embeddable":true,"href":"https:\/\/lax.fm\/portal\/wp-json\/wp\/v2\/tags?post=6859"}],"curies":[{"name":"wp","href":"https:\/\/api.w.org\/{rel}","templated":true}]}}