{"id":6851,"date":"2025-09-29T07:36:59","date_gmt":"2025-09-29T11:36:59","guid":{"rendered":"https:\/\/lax.fm\/portal\/?p=6851"},"modified":"2025-09-29T07:37:47","modified_gmt":"2025-09-29T11:37:47","slug":"rauw-alejandro-lanza-su-sexto-album-de-estudio-cosa-nuestra-capitulo-0","status":"publish","type":"post","link":"https:\/\/lax.fm\/portal\/comunicados\/rauw-alejandro-lanza-su-sexto-album-de-estudio-cosa-nuestra-capitulo-0\/","title":{"rendered":"Rauw Alejandro lanza su sexto \u00e1lbum de estudio \u2018Cosa Nuestra: Cap\u00edtulo 0\u2019"},"content":{"rendered":"\n<p>El dos veces ganador del Latin GRAMMY\u00ae y cuatro veces nominado al GRAMMY\u00ae, <strong><a href=\"https:\/\/www.instagram.com\/rauwalejandro\/\" target=\"_blank\" rel=\"noreferrer noopener\">Rauw Alejandro<\/a><\/strong>, contin\u00faa redefiniendo el panorama musical global con el lanzamiento de su esperado sexto \u00e1lbum de estudio <strong><a href=\"https:\/\/sml.lnk.to\/CosaNuestra0\" target=\"_blank\" rel=\"noreferrer noopener\">Cosa Nuestra: Cap\u00edtulo 0<\/a><\/strong>, a trav\u00e9s de Sony Music Latin. Escucha la colecci\u00f3n de 14 canciones AQU\u00cd, un homenaje moderno a los ritmos afrocaribe\u00f1os y a la bomba puertorrique\u00f1a, que reverencia al Caribe como un viaje eterno de ritmos, sangre y memoria.<\/p>\n\n\n\n<p>Cosa Nuestra: Cap\u00edtulo 0 llega respaldado por cuatro sencillos previos, incluido el \u00e9xito neo-bomba \u201cCarita Linda\u201d, que alcanz\u00f3 el No. 1 en Latin Airplay y Latin Pop Airplay; la fusi\u00f3n House-Bomba-Plena \u201cGuabanSexxx\u201d, que debut\u00f3 en el No. 1 en Hot Latin Pop Songs y se inspira en la diosa ta\u00edna de las tormentas y el caos para lograr una mezcla perfecta entre lo sensual y lo ancestral. El tema afrocaribe\u00f1o y cargado de tensi\u00f3n \u201cBuenos T\u00e9rminos\u201d y \u201cSanta\u201d junto a Rvssian y Ayra Starr, lanzado el a\u00f1o pasado con gran recibimiento del p\u00fablico. Tambi\u00e9n participan en el \u00e1lbum Mon Laferte, De La Rose, Wisin, \u00d1engo Flow, Jey One y Saso.<\/p>\n\n\n\n<p>El nuevo proyecto marca adem\u00e1s la incursi\u00f3n de Rauw en la salsa con temas originales, con sus primeras canciones del g\u00e9nero: \u201cCallej\u00f3n de los Secretos\u201d con Mon Laferte y \u201cMirando al Cielo\u201d, compuesta y producida junto al legendario d\u00fao padre e hijo Nino Segarra y D\u00edmelo Ninow, grabando por primera vez juntos. Asimismo, incluye la primera bachata de Rauw, \u201cSILENCIO\u201d, producida y escrita por Romeo Santos.<\/p>\n\n\n\n<p>Cosa Nuestra: Cap\u00edtulo 0 es el spin-off oficial y la historia de origen del aclamado quinto \u00e1lbum de estudio de Rauw, Cosa Nuestra, actualmente nominado a \u00c1lbum del A\u00f1o en la 26\u00aa Entrega Anual del Latin GRAMMY y a \u00c1lbum Latino del A\u00f1o en los Billboard Latin Music Awards 2025. El \u00e1lbum debut\u00f3 en el puesto #1 de la lista Latin Albums y en el #6 del Billboard 200, haciendo historia como el primer \u00e1lbum latino en colocar 15 canciones en el Spotify Global Top 200.<\/p>\n\n\n\n<p>Rauw recibi\u00f3 dos nominaciones para la 26\u00aa Entrega Anual del Latin GRAMMY, incluyendo Mejor Interpretaci\u00f3n de Reggaet\u00f3n por \u201cBaja Pa\u2019 Ac\u00e1\u201d junto a Alexis y Fido, adem\u00e1s de \u00c1lbum del A\u00f1o por Cosa Nuestra. Actualmente tambi\u00e9n est\u00e1 nominado a 14 premios Billboard Latin Music, incluyendo Artista del A\u00f1o, Gira del A\u00f1o y \u00c1lbum Latino del A\u00f1o.<\/p>\n\n\n\n<p>Aclamado como \u201cel mejor showman de la m\u00fasica latina\u201d por Rolling Stone, el alcance global de Rauw es indiscutible: arenas repletas de fans en Estados Unidos, Puerto Rico y Europa, todos vestidos al estilo de trajes a rayas y vestidos de gala, disfrutaron la gira mundial Cosa Nuestra, con entradas completamente agotadas. Tras rese\u00f1as elogiosas de medios como Billboard, Rolling Stone, Clash y El Mundo, la expectativa por la etapa latinoamericana de la gira est\u00e1 en su punto m\u00e1s alto. Boletos disponibles en Livenation.com para el tramo final, que comienza el lunes 13 de octubre con tres noches en Santiago, en el Movistar Arena, seguido de ciudades como Buenos Aires, S\u00e3o Paulo, Bogot\u00e1, Monterrey, Ciudad de M\u00e9xico y Guadalajara.<\/p>\n\n\n\n<h3>COSA NUESTRA: CAPI?TULO 0 TRACK LISTING<\/h3>\n\n\n\n<ol><li>\u201cCarita Linda\u201d<\/li><li>\u201cCaribe\u00f1o\u201d feat. Saso<\/li><li>\u201cGuabanSexxx\u201d<\/li><li>\u201cBuenos T\u00e9rminos\u201d<\/li><li>\u201cSILENCIO\u201d<\/li><li>\u201cEl Cuc0.0\u201d feat. Jey One<\/li><li>\u201cCONTRABANDO\u201d feat. Wisin &amp; \u00d1engo Flow<\/li><li>\u201cNostalgia de Onton?o\u201d feat. De La Rose<\/li><li>\u201cNA?UFRAGOS\u201d<\/li><li>\u201cBesito En La Frente\u201d<\/li><li>\u201cSanta\u201d feat. Rvssian &amp; Ayra Starr<\/li><li>\u201cCallejo?n de los Secretos\u201d feat. Mon Laferte<\/li><li>\u201cFALSEDAD\u201d<\/li><li>\u201cMirando Al Cielo\u201d<\/li><\/ol>\n\n\n\n<h3>FECHAS DE LA GIRA MUNDIAL COSA NUESTRA<br>AM\u00c9RICA LATINA<\/h3>\n\n\n\n<p>Lun 13 Oct | Santiago, CL | Movistar Arena<br>Mar 14 Oct | Santiago, CL | Movistar Arena<br>Mi\u00e9 15 Oct | Santiago, CL | Movistar Arena<br>S\u00e1b 18 Oct | Buenos Aires, AR | Movistar Arena<br>Dom 19 Oct | Buenos Aires, AR | Movistar Arena<br>Lun 20 Oct | Buenos Aires, AR | Movistar Arena<br>Mi\u00e9 22 Oct | S\u00e3o Paulo, BR | Vibra S\u00e3o Paulo<br>Dom 26 Oct | Bogot\u00e1, CO | Movistar Arena<br>Lun 27 Oct | Bogot\u00e1, CO | Movistar Arena<br>Mar 28 Oct | Bogot\u00e1, CO | Movistar Arena<br>Dom 2 Nov | Monterrey, MX | Arena Monterrey<br>Mar 4 Nov | Ciudad de M\u00e9xico, MX | Palacio de los Deportes<br>Mi\u00e9 5 Nov | Ciudad de M\u00e9xico, MX | Palacio de los Deportes<br>Jue 6 Nov | Ciudad de M\u00e9xico, MX | Palacio de los Deportes<br>S\u00e1b 8 Nov | Ciudad de M\u00e9xico, MX | Palacio de los Deportes<br>Dom 9 Nov | Ciudad de M\u00e9xico, MX | Palacio de los Deportes<br>S\u00e1b 15 Nov | Guadalajara, MX | Arena VFG<br>Dom 16 Nov | Guadalajara, MX | Arena VFG<br>Mar 18 Nov | Monterrey, MX | Arena Monterrey<br>Mi\u00e9 19 Nov | Monterrey, MX | Arena Monterrey<\/p>\n","protected":false},"excerpt":{"rendered":"<p>El dos veces ganador del Latin GRAMMY\u00ae y cuatro veces nominado al GRAMMY\u00ae, Rauw Alejandro, contin\u00faa redefiniendo el panorama musical global con el lanzamiento de su esperado sexto \u00e1lbum de estudio Cosa Nuestra: Cap\u00edtulo 0, a trav\u00e9s de Sony Music Latin. Escucha la colecci\u00f3n de 14 canciones AQU\u00cd, un homenaje moderno a los ritmos afrocaribe\u00f1os [&#8230;]<\/p>\n","protected":false},"author":56,"featured_media":6854,"comment_status":"open","ping_status":"open","sticky":false,"template":"","format":"standard","meta":{"_monsterinsights_skip_tracking":false,"_monsterinsights_sitenote_active":false,"_monsterinsights_sitenote_note":"","_monsterinsights_sitenote_category":0},"categories":[481],"tags":[820,438],"yoast_head":"<!-- This site is optimized with the Yoast SEO plugin v18.2 - https:\/\/yoast.com\/wordpress\/plugins\/seo\/ -->\n<meta name=\"robots\" content=\"index, follow, max-snippet:-1, max-image-preview:large, max-video-preview:-1\" \/>\n<link rel=\"canonical\" href=\"https:\/\/lax.fm\/portal\/comunicados\/rauw-alejandro-lanza-su-sexto-album-de-estudio-cosa-nuestra-capitulo-0\/\" \/>\n<meta property=\"og:locale\" content=\"en_US\" \/>\n<meta property=\"og:type\" content=\"article\" \/>\n<meta property=\"og:title\" content=\"Rauw Alejandro lanza su sexto \u00e1lbum de estudio \u2018Cosa Nuestra: Cap\u00edtulo 0\u2019 - La-X - Gente con la m\u00fasica por dentro\" \/>\n<meta property=\"og:description\" content=\"El dos veces ganador del Latin GRAMMY\u00ae y cuatro veces nominado al GRAMMY\u00ae, Rauw Alejandro, contin\u00faa redefiniendo el panorama musical global con el lanzamiento de su esperado sexto \u00e1lbum de estudio Cosa Nuestra: Cap\u00edtulo 0, a trav\u00e9s de Sony Music Latin. Escucha la colecci\u00f3n de 14 canciones AQU\u00cd, un homenaje moderno a los ritmos afrocaribe\u00f1os [...]\" \/>\n<meta property=\"og:url\" content=\"https:\/\/lax.fm\/portal\/comunicados\/rauw-alejandro-lanza-su-sexto-album-de-estudio-cosa-nuestra-capitulo-0\/\" \/>\n<meta property=\"og:site_name\" content=\"La-X - Gente con la m\u00fasica por dentro\" \/>\n<meta property=\"article:publisher\" content=\"http:\/\/www.facebook.com\/laxpr\" \/>\n<meta property=\"article:author\" content=\"http:\/\/www.facebook.com\/laxpr\" \/>\n<meta property=\"article:published_time\" content=\"2025-09-29T11:36:59+00:00\" \/>\n<meta property=\"article:modified_time\" content=\"2025-09-29T11:37:47+00:00\" \/>\n<meta property=\"og:image\" content=\"http:\/\/lax.fm\/portal\/wp-content\/uploads\/2025\/09\/Rauw-Alejandro.jpg\" \/>\n\t<meta property=\"og:image:width\" content=\"1000\" \/>\n\t<meta property=\"og:image:height\" content=\"500\" \/>\n\t<meta property=\"og:image:type\" content=\"image\/jpeg\" \/>\n<meta name=\"twitter:card\" content=\"summary\" \/>\n<meta name=\"twitter:creator\" content=\"@http:\/\/www.twitter.com\/laxpr\" \/>\n<meta name=\"twitter:site\" content=\"@laxpr\" \/>\n<meta name=\"twitter:label1\" content=\"Written by\" \/>\n\t<meta name=\"twitter:data1\" content=\"La X\" \/>\n\t<meta name=\"twitter:label2\" content=\"Est. reading time\" \/>\n\t<meta name=\"twitter:data2\" content=\"4 minutes\" \/>\n<script type=\"application\/ld+json\" class=\"yoast-schema-graph\">{\"@context\":\"https:\/\/schema.org\",\"@graph\":[{\"@type\":\"WebSite\",\"@id\":\"https:\/\/lax.fm\/portal\/#website\",\"url\":\"https:\/\/lax.fm\/portal\/\",\"name\":\"La-X - Gente con la m\u00fasica por dentro\",\"description\":\"Radio Visual\",\"potentialAction\":[{\"@type\":\"SearchAction\",\"target\":{\"@type\":\"EntryPoint\",\"urlTemplate\":\"https:\/\/lax.fm\/portal\/?s={search_term_string}\"},\"query-input\":\"required name=search_term_string\"}],\"inLanguage\":\"en-US\"},{\"@type\":\"ImageObject\",\"@id\":\"https:\/\/lax.fm\/portal\/comunicados\/rauw-alejandro-lanza-su-sexto-album-de-estudio-cosa-nuestra-capitulo-0\/#primaryimage\",\"inLanguage\":\"en-US\",\"url\":\"https:\/\/lax.fm\/portal\/wp-content\/uploads\/2025\/09\/Rauw-Alejandro.jpg\",\"contentUrl\":\"https:\/\/lax.fm\/portal\/wp-content\/uploads\/2025\/09\/Rauw-Alejandro.jpg\",\"width\":1000,\"height\":500,\"caption\":\"Rauw Alejandro\"},{\"@type\":\"WebPage\",\"@id\":\"https:\/\/lax.fm\/portal\/comunicados\/rauw-alejandro-lanza-su-sexto-album-de-estudio-cosa-nuestra-capitulo-0\/#webpage\",\"url\":\"https:\/\/lax.fm\/portal\/comunicados\/rauw-alejandro-lanza-su-sexto-album-de-estudio-cosa-nuestra-capitulo-0\/\",\"name\":\"Rauw Alejandro lanza su sexto \u00e1lbum de estudio \u2018Cosa Nuestra: Cap\u00edtulo 0\u2019 - La-X - Gente con la m\u00fasica por dentro\",\"isPartOf\":{\"@id\":\"https:\/\/lax.fm\/portal\/#website\"},\"primaryImageOfPage\":{\"@id\":\"https:\/\/lax.fm\/portal\/comunicados\/rauw-alejandro-lanza-su-sexto-album-de-estudio-cosa-nuestra-capitulo-0\/#primaryimage\"},\"datePublished\":\"2025-09-29T11:36:59+00:00\",\"dateModified\":\"2025-09-29T11:37:47+00:00\",\"author\":{\"@id\":\"https:\/\/lax.fm\/portal\/#\/schema\/person\/dffa89146b1fa98303668501e8ae48b8\"},\"breadcrumb\":{\"@id\":\"https:\/\/lax.fm\/portal\/comunicados\/rauw-alejandro-lanza-su-sexto-album-de-estudio-cosa-nuestra-capitulo-0\/#breadcrumb\"},\"inLanguage\":\"en-US\",\"potentialAction\":[{\"@type\":\"ReadAction\",\"target\":[\"https:\/\/lax.fm\/portal\/comunicados\/rauw-alejandro-lanza-su-sexto-album-de-estudio-cosa-nuestra-capitulo-0\/\"]}]},{\"@type\":\"BreadcrumbList\",\"@id\":\"https:\/\/lax.fm\/portal\/comunicados\/rauw-alejandro-lanza-su-sexto-album-de-estudio-cosa-nuestra-capitulo-0\/#breadcrumb\",\"itemListElement\":[{\"@type\":\"ListItem\",\"position\":1,\"name\":\"Home\",\"item\":\"https:\/\/lax.fm\/portal\/\"},{\"@type\":\"ListItem\",\"position\":2,\"name\":\"Rauw Alejandro lanza su sexto \u00e1lbum de estudio \u2018Cosa Nuestra: Cap\u00edtulo 0\u2019\"}]},{\"@type\":\"Person\",\"@id\":\"https:\/\/lax.fm\/portal\/#\/schema\/person\/dffa89146b1fa98303668501e8ae48b8\",\"name\":\"La X\",\"image\":{\"@type\":\"ImageObject\",\"@id\":\"https:\/\/lax.fm\/portal\/#personlogo\",\"inLanguage\":\"en-US\",\"url\":\"https:\/\/secure.gravatar.com\/avatar\/bd4bc52f18ab67b6950c7667e82f4b83?s=96&d=mm&r=g\",\"contentUrl\":\"https:\/\/secure.gravatar.com\/avatar\/bd4bc52f18ab67b6950c7667e82f4b83?s=96&d=mm&r=g\",\"caption\":\"La X\"},\"sameAs\":[\"http:\/\/www.lax.fm\",\"http:\/\/www.facebook.com\/laxpr\",\"https:\/\/twitter.com\/http:\/\/www.twitter.com\/laxpr\"],\"url\":\"https:\/\/lax.fm\/portal\/author\/la-x\/\"}]}<\/script>\n<!-- \/ Yoast SEO plugin. -->","yoast_head_json":{"robots":{"index":"index","follow":"follow","max-snippet":"max-snippet:-1","max-image-preview":"max-image-preview:large","max-video-preview":"max-video-preview:-1"},"canonical":"https:\/\/lax.fm\/portal\/comunicados\/rauw-alejandro-lanza-su-sexto-album-de-estudio-cosa-nuestra-capitulo-0\/","og_locale":"en_US","og_type":"article","og_title":"Rauw Alejandro lanza su sexto \u00e1lbum de estudio \u2018Cosa Nuestra: Cap\u00edtulo 0\u2019 - La-X - Gente con la m\u00fasica por dentro","og_description":"El dos veces ganador del Latin GRAMMY\u00ae y cuatro veces nominado al GRAMMY\u00ae, Rauw Alejandro, contin\u00faa redefiniendo el panorama musical global con el lanzamiento de su esperado sexto \u00e1lbum de estudio Cosa Nuestra: Cap\u00edtulo 0, a trav\u00e9s de Sony Music Latin. Escucha la colecci\u00f3n de 14 canciones AQU\u00cd, un homenaje moderno a los ritmos afrocaribe\u00f1os [...]","og_url":"https:\/\/lax.fm\/portal\/comunicados\/rauw-alejandro-lanza-su-sexto-album-de-estudio-cosa-nuestra-capitulo-0\/","og_site_name":"La-X - Gente con la m\u00fasica por dentro","article_publisher":"http:\/\/www.facebook.com\/laxpr","article_author":"http:\/\/www.facebook.com\/laxpr","article_published_time":"2025-09-29T11:36:59+00:00","article_modified_time":"2025-09-29T11:37:47+00:00","og_image":[{"width":1000,"height":500,"url":"http:\/\/lax.fm\/portal\/wp-content\/uploads\/2025\/09\/Rauw-Alejandro.jpg","type":"image\/jpeg"}],"twitter_card":"summary","twitter_creator":"@http:\/\/www.twitter.com\/laxpr","twitter_site":"@laxpr","twitter_misc":{"Written by":"La X","Est. reading time":"4 minutes"},"schema":{"@context":"https:\/\/schema.org","@graph":[{"@type":"WebSite","@id":"https:\/\/lax.fm\/portal\/#website","url":"https:\/\/lax.fm\/portal\/","name":"La-X - Gente con la m\u00fasica por dentro","description":"Radio Visual","potentialAction":[{"@type":"SearchAction","target":{"@type":"EntryPoint","urlTemplate":"https:\/\/lax.fm\/portal\/?s={search_term_string}"},"query-input":"required name=search_term_string"}],"inLanguage":"en-US"},{"@type":"ImageObject","@id":"https:\/\/lax.fm\/portal\/comunicados\/rauw-alejandro-lanza-su-sexto-album-de-estudio-cosa-nuestra-capitulo-0\/#primaryimage","inLanguage":"en-US","url":"https:\/\/lax.fm\/portal\/wp-content\/uploads\/2025\/09\/Rauw-Alejandro.jpg","contentUrl":"https:\/\/lax.fm\/portal\/wp-content\/uploads\/2025\/09\/Rauw-Alejandro.jpg","width":1000,"height":500,"caption":"Rauw Alejandro"},{"@type":"WebPage","@id":"https:\/\/lax.fm\/portal\/comunicados\/rauw-alejandro-lanza-su-sexto-album-de-estudio-cosa-nuestra-capitulo-0\/#webpage","url":"https:\/\/lax.fm\/portal\/comunicados\/rauw-alejandro-lanza-su-sexto-album-de-estudio-cosa-nuestra-capitulo-0\/","name":"Rauw Alejandro lanza su sexto \u00e1lbum de estudio \u2018Cosa Nuestra: Cap\u00edtulo 0\u2019 - La-X - Gente con la m\u00fasica por dentro","isPartOf":{"@id":"https:\/\/lax.fm\/portal\/#website"},"primaryImageOfPage":{"@id":"https:\/\/lax.fm\/portal\/comunicados\/rauw-alejandro-lanza-su-sexto-album-de-estudio-cosa-nuestra-capitulo-0\/#primaryimage"},"datePublished":"2025-09-29T11:36:59+00:00","dateModified":"2025-09-29T11:37:47+00:00","author":{"@id":"https:\/\/lax.fm\/portal\/#\/schema\/person\/dffa89146b1fa98303668501e8ae48b8"},"breadcrumb":{"@id":"https:\/\/lax.fm\/portal\/comunicados\/rauw-alejandro-lanza-su-sexto-album-de-estudio-cosa-nuestra-capitulo-0\/#breadcrumb"},"inLanguage":"en-US","potentialAction":[{"@type":"ReadAction","target":["https:\/\/lax.fm\/portal\/comunicados\/rauw-alejandro-lanza-su-sexto-album-de-estudio-cosa-nuestra-capitulo-0\/"]}]},{"@type":"BreadcrumbList","@id":"https:\/\/lax.fm\/portal\/comunicados\/rauw-alejandro-lanza-su-sexto-album-de-estudio-cosa-nuestra-capitulo-0\/#breadcrumb","itemListElement":[{"@type":"ListItem","position":1,"name":"Home","item":"https:\/\/lax.fm\/portal\/"},{"@type":"ListItem","position":2,"name":"Rauw Alejandro lanza su sexto \u00e1lbum de estudio \u2018Cosa Nuestra: Cap\u00edtulo 0\u2019"}]},{"@type":"Person","@id":"https:\/\/lax.fm\/portal\/#\/schema\/person\/dffa89146b1fa98303668501e8ae48b8","name":"La X","image":{"@type":"ImageObject","@id":"https:\/\/lax.fm\/portal\/#personlogo","inLanguage":"en-US","url":"https:\/\/secure.gravatar.com\/avatar\/bd4bc52f18ab67b6950c7667e82f4b83?s=96&d=mm&r=g","contentUrl":"https:\/\/secure.gravatar.com\/avatar\/bd4bc52f18ab67b6950c7667e82f4b83?s=96&d=mm&r=g","caption":"La X"},"sameAs":["http:\/\/www.lax.fm","http:\/\/www.facebook.com\/laxpr","https:\/\/twitter.com\/http:\/\/www.twitter.com\/laxpr"],"url":"https:\/\/lax.fm\/portal\/author\/la-x\/"}]}},"_links":{"self":[{"href":"https:\/\/lax.fm\/portal\/wp-json\/wp\/v2\/posts\/6851"}],"collection":[{"href":"https:\/\/lax.fm\/portal\/wp-json\/wp\/v2\/posts"}],"about":[{"href":"https:\/\/lax.fm\/portal\/wp-json\/wp\/v2\/types\/post"}],"author":[{"embeddable":true,"href":"https:\/\/lax.fm\/portal\/wp-json\/wp\/v2\/users\/56"}],"replies":[{"embeddable":true,"href":"https:\/\/lax.fm\/portal\/wp-json\/wp\/v2\/comments?post=6851"}],"version-history":[{"count":4,"href":"https:\/\/lax.fm\/portal\/wp-json\/wp\/v2\/posts\/6851\/revisions"}],"predecessor-version":[{"id":6858,"href":"https:\/\/lax.fm\/portal\/wp-json\/wp\/v2\/posts\/6851\/revisions\/6858"}],"wp:featuredmedia":[{"embeddable":true,"href":"https:\/\/lax.fm\/portal\/wp-json\/wp\/v2\/media\/6854"}],"wp:attachment":[{"href":"https:\/\/lax.fm\/portal\/wp-json\/wp\/v2\/media?parent=6851"}],"wp:term":[{"taxonomy":"category","embeddable":true,"href":"https:\/\/lax.fm\/portal\/wp-json\/wp\/v2\/categories?post=6851"},{"taxonomy":"post_tag","embeddable":true,"href":"https:\/\/lax.fm\/portal\/wp-json\/wp\/v2\/tags?post=6851"}],"curies":[{"name":"wp","href":"https:\/\/api.w.org\/{rel}","templated":true}]}}