{"id":6848,"date":"2025-09-23T21:54:15","date_gmt":"2025-09-24T01:54:15","guid":{"rendered":"https:\/\/lax.fm\/portal\/?p=6848"},"modified":"2025-09-23T21:54:36","modified_gmt":"2025-09-24T01:54:36","slug":"bottles-abre-su-segunda-sede-en-dorado","status":"publish","type":"post","link":"https:\/\/lax.fm\/portal\/comunicados\/bottles-abre-su-segunda-sede-en-dorado\/","title":{"rendered":"Bottles abre su segunda sede en Dorado"},"content":{"rendered":"\n<p>Tras casi tres d\u00e9cadas de ser el l\u00edder en la escena gastron\u00f3mica y vin\u00edcola del pa\u00eds, Bottles inaugura oficialmente su segundo espacio en Dorado, reafirmando su posici\u00f3n como instituci\u00f3n de la alta cocina y el vino en Puerto Rico.<\/p>\n\n\n\n<p>El nuevo restaurante y tienda de vinos, Bottles Dorado, llega con la misma filosof\u00eda que ha distinguido a la marca: una experiencia culinaria de primer nivel acompa\u00f1ada de una de las selecciones de vinos m\u00e1s completas y reconocidas de la Isla.<\/p>\n\n\n\n<p>\u201c<em>Bottles ha sido, por 29 a\u00f1os, un lugar donde la buena mesa y la pasi\u00f3n por el vino se encuentran. Abrir en Dorado representa un paso natural en nuestra evoluci\u00f3n, acerc\u00e1ndonos a una comunidad vibrante y cosmopolita que valora la excelencia gastron\u00f3mica<\/em>\u201d, expres\u00f3 Robert Weakley, socio de Bottles.<\/p>\n\n\n\n<p>Por su parte, Abe Ruiz, socio operador de la marca, destac\u00f3 que esta nueva sede ofrecer\u00e1 un ambiente bien similar, pero moderno y regresando a su origen, pues cuenta con un \u00e1rea de deli, como comenz\u00f3 la marca: \u201c<em>Queremos que nuestros invitados sientan que Bottles Dorado es tanto un lugar para descubrir sabores y etiquetas \u00fanicas, como un espacio donde celebrar momentos especiales.<\/em>\u201d<\/p>\n\n\n\n<p>Esta expansi\u00f3n no solo representa el crecimiento de la marca, sino tambi\u00e9n una importante aportaci\u00f3n al desarrollo econ\u00f3mico local.<\/p>\n\n\n\n<p>La propuesta en Dorado re\u00fane un restaurante con un men\u00fa dise\u00f1ado para resaltar ingredientes frescos y t\u00e9cnicas culinarias internacionales, acompa\u00f1ado de una enoteca que presenta etiquetas de todo el mundo seleccionadas por expertos sommeliers. Weakley, con su experiencia no solo en restaurantes en Estados Unidos, tambi\u00e9n es sommelier certificado.<\/p>\n\n\n\n<p>Como parte de la expansi\u00f3n, tambi\u00e9n contar\u00e1 con un Deli &amp; Butcher Shop, donde los visitantes podr\u00e1n adquirir cortes de primera calidad, mariscos y pescados de temporada frescos, adem\u00e1s de degustar los emparedados emblem\u00e1ticos que han definido a Bottles como un cl\u00e1sico. Todo ello enmarcado en un ambiente elegante y contempor\u00e1neo, ideal tanto para almuerzos ejecutivos como para cenas familiares y de grupos, que busca mantener la esencia que ha convertido a Bottles en una instituci\u00f3n gastron\u00f3mica en Puerto Rico.<\/p>\n","protected":false},"excerpt":{"rendered":"<p>Tras casi tres d\u00e9cadas de ser el l\u00edder en la escena gastron\u00f3mica y vin\u00edcola del pa\u00eds, Bottles inaugura oficialmente su segundo espacio en Dorado, reafirmando su posici\u00f3n como instituci\u00f3n de la alta cocina y el vino en Puerto Rico.<\/p>\n<p>El nuevo restaurante y tienda de vinos, Bottles Dorado, llega con la misma filosof\u00eda que ha distinguido [&#8230;]<\/p>\n","protected":false},"author":56,"featured_media":6849,"comment_status":"open","ping_status":"open","sticky":false,"template":"","format":"standard","meta":{"_monsterinsights_skip_tracking":false,"_monsterinsights_sitenote_active":false,"_monsterinsights_sitenote_note":"","_monsterinsights_sitenote_category":0},"categories":[481],"tags":[820,1319],"yoast_head":"<!-- This site is optimized with the Yoast SEO plugin v18.2 - https:\/\/yoast.com\/wordpress\/plugins\/seo\/ -->\n<meta name=\"robots\" content=\"index, follow, max-snippet:-1, max-image-preview:large, max-video-preview:-1\" \/>\n<link rel=\"canonical\" href=\"https:\/\/lax.fm\/portal\/comunicados\/bottles-abre-su-segunda-sede-en-dorado\/\" \/>\n<meta property=\"og:locale\" content=\"en_US\" \/>\n<meta property=\"og:type\" content=\"article\" \/>\n<meta property=\"og:title\" content=\"Bottles abre su segunda sede en Dorado - La-X - Gente con la m\u00fasica por dentro\" \/>\n<meta property=\"og:description\" content=\"Tras casi tres d\u00e9cadas de ser el l\u00edder en la escena gastron\u00f3mica y vin\u00edcola del pa\u00eds, Bottles inaugura oficialmente su segundo espacio en Dorado, reafirmando su posici\u00f3n como instituci\u00f3n de la alta cocina y el vino en Puerto Rico.  El nuevo restaurante y tienda de vinos, Bottles Dorado, llega con la misma filosof\u00eda que ha distinguido [...]\" \/>\n<meta property=\"og:url\" content=\"https:\/\/lax.fm\/portal\/comunicados\/bottles-abre-su-segunda-sede-en-dorado\/\" \/>\n<meta property=\"og:site_name\" content=\"La-X - Gente con la m\u00fasica por dentro\" \/>\n<meta property=\"article:publisher\" content=\"http:\/\/www.facebook.com\/laxpr\" \/>\n<meta property=\"article:author\" content=\"http:\/\/www.facebook.com\/laxpr\" \/>\n<meta property=\"article:published_time\" content=\"2025-09-24T01:54:15+00:00\" \/>\n<meta property=\"article:modified_time\" content=\"2025-09-24T01:54:36+00:00\" \/>\n<meta property=\"og:image\" content=\"http:\/\/lax.fm\/portal\/wp-content\/uploads\/2025\/09\/Bottles-Dorado.jpg\" \/>\n\t<meta property=\"og:image:width\" content=\"1000\" \/>\n\t<meta property=\"og:image:height\" content=\"500\" \/>\n\t<meta property=\"og:image:type\" content=\"image\/jpeg\" \/>\n<meta name=\"twitter:card\" content=\"summary\" \/>\n<meta name=\"twitter:creator\" content=\"@http:\/\/www.twitter.com\/laxpr\" \/>\n<meta name=\"twitter:site\" content=\"@laxpr\" \/>\n<meta name=\"twitter:label1\" content=\"Written by\" \/>\n\t<meta name=\"twitter:data1\" content=\"La X\" \/>\n\t<meta name=\"twitter:label2\" content=\"Est. reading time\" \/>\n\t<meta name=\"twitter:data2\" content=\"2 minutes\" \/>\n<script type=\"application\/ld+json\" class=\"yoast-schema-graph\">{\"@context\":\"https:\/\/schema.org\",\"@graph\":[{\"@type\":\"WebSite\",\"@id\":\"https:\/\/lax.fm\/portal\/#website\",\"url\":\"https:\/\/lax.fm\/portal\/\",\"name\":\"La-X - Gente con la m\u00fasica por dentro\",\"description\":\"Radio Visual\",\"potentialAction\":[{\"@type\":\"SearchAction\",\"target\":{\"@type\":\"EntryPoint\",\"urlTemplate\":\"https:\/\/lax.fm\/portal\/?s={search_term_string}\"},\"query-input\":\"required name=search_term_string\"}],\"inLanguage\":\"en-US\"},{\"@type\":\"ImageObject\",\"@id\":\"https:\/\/lax.fm\/portal\/comunicados\/bottles-abre-su-segunda-sede-en-dorado\/#primaryimage\",\"inLanguage\":\"en-US\",\"url\":\"https:\/\/lax.fm\/portal\/wp-content\/uploads\/2025\/09\/Bottles-Dorado.jpg\",\"contentUrl\":\"https:\/\/lax.fm\/portal\/wp-content\/uploads\/2025\/09\/Bottles-Dorado.jpg\",\"width\":1000,\"height\":500},{\"@type\":\"WebPage\",\"@id\":\"https:\/\/lax.fm\/portal\/comunicados\/bottles-abre-su-segunda-sede-en-dorado\/#webpage\",\"url\":\"https:\/\/lax.fm\/portal\/comunicados\/bottles-abre-su-segunda-sede-en-dorado\/\",\"name\":\"Bottles abre su segunda sede en Dorado - La-X - Gente con la m\u00fasica por dentro\",\"isPartOf\":{\"@id\":\"https:\/\/lax.fm\/portal\/#website\"},\"primaryImageOfPage\":{\"@id\":\"https:\/\/lax.fm\/portal\/comunicados\/bottles-abre-su-segunda-sede-en-dorado\/#primaryimage\"},\"datePublished\":\"2025-09-24T01:54:15+00:00\",\"dateModified\":\"2025-09-24T01:54:36+00:00\",\"author\":{\"@id\":\"https:\/\/lax.fm\/portal\/#\/schema\/person\/dffa89146b1fa98303668501e8ae48b8\"},\"breadcrumb\":{\"@id\":\"https:\/\/lax.fm\/portal\/comunicados\/bottles-abre-su-segunda-sede-en-dorado\/#breadcrumb\"},\"inLanguage\":\"en-US\",\"potentialAction\":[{\"@type\":\"ReadAction\",\"target\":[\"https:\/\/lax.fm\/portal\/comunicados\/bottles-abre-su-segunda-sede-en-dorado\/\"]}]},{\"@type\":\"BreadcrumbList\",\"@id\":\"https:\/\/lax.fm\/portal\/comunicados\/bottles-abre-su-segunda-sede-en-dorado\/#breadcrumb\",\"itemListElement\":[{\"@type\":\"ListItem\",\"position\":1,\"name\":\"Home\",\"item\":\"https:\/\/lax.fm\/portal\/\"},{\"@type\":\"ListItem\",\"position\":2,\"name\":\"Bottles abre su segunda sede en Dorado\"}]},{\"@type\":\"Person\",\"@id\":\"https:\/\/lax.fm\/portal\/#\/schema\/person\/dffa89146b1fa98303668501e8ae48b8\",\"name\":\"La X\",\"image\":{\"@type\":\"ImageObject\",\"@id\":\"https:\/\/lax.fm\/portal\/#personlogo\",\"inLanguage\":\"en-US\",\"url\":\"https:\/\/secure.gravatar.com\/avatar\/bd4bc52f18ab67b6950c7667e82f4b83?s=96&d=mm&r=g\",\"contentUrl\":\"https:\/\/secure.gravatar.com\/avatar\/bd4bc52f18ab67b6950c7667e82f4b83?s=96&d=mm&r=g\",\"caption\":\"La X\"},\"sameAs\":[\"http:\/\/www.lax.fm\",\"http:\/\/www.facebook.com\/laxpr\",\"https:\/\/twitter.com\/http:\/\/www.twitter.com\/laxpr\"],\"url\":\"https:\/\/lax.fm\/portal\/author\/la-x\/\"}]}<\/script>\n<!-- \/ Yoast SEO plugin. -->","yoast_head_json":{"robots":{"index":"index","follow":"follow","max-snippet":"max-snippet:-1","max-image-preview":"max-image-preview:large","max-video-preview":"max-video-preview:-1"},"canonical":"https:\/\/lax.fm\/portal\/comunicados\/bottles-abre-su-segunda-sede-en-dorado\/","og_locale":"en_US","og_type":"article","og_title":"Bottles abre su segunda sede en Dorado - La-X - Gente con la m\u00fasica por dentro","og_description":"Tras casi tres d\u00e9cadas de ser el l\u00edder en la escena gastron\u00f3mica y vin\u00edcola del pa\u00eds, Bottles inaugura oficialmente su segundo espacio en Dorado, reafirmando su posici\u00f3n como instituci\u00f3n de la alta cocina y el vino en Puerto Rico.  El nuevo restaurante y tienda de vinos, Bottles Dorado, llega con la misma filosof\u00eda que ha distinguido [...]","og_url":"https:\/\/lax.fm\/portal\/comunicados\/bottles-abre-su-segunda-sede-en-dorado\/","og_site_name":"La-X - Gente con la m\u00fasica por dentro","article_publisher":"http:\/\/www.facebook.com\/laxpr","article_author":"http:\/\/www.facebook.com\/laxpr","article_published_time":"2025-09-24T01:54:15+00:00","article_modified_time":"2025-09-24T01:54:36+00:00","og_image":[{"width":1000,"height":500,"url":"http:\/\/lax.fm\/portal\/wp-content\/uploads\/2025\/09\/Bottles-Dorado.jpg","type":"image\/jpeg"}],"twitter_card":"summary","twitter_creator":"@http:\/\/www.twitter.com\/laxpr","twitter_site":"@laxpr","twitter_misc":{"Written by":"La X","Est. reading time":"2 minutes"},"schema":{"@context":"https:\/\/schema.org","@graph":[{"@type":"WebSite","@id":"https:\/\/lax.fm\/portal\/#website","url":"https:\/\/lax.fm\/portal\/","name":"La-X - Gente con la m\u00fasica por dentro","description":"Radio Visual","potentialAction":[{"@type":"SearchAction","target":{"@type":"EntryPoint","urlTemplate":"https:\/\/lax.fm\/portal\/?s={search_term_string}"},"query-input":"required name=search_term_string"}],"inLanguage":"en-US"},{"@type":"ImageObject","@id":"https:\/\/lax.fm\/portal\/comunicados\/bottles-abre-su-segunda-sede-en-dorado\/#primaryimage","inLanguage":"en-US","url":"https:\/\/lax.fm\/portal\/wp-content\/uploads\/2025\/09\/Bottles-Dorado.jpg","contentUrl":"https:\/\/lax.fm\/portal\/wp-content\/uploads\/2025\/09\/Bottles-Dorado.jpg","width":1000,"height":500},{"@type":"WebPage","@id":"https:\/\/lax.fm\/portal\/comunicados\/bottles-abre-su-segunda-sede-en-dorado\/#webpage","url":"https:\/\/lax.fm\/portal\/comunicados\/bottles-abre-su-segunda-sede-en-dorado\/","name":"Bottles abre su segunda sede en Dorado - La-X - Gente con la m\u00fasica por dentro","isPartOf":{"@id":"https:\/\/lax.fm\/portal\/#website"},"primaryImageOfPage":{"@id":"https:\/\/lax.fm\/portal\/comunicados\/bottles-abre-su-segunda-sede-en-dorado\/#primaryimage"},"datePublished":"2025-09-24T01:54:15+00:00","dateModified":"2025-09-24T01:54:36+00:00","author":{"@id":"https:\/\/lax.fm\/portal\/#\/schema\/person\/dffa89146b1fa98303668501e8ae48b8"},"breadcrumb":{"@id":"https:\/\/lax.fm\/portal\/comunicados\/bottles-abre-su-segunda-sede-en-dorado\/#breadcrumb"},"inLanguage":"en-US","potentialAction":[{"@type":"ReadAction","target":["https:\/\/lax.fm\/portal\/comunicados\/bottles-abre-su-segunda-sede-en-dorado\/"]}]},{"@type":"BreadcrumbList","@id":"https:\/\/lax.fm\/portal\/comunicados\/bottles-abre-su-segunda-sede-en-dorado\/#breadcrumb","itemListElement":[{"@type":"ListItem","position":1,"name":"Home","item":"https:\/\/lax.fm\/portal\/"},{"@type":"ListItem","position":2,"name":"Bottles abre su segunda sede en Dorado"}]},{"@type":"Person","@id":"https:\/\/lax.fm\/portal\/#\/schema\/person\/dffa89146b1fa98303668501e8ae48b8","name":"La X","image":{"@type":"ImageObject","@id":"https:\/\/lax.fm\/portal\/#personlogo","inLanguage":"en-US","url":"https:\/\/secure.gravatar.com\/avatar\/bd4bc52f18ab67b6950c7667e82f4b83?s=96&d=mm&r=g","contentUrl":"https:\/\/secure.gravatar.com\/avatar\/bd4bc52f18ab67b6950c7667e82f4b83?s=96&d=mm&r=g","caption":"La X"},"sameAs":["http:\/\/www.lax.fm","http:\/\/www.facebook.com\/laxpr","https:\/\/twitter.com\/http:\/\/www.twitter.com\/laxpr"],"url":"https:\/\/lax.fm\/portal\/author\/la-x\/"}]}},"_links":{"self":[{"href":"https:\/\/lax.fm\/portal\/wp-json\/wp\/v2\/posts\/6848"}],"collection":[{"href":"https:\/\/lax.fm\/portal\/wp-json\/wp\/v2\/posts"}],"about":[{"href":"https:\/\/lax.fm\/portal\/wp-json\/wp\/v2\/types\/post"}],"author":[{"embeddable":true,"href":"https:\/\/lax.fm\/portal\/wp-json\/wp\/v2\/users\/56"}],"replies":[{"embeddable":true,"href":"https:\/\/lax.fm\/portal\/wp-json\/wp\/v2\/comments?post=6848"}],"version-history":[{"count":1,"href":"https:\/\/lax.fm\/portal\/wp-json\/wp\/v2\/posts\/6848\/revisions"}],"predecessor-version":[{"id":6850,"href":"https:\/\/lax.fm\/portal\/wp-json\/wp\/v2\/posts\/6848\/revisions\/6850"}],"wp:featuredmedia":[{"embeddable":true,"href":"https:\/\/lax.fm\/portal\/wp-json\/wp\/v2\/media\/6849"}],"wp:attachment":[{"href":"https:\/\/lax.fm\/portal\/wp-json\/wp\/v2\/media?parent=6848"}],"wp:term":[{"taxonomy":"category","embeddable":true,"href":"https:\/\/lax.fm\/portal\/wp-json\/wp\/v2\/categories?post=6848"},{"taxonomy":"post_tag","embeddable":true,"href":"https:\/\/lax.fm\/portal\/wp-json\/wp\/v2\/tags?post=6848"}],"curies":[{"name":"wp","href":"https:\/\/api.w.org\/{rel}","templated":true}]}}