{"id":6813,"date":"2025-09-01T13:55:45","date_gmt":"2025-09-01T17:55:45","guid":{"rendered":"https:\/\/lax.fm\/portal\/?p=6813"},"modified":"2025-09-01T13:58:03","modified_gmt":"2025-09-01T17:58:03","slug":"ikea-lanza-la-coleccion-stockholm-2025-diseno-escandinavo-que-despierta-emociones","status":"publish","type":"post","link":"https:\/\/lax.fm\/portal\/comunicados\/ikea-lanza-la-coleccion-stockholm-2025-diseno-escandinavo-que-despierta-emociones\/","title":{"rendered":"IKEA lanza la colecci\u00f3n STOCKHOLM 2025: dise\u00f1o escandinavo que despierta emociones"},"content":{"rendered":"\n<p>IKEA present\u00f3 oficialmente su nueva colecci\u00f3n STOCKHOLM 2025, una propuesta que eleva el dise\u00f1o escandinavo tradicional al combinarlo con calidez, color y personalidad. Durante un evento exclusivo en su tienda IKEA Bayam\u00f3n, la marca sorprendi\u00f3 con una l\u00ednea de muebles que no solo embellecen los espacios, sino que buscan conectar emocionalmente con quienes los habitan.<\/p>\n\n\n\n<p>STOCKHOLM, representa una evoluci\u00f3n est\u00e9tica dentro la marca: materiales como la madera natural, tapices suaves y colores como el crema, caf\u00e9 y verde oscuro, componen una colecci\u00f3n pensada para hogares que buscan sofisticaci\u00f3n sin renunciar a la funcionalidad ni al confort.<\/p>\n\n\n\n<figure class=\"wp-block-image size-large\"><img src=\"http:\/\/lax.fm\/portal\/wp-content\/uploads\/2025\/09\/IKEA-STOCKHOLM-2025-2.jpg\" alt=\"\" class=\"wp-image-1885\"\/><figcaption><strong><\/strong><\/figcaption><\/figure>\n\n\n\n<p>\u201cEl dise\u00f1o escandinavo no tiene que ser fr\u00edo ni minimalista para funcionar. Con STOCKHOLM apostamos por lo sensorial, lo elegante y lo emocional\u201d, explic\u00f3 Edgardo, especialista en decoraci\u00f3n de IKEA.<\/p>\n\n\n\n<p>La colecci\u00f3n incluye sof\u00e1s con l\u00edneas curvas, mobiliario con textura y piezas que denotan car\u00e1cter, pensadas para integrarse en estilos muy diversos. Jes\u00fas, Manager de Showroom, destac\u00f3 la versatilidad de los dise\u00f1os:<\/p>\n\n\n\n<p>&nbsp;\u201cSTOCKHOLM se adapta tanto a espacios modernos como a ambientes m\u00e1s c\u00e1lidos. Es cuesti\u00f3n de saber equilibrar colores, materiales y personalidad.\u201d<\/p>\n\n\n\n<p>Durante la presentaci\u00f3n, se invit\u00f3 al p\u00fablico a imaginar c\u00f3mo incorporar las piezas en sus propios hogares, resaltando el objetivo de IKEA: crear no solo muebles, sino experiencias cotidianas con armon\u00eda y estilo.<\/p>\n\n\n\n<p>STOCKHOLM 2025 ya est\u00e1 disponible en las tiendas IKEA Bayam\u00f3n, Carolina y Punto Ponce, y en su p\u00e1gina web <a href=\"http:\/\/www.IKEA.pr\/\" target=\"_blank\" rel=\"noreferrer noopener\"><strong>www.IKEA.pr<\/strong><\/a><\/p>\n","protected":false},"excerpt":{"rendered":"<p>IKEA present\u00f3 oficialmente su nueva colecci\u00f3n STOCKHOLM 2025, una propuesta que eleva el dise\u00f1o escandinavo tradicional al combinarlo con calidez, color y personalidad. Durante un evento exclusivo en su tienda IKEA Bayam\u00f3n, la marca sorprendi\u00f3 con una l\u00ednea de muebles que no solo embellecen los espacios, sino que buscan conectar emocionalmente con quienes los habitan.<\/p>\n<p>STOCKHOLM, [&#8230;]<\/p>\n","protected":false},"author":56,"featured_media":6814,"comment_status":"open","ping_status":"open","sticky":false,"template":"","format":"standard","meta":{"_monsterinsights_skip_tracking":false,"_monsterinsights_sitenote_active":false,"_monsterinsights_sitenote_note":"","_monsterinsights_sitenote_category":0},"categories":[481],"tags":[820,1042,66,1310],"yoast_head":"<!-- This site is optimized with the Yoast SEO plugin v18.2 - https:\/\/yoast.com\/wordpress\/plugins\/seo\/ -->\n<meta name=\"robots\" content=\"index, follow, max-snippet:-1, max-image-preview:large, max-video-preview:-1\" \/>\n<link rel=\"canonical\" href=\"https:\/\/lax.fm\/portal\/comunicados\/ikea-lanza-la-coleccion-stockholm-2025-diseno-escandinavo-que-despierta-emociones\/\" \/>\n<meta property=\"og:locale\" content=\"en_US\" \/>\n<meta property=\"og:type\" content=\"article\" \/>\n<meta property=\"og:title\" content=\"IKEA lanza la colecci\u00f3n STOCKHOLM 2025: dise\u00f1o escandinavo que despierta emociones - La-X - Gente con la m\u00fasica por dentro\" \/>\n<meta property=\"og:description\" content=\"IKEA present\u00f3 oficialmente su nueva colecci\u00f3n STOCKHOLM 2025, una propuesta que eleva el dise\u00f1o escandinavo tradicional al combinarlo con calidez, color y personalidad. Durante un evento exclusivo en su tienda IKEA Bayam\u00f3n, la marca sorprendi\u00f3 con una l\u00ednea de muebles que no solo embellecen los espacios, sino que buscan conectar emocionalmente con quienes los habitan.  STOCKHOLM, [...]\" \/>\n<meta property=\"og:url\" content=\"https:\/\/lax.fm\/portal\/comunicados\/ikea-lanza-la-coleccion-stockholm-2025-diseno-escandinavo-que-despierta-emociones\/\" \/>\n<meta property=\"og:site_name\" content=\"La-X - Gente con la m\u00fasica por dentro\" \/>\n<meta property=\"article:publisher\" content=\"http:\/\/www.facebook.com\/laxpr\" \/>\n<meta property=\"article:author\" content=\"http:\/\/www.facebook.com\/laxpr\" \/>\n<meta property=\"article:published_time\" content=\"2025-09-01T17:55:45+00:00\" \/>\n<meta property=\"article:modified_time\" content=\"2025-09-01T17:58:03+00:00\" \/>\n<meta property=\"og:image\" content=\"http:\/\/lax.fm\/portal\/wp-content\/uploads\/2025\/09\/IKEA-STOCKHOLM-2025.jpg\" \/>\n\t<meta property=\"og:image:width\" content=\"1000\" \/>\n\t<meta property=\"og:image:height\" content=\"500\" \/>\n\t<meta property=\"og:image:type\" content=\"image\/jpeg\" \/>\n<meta name=\"twitter:card\" content=\"summary\" \/>\n<meta name=\"twitter:creator\" content=\"@http:\/\/www.twitter.com\/laxpr\" \/>\n<meta name=\"twitter:site\" content=\"@laxpr\" \/>\n<meta name=\"twitter:label1\" content=\"Written by\" \/>\n\t<meta name=\"twitter:data1\" content=\"La X\" \/>\n\t<meta name=\"twitter:label2\" content=\"Est. reading time\" \/>\n\t<meta name=\"twitter:data2\" content=\"2 minutes\" \/>\n<script type=\"application\/ld+json\" class=\"yoast-schema-graph\">{\"@context\":\"https:\/\/schema.org\",\"@graph\":[{\"@type\":\"WebSite\",\"@id\":\"https:\/\/lax.fm\/portal\/#website\",\"url\":\"https:\/\/lax.fm\/portal\/\",\"name\":\"La-X - Gente con la m\u00fasica por dentro\",\"description\":\"Radio Visual\",\"potentialAction\":[{\"@type\":\"SearchAction\",\"target\":{\"@type\":\"EntryPoint\",\"urlTemplate\":\"https:\/\/lax.fm\/portal\/?s={search_term_string}\"},\"query-input\":\"required name=search_term_string\"}],\"inLanguage\":\"en-US\"},{\"@type\":\"ImageObject\",\"@id\":\"https:\/\/lax.fm\/portal\/comunicados\/ikea-lanza-la-coleccion-stockholm-2025-diseno-escandinavo-que-despierta-emociones\/#primaryimage\",\"inLanguage\":\"en-US\",\"url\":\"https:\/\/lax.fm\/portal\/wp-content\/uploads\/2025\/09\/IKEA-STOCKHOLM-2025.jpg\",\"contentUrl\":\"https:\/\/lax.fm\/portal\/wp-content\/uploads\/2025\/09\/IKEA-STOCKHOLM-2025.jpg\",\"width\":1000,\"height\":500,\"caption\":\"STOCKHOLM 2025\"},{\"@type\":\"WebPage\",\"@id\":\"https:\/\/lax.fm\/portal\/comunicados\/ikea-lanza-la-coleccion-stockholm-2025-diseno-escandinavo-que-despierta-emociones\/#webpage\",\"url\":\"https:\/\/lax.fm\/portal\/comunicados\/ikea-lanza-la-coleccion-stockholm-2025-diseno-escandinavo-que-despierta-emociones\/\",\"name\":\"IKEA lanza la colecci\u00f3n STOCKHOLM 2025: dise\u00f1o escandinavo que despierta emociones - La-X - Gente con la m\u00fasica por dentro\",\"isPartOf\":{\"@id\":\"https:\/\/lax.fm\/portal\/#website\"},\"primaryImageOfPage\":{\"@id\":\"https:\/\/lax.fm\/portal\/comunicados\/ikea-lanza-la-coleccion-stockholm-2025-diseno-escandinavo-que-despierta-emociones\/#primaryimage\"},\"datePublished\":\"2025-09-01T17:55:45+00:00\",\"dateModified\":\"2025-09-01T17:58:03+00:00\",\"author\":{\"@id\":\"https:\/\/lax.fm\/portal\/#\/schema\/person\/dffa89146b1fa98303668501e8ae48b8\"},\"breadcrumb\":{\"@id\":\"https:\/\/lax.fm\/portal\/comunicados\/ikea-lanza-la-coleccion-stockholm-2025-diseno-escandinavo-que-despierta-emociones\/#breadcrumb\"},\"inLanguage\":\"en-US\",\"potentialAction\":[{\"@type\":\"ReadAction\",\"target\":[\"https:\/\/lax.fm\/portal\/comunicados\/ikea-lanza-la-coleccion-stockholm-2025-diseno-escandinavo-que-despierta-emociones\/\"]}]},{\"@type\":\"BreadcrumbList\",\"@id\":\"https:\/\/lax.fm\/portal\/comunicados\/ikea-lanza-la-coleccion-stockholm-2025-diseno-escandinavo-que-despierta-emociones\/#breadcrumb\",\"itemListElement\":[{\"@type\":\"ListItem\",\"position\":1,\"name\":\"Home\",\"item\":\"https:\/\/lax.fm\/portal\/\"},{\"@type\":\"ListItem\",\"position\":2,\"name\":\"IKEA lanza la colecci\u00f3n STOCKHOLM 2025: dise\u00f1o escandinavo que despierta emociones\"}]},{\"@type\":\"Person\",\"@id\":\"https:\/\/lax.fm\/portal\/#\/schema\/person\/dffa89146b1fa98303668501e8ae48b8\",\"name\":\"La X\",\"image\":{\"@type\":\"ImageObject\",\"@id\":\"https:\/\/lax.fm\/portal\/#personlogo\",\"inLanguage\":\"en-US\",\"url\":\"https:\/\/secure.gravatar.com\/avatar\/bd4bc52f18ab67b6950c7667e82f4b83?s=96&d=mm&r=g\",\"contentUrl\":\"https:\/\/secure.gravatar.com\/avatar\/bd4bc52f18ab67b6950c7667e82f4b83?s=96&d=mm&r=g\",\"caption\":\"La X\"},\"sameAs\":[\"http:\/\/www.lax.fm\",\"http:\/\/www.facebook.com\/laxpr\",\"https:\/\/twitter.com\/http:\/\/www.twitter.com\/laxpr\"],\"url\":\"https:\/\/lax.fm\/portal\/author\/la-x\/\"}]}<\/script>\n<!-- \/ Yoast SEO plugin. -->","yoast_head_json":{"robots":{"index":"index","follow":"follow","max-snippet":"max-snippet:-1","max-image-preview":"max-image-preview:large","max-video-preview":"max-video-preview:-1"},"canonical":"https:\/\/lax.fm\/portal\/comunicados\/ikea-lanza-la-coleccion-stockholm-2025-diseno-escandinavo-que-despierta-emociones\/","og_locale":"en_US","og_type":"article","og_title":"IKEA lanza la colecci\u00f3n STOCKHOLM 2025: dise\u00f1o escandinavo que despierta emociones - La-X - Gente con la m\u00fasica por dentro","og_description":"IKEA present\u00f3 oficialmente su nueva colecci\u00f3n STOCKHOLM 2025, una propuesta que eleva el dise\u00f1o escandinavo tradicional al combinarlo con calidez, color y personalidad. Durante un evento exclusivo en su tienda IKEA Bayam\u00f3n, la marca sorprendi\u00f3 con una l\u00ednea de muebles que no solo embellecen los espacios, sino que buscan conectar emocionalmente con quienes los habitan.  STOCKHOLM, [...]","og_url":"https:\/\/lax.fm\/portal\/comunicados\/ikea-lanza-la-coleccion-stockholm-2025-diseno-escandinavo-que-despierta-emociones\/","og_site_name":"La-X - Gente con la m\u00fasica por dentro","article_publisher":"http:\/\/www.facebook.com\/laxpr","article_author":"http:\/\/www.facebook.com\/laxpr","article_published_time":"2025-09-01T17:55:45+00:00","article_modified_time":"2025-09-01T17:58:03+00:00","og_image":[{"width":1000,"height":500,"url":"http:\/\/lax.fm\/portal\/wp-content\/uploads\/2025\/09\/IKEA-STOCKHOLM-2025.jpg","type":"image\/jpeg"}],"twitter_card":"summary","twitter_creator":"@http:\/\/www.twitter.com\/laxpr","twitter_site":"@laxpr","twitter_misc":{"Written by":"La X","Est. reading time":"2 minutes"},"schema":{"@context":"https:\/\/schema.org","@graph":[{"@type":"WebSite","@id":"https:\/\/lax.fm\/portal\/#website","url":"https:\/\/lax.fm\/portal\/","name":"La-X - Gente con la m\u00fasica por dentro","description":"Radio Visual","potentialAction":[{"@type":"SearchAction","target":{"@type":"EntryPoint","urlTemplate":"https:\/\/lax.fm\/portal\/?s={search_term_string}"},"query-input":"required name=search_term_string"}],"inLanguage":"en-US"},{"@type":"ImageObject","@id":"https:\/\/lax.fm\/portal\/comunicados\/ikea-lanza-la-coleccion-stockholm-2025-diseno-escandinavo-que-despierta-emociones\/#primaryimage","inLanguage":"en-US","url":"https:\/\/lax.fm\/portal\/wp-content\/uploads\/2025\/09\/IKEA-STOCKHOLM-2025.jpg","contentUrl":"https:\/\/lax.fm\/portal\/wp-content\/uploads\/2025\/09\/IKEA-STOCKHOLM-2025.jpg","width":1000,"height":500,"caption":"STOCKHOLM 2025"},{"@type":"WebPage","@id":"https:\/\/lax.fm\/portal\/comunicados\/ikea-lanza-la-coleccion-stockholm-2025-diseno-escandinavo-que-despierta-emociones\/#webpage","url":"https:\/\/lax.fm\/portal\/comunicados\/ikea-lanza-la-coleccion-stockholm-2025-diseno-escandinavo-que-despierta-emociones\/","name":"IKEA lanza la colecci\u00f3n STOCKHOLM 2025: dise\u00f1o escandinavo que despierta emociones - La-X - Gente con la m\u00fasica por dentro","isPartOf":{"@id":"https:\/\/lax.fm\/portal\/#website"},"primaryImageOfPage":{"@id":"https:\/\/lax.fm\/portal\/comunicados\/ikea-lanza-la-coleccion-stockholm-2025-diseno-escandinavo-que-despierta-emociones\/#primaryimage"},"datePublished":"2025-09-01T17:55:45+00:00","dateModified":"2025-09-01T17:58:03+00:00","author":{"@id":"https:\/\/lax.fm\/portal\/#\/schema\/person\/dffa89146b1fa98303668501e8ae48b8"},"breadcrumb":{"@id":"https:\/\/lax.fm\/portal\/comunicados\/ikea-lanza-la-coleccion-stockholm-2025-diseno-escandinavo-que-despierta-emociones\/#breadcrumb"},"inLanguage":"en-US","potentialAction":[{"@type":"ReadAction","target":["https:\/\/lax.fm\/portal\/comunicados\/ikea-lanza-la-coleccion-stockholm-2025-diseno-escandinavo-que-despierta-emociones\/"]}]},{"@type":"BreadcrumbList","@id":"https:\/\/lax.fm\/portal\/comunicados\/ikea-lanza-la-coleccion-stockholm-2025-diseno-escandinavo-que-despierta-emociones\/#breadcrumb","itemListElement":[{"@type":"ListItem","position":1,"name":"Home","item":"https:\/\/lax.fm\/portal\/"},{"@type":"ListItem","position":2,"name":"IKEA lanza la colecci\u00f3n STOCKHOLM 2025: dise\u00f1o escandinavo que despierta emociones"}]},{"@type":"Person","@id":"https:\/\/lax.fm\/portal\/#\/schema\/person\/dffa89146b1fa98303668501e8ae48b8","name":"La X","image":{"@type":"ImageObject","@id":"https:\/\/lax.fm\/portal\/#personlogo","inLanguage":"en-US","url":"https:\/\/secure.gravatar.com\/avatar\/bd4bc52f18ab67b6950c7667e82f4b83?s=96&d=mm&r=g","contentUrl":"https:\/\/secure.gravatar.com\/avatar\/bd4bc52f18ab67b6950c7667e82f4b83?s=96&d=mm&r=g","caption":"La X"},"sameAs":["http:\/\/www.lax.fm","http:\/\/www.facebook.com\/laxpr","https:\/\/twitter.com\/http:\/\/www.twitter.com\/laxpr"],"url":"https:\/\/lax.fm\/portal\/author\/la-x\/"}]}},"_links":{"self":[{"href":"https:\/\/lax.fm\/portal\/wp-json\/wp\/v2\/posts\/6813"}],"collection":[{"href":"https:\/\/lax.fm\/portal\/wp-json\/wp\/v2\/posts"}],"about":[{"href":"https:\/\/lax.fm\/portal\/wp-json\/wp\/v2\/types\/post"}],"author":[{"embeddable":true,"href":"https:\/\/lax.fm\/portal\/wp-json\/wp\/v2\/users\/56"}],"replies":[{"embeddable":true,"href":"https:\/\/lax.fm\/portal\/wp-json\/wp\/v2\/comments?post=6813"}],"version-history":[{"count":1,"href":"https:\/\/lax.fm\/portal\/wp-json\/wp\/v2\/posts\/6813\/revisions"}],"predecessor-version":[{"id":6816,"href":"https:\/\/lax.fm\/portal\/wp-json\/wp\/v2\/posts\/6813\/revisions\/6816"}],"wp:featuredmedia":[{"embeddable":true,"href":"https:\/\/lax.fm\/portal\/wp-json\/wp\/v2\/media\/6814"}],"wp:attachment":[{"href":"https:\/\/lax.fm\/portal\/wp-json\/wp\/v2\/media?parent=6813"}],"wp:term":[{"taxonomy":"category","embeddable":true,"href":"https:\/\/lax.fm\/portal\/wp-json\/wp\/v2\/categories?post=6813"},{"taxonomy":"post_tag","embeddable":true,"href":"https:\/\/lax.fm\/portal\/wp-json\/wp\/v2\/tags?post=6813"}],"curies":[{"name":"wp","href":"https:\/\/api.w.org\/{rel}","templated":true}]}}