{"id":6733,"date":"2025-08-05T23:38:10","date_gmt":"2025-08-06T03:38:10","guid":{"rendered":"https:\/\/lax.fm\/portal\/?p=6733"},"modified":"2025-08-05T23:41:08","modified_gmt":"2025-08-06T03:41:08","slug":"noche-de-talentos-puerto-rico-celebrara-su-gran-final-el-7-de-septiembre-en-el-coca-cola-music-hall","status":"publish","type":"post","link":"https:\/\/lax.fm\/portal\/comunicados\/noche-de-talentos-puerto-rico-celebrara-su-gran-final-el-7-de-septiembre-en-el-coca-cola-music-hall\/","title":{"rendered":"Noche de Talentos Puerto Rico celebrar\u00e1 su gran final el 7 de septiembre en el Coca-Cola Music Hall"},"content":{"rendered":"\n<p>La competencia juvenil&nbsp;<strong>Noche de Talentos Puerto Rico<\/strong>&nbsp;celebrar\u00e1 su&nbsp;<strong>gran final el domingo, 7 de septiembre de 2025 a las 4:00 p.m.<\/strong>&nbsp;en el reconocido&nbsp;<strong>Coca-Cola Music Hall<\/strong>&nbsp;en San Juan, marcando la primera vez que este evento se realiza en la capital del pa\u00eds.<\/p>\n\n\n\n<p>Este a\u00f1o, el evento contar\u00e1 con la participaci\u00f3n de&nbsp;<strong>m\u00e1s de 1,000 j\u00f3venes talentos<\/strong>&nbsp;provenientes de toda la isla, quienes competir\u00e1n en las categor\u00edas de&nbsp;<strong>baile<\/strong>,&nbsp;<strong>imitaci\u00f3n<\/strong>,&nbsp;<strong>canto<\/strong>&nbsp;y&nbsp;<strong>baile concepto<\/strong>.<\/p>\n\n\n\n<p>Entre los&nbsp;<strong>jueces confirmados<\/strong>&nbsp;se encuentran destacadas figuras del entretenimiento y las artes como la periodista&nbsp;<strong>Milly Cangiano<\/strong>, el influencer&nbsp;<strong>Edgar Rivera<\/strong>, el bailar\u00edn internacional&nbsp;<strong>Chris Anthony<\/strong>, el core\u00f3grafo&nbsp;<strong>Luis Morales &#8220;Bebesauro&#8221;<\/strong>, la actriz&nbsp;y directora&nbsp;<strong>Natalie Droz<\/strong>, entre otros.<\/p>\n\n\n\n<p>Una de las grandes novedades de esta edici\u00f3n es el regreso del carism\u00e1tico&nbsp;<strong>Jeanthony &#8220;Chino&#8221; Medina<\/strong>&nbsp;como animador principal del evento, acompa\u00f1ado por una&nbsp;<strong>animadora sorpresa<\/strong>&nbsp;que ser\u00e1 revelada pr\u00f3ximamente.<\/p>\n\n\n\n<p>\u201cPara m\u00ed es un honor poder llevar este evento por primera vez a San Juan, y hacerlo en un lugar tan importante como el Coca-Cola Music Hall. Esta es la plataforma de talentos m\u00e1s grande del pa\u00eds, y seguimos comprometidos con brindar una experiencia inolvidable para todos los participantes,\u201d expres\u00f3&nbsp;<strong>Edrick Cruz Garc\u00eda<\/strong>, productor ejecutivo de Noche de Talentos PR.<\/p>\n\n\n\n<p>Adem\u00e1s de la competencia, esta edici\u00f3n integrar\u00e1 una&nbsp;<strong>experiencia multimedia e interactiva<\/strong>&nbsp;sin precedentes, que permitir\u00e1 al p\u00fablico seguir todo lo que ocurre tras bastidores, entrevistas exclusivas y reacciones en vivo a trav\u00e9s de las redes sociales. Esta innovadora propuesta estar\u00e1 a cargo del joven talento digital&nbsp;<strong>Will Omar<\/strong>.<\/p>\n\n\n\n<p>\u201cEste a\u00f1o Noche de Talentos ser\u00e1 tambi\u00e9n un evento medi\u00e1tico. Mostraremos todo lo que ocurre detr\u00e1s del escenario, las emociones, los ensayos, los momentos inesperados&#8230; ser\u00e1 una experiencia completa tanto para el p\u00fablico como para los participantes,\u201d coment\u00f3&nbsp;<strong>Jorge Jomar Padilla<\/strong>, productor general y director de medios del evento.<\/p>\n\n\n\n<p><strong>Los ganadores recibir\u00e1n m\u00e1s de $15,000 en premios<\/strong>, y el ganador de la categor\u00eda de canto obtendr\u00e1 la oportunidad de&nbsp;<strong>grabar su primer sencillo musical profesional<\/strong>.<\/p>\n\n\n\n<p><strong>Noche de Talentos Puerto Rico 2025<\/strong><br><strong>Fecha<\/strong>: Domingo, 7 de septiembre de 2025<br><strong>Lugar<\/strong>: Coca-Cola Music Hall, San Juan<br><strong>Hora<\/strong>: 4:00 p.m.<\/p>\n\n\n\n<p>Para informaci\u00f3n y boletos:<br>787-207-7087<br>www.nochedetalentospr.com<\/p>\n\n\n\n<p>Noche de Talentos Puerto Rico contin\u00faa su misi\u00f3n de fomentar el arte, la cultura y el desarrollo de nuevas generaciones de artistas, consolid\u00e1ndose como la competencia juvenil m\u00e1s importante de la isla.<\/p>\n","protected":false},"excerpt":{"rendered":"<p>La competencia juvenil&nbsp;Noche de Talentos Puerto Rico&nbsp;celebrar\u00e1 su&nbsp;gran final el domingo, 7 de septiembre de 2025 a las 4:00 p.m.&nbsp;en el reconocido&nbsp;Coca-Cola Music Hall&nbsp;en San Juan, marcando la primera vez que este evento se realiza en la capital del pa\u00eds.<\/p>\n<p>Este a\u00f1o, el evento contar\u00e1 con la participaci\u00f3n de&nbsp;m\u00e1s de 1,000 j\u00f3venes talentos&nbsp;provenientes de toda la [&#8230;]<\/p>\n","protected":false},"author":56,"featured_media":6734,"comment_status":"open","ping_status":"open","sticky":false,"template":"","format":"standard","meta":{"_monsterinsights_skip_tracking":false,"_monsterinsights_sitenote_active":false,"_monsterinsights_sitenote_note":"","_monsterinsights_sitenote_category":0},"categories":[481],"tags":[820,1304],"yoast_head":"<!-- This site is optimized with the Yoast SEO plugin v18.2 - https:\/\/yoast.com\/wordpress\/plugins\/seo\/ -->\n<meta name=\"robots\" content=\"index, follow, max-snippet:-1, max-image-preview:large, max-video-preview:-1\" \/>\n<link rel=\"canonical\" href=\"https:\/\/lax.fm\/portal\/comunicados\/noche-de-talentos-puerto-rico-celebrara-su-gran-final-el-7-de-septiembre-en-el-coca-cola-music-hall\/\" \/>\n<meta property=\"og:locale\" content=\"en_US\" \/>\n<meta property=\"og:type\" content=\"article\" \/>\n<meta property=\"og:title\" content=\"Noche de Talentos Puerto Rico celebrar\u00e1 su gran final el 7 de septiembre en el Coca-Cola Music Hall - La-X - Gente con la m\u00fasica por dentro\" \/>\n<meta property=\"og:description\" content=\"La competencia juvenil&nbsp;Noche de Talentos Puerto Rico&nbsp;celebrar\u00e1 su&nbsp;gran final el domingo, 7 de septiembre de 2025 a las 4:00 p.m.&nbsp;en el reconocido&nbsp;Coca-Cola Music Hall&nbsp;en San Juan, marcando la primera vez que este evento se realiza en la capital del pa\u00eds.  Este a\u00f1o, el evento contar\u00e1 con la participaci\u00f3n de&nbsp;m\u00e1s de 1,000 j\u00f3venes talentos&nbsp;provenientes de toda la [...]\" \/>\n<meta property=\"og:url\" content=\"https:\/\/lax.fm\/portal\/comunicados\/noche-de-talentos-puerto-rico-celebrara-su-gran-final-el-7-de-septiembre-en-el-coca-cola-music-hall\/\" \/>\n<meta property=\"og:site_name\" content=\"La-X - Gente con la m\u00fasica por dentro\" \/>\n<meta property=\"article:publisher\" content=\"http:\/\/www.facebook.com\/laxpr\" \/>\n<meta property=\"article:author\" content=\"http:\/\/www.facebook.com\/laxpr\" \/>\n<meta property=\"article:published_time\" content=\"2025-08-06T03:38:10+00:00\" \/>\n<meta property=\"article:modified_time\" content=\"2025-08-06T03:41:08+00:00\" \/>\n<meta property=\"og:image\" content=\"http:\/\/lax.fm\/portal\/wp-content\/uploads\/2025\/08\/noche-de-talentos.jpg\" \/>\n\t<meta property=\"og:image:width\" content=\"1000\" \/>\n\t<meta property=\"og:image:height\" content=\"500\" \/>\n\t<meta property=\"og:image:type\" content=\"image\/jpeg\" \/>\n<meta name=\"twitter:card\" content=\"summary\" \/>\n<meta name=\"twitter:creator\" content=\"@http:\/\/www.twitter.com\/laxpr\" \/>\n<meta name=\"twitter:site\" content=\"@laxpr\" \/>\n<meta name=\"twitter:label1\" content=\"Written by\" \/>\n\t<meta name=\"twitter:data1\" content=\"La X\" \/>\n\t<meta name=\"twitter:label2\" content=\"Est. reading time\" \/>\n\t<meta name=\"twitter:data2\" content=\"2 minutes\" \/>\n<script type=\"application\/ld+json\" class=\"yoast-schema-graph\">{\"@context\":\"https:\/\/schema.org\",\"@graph\":[{\"@type\":\"WebSite\",\"@id\":\"https:\/\/lax.fm\/portal\/#website\",\"url\":\"https:\/\/lax.fm\/portal\/\",\"name\":\"La-X - Gente con la m\u00fasica por dentro\",\"description\":\"Radio Visual\",\"potentialAction\":[{\"@type\":\"SearchAction\",\"target\":{\"@type\":\"EntryPoint\",\"urlTemplate\":\"https:\/\/lax.fm\/portal\/?s={search_term_string}\"},\"query-input\":\"required name=search_term_string\"}],\"inLanguage\":\"en-US\"},{\"@type\":\"ImageObject\",\"@id\":\"https:\/\/lax.fm\/portal\/comunicados\/noche-de-talentos-puerto-rico-celebrara-su-gran-final-el-7-de-septiembre-en-el-coca-cola-music-hall\/#primaryimage\",\"inLanguage\":\"en-US\",\"url\":\"https:\/\/lax.fm\/portal\/wp-content\/uploads\/2025\/08\/noche-de-talentos.jpg\",\"contentUrl\":\"https:\/\/lax.fm\/portal\/wp-content\/uploads\/2025\/08\/noche-de-talentos.jpg\",\"width\":1000,\"height\":500},{\"@type\":\"WebPage\",\"@id\":\"https:\/\/lax.fm\/portal\/comunicados\/noche-de-talentos-puerto-rico-celebrara-su-gran-final-el-7-de-septiembre-en-el-coca-cola-music-hall\/#webpage\",\"url\":\"https:\/\/lax.fm\/portal\/comunicados\/noche-de-talentos-puerto-rico-celebrara-su-gran-final-el-7-de-septiembre-en-el-coca-cola-music-hall\/\",\"name\":\"Noche de Talentos Puerto Rico celebrar\u00e1 su gran final el 7 de septiembre en el Coca-Cola Music Hall - La-X - Gente con la m\u00fasica por dentro\",\"isPartOf\":{\"@id\":\"https:\/\/lax.fm\/portal\/#website\"},\"primaryImageOfPage\":{\"@id\":\"https:\/\/lax.fm\/portal\/comunicados\/noche-de-talentos-puerto-rico-celebrara-su-gran-final-el-7-de-septiembre-en-el-coca-cola-music-hall\/#primaryimage\"},\"datePublished\":\"2025-08-06T03:38:10+00:00\",\"dateModified\":\"2025-08-06T03:41:08+00:00\",\"author\":{\"@id\":\"https:\/\/lax.fm\/portal\/#\/schema\/person\/dffa89146b1fa98303668501e8ae48b8\"},\"breadcrumb\":{\"@id\":\"https:\/\/lax.fm\/portal\/comunicados\/noche-de-talentos-puerto-rico-celebrara-su-gran-final-el-7-de-septiembre-en-el-coca-cola-music-hall\/#breadcrumb\"},\"inLanguage\":\"en-US\",\"potentialAction\":[{\"@type\":\"ReadAction\",\"target\":[\"https:\/\/lax.fm\/portal\/comunicados\/noche-de-talentos-puerto-rico-celebrara-su-gran-final-el-7-de-septiembre-en-el-coca-cola-music-hall\/\"]}]},{\"@type\":\"BreadcrumbList\",\"@id\":\"https:\/\/lax.fm\/portal\/comunicados\/noche-de-talentos-puerto-rico-celebrara-su-gran-final-el-7-de-septiembre-en-el-coca-cola-music-hall\/#breadcrumb\",\"itemListElement\":[{\"@type\":\"ListItem\",\"position\":1,\"name\":\"Home\",\"item\":\"https:\/\/lax.fm\/portal\/\"},{\"@type\":\"ListItem\",\"position\":2,\"name\":\"Noche de Talentos Puerto Rico celebrar\u00e1 su gran final el 7 de septiembre en el Coca-Cola Music Hall\"}]},{\"@type\":\"Person\",\"@id\":\"https:\/\/lax.fm\/portal\/#\/schema\/person\/dffa89146b1fa98303668501e8ae48b8\",\"name\":\"La X\",\"image\":{\"@type\":\"ImageObject\",\"@id\":\"https:\/\/lax.fm\/portal\/#personlogo\",\"inLanguage\":\"en-US\",\"url\":\"https:\/\/secure.gravatar.com\/avatar\/bd4bc52f18ab67b6950c7667e82f4b83?s=96&d=mm&r=g\",\"contentUrl\":\"https:\/\/secure.gravatar.com\/avatar\/bd4bc52f18ab67b6950c7667e82f4b83?s=96&d=mm&r=g\",\"caption\":\"La X\"},\"sameAs\":[\"http:\/\/www.lax.fm\",\"http:\/\/www.facebook.com\/laxpr\",\"https:\/\/twitter.com\/http:\/\/www.twitter.com\/laxpr\"],\"url\":\"https:\/\/lax.fm\/portal\/author\/la-x\/\"}]}<\/script>\n<!-- \/ Yoast SEO plugin. -->","yoast_head_json":{"robots":{"index":"index","follow":"follow","max-snippet":"max-snippet:-1","max-image-preview":"max-image-preview:large","max-video-preview":"max-video-preview:-1"},"canonical":"https:\/\/lax.fm\/portal\/comunicados\/noche-de-talentos-puerto-rico-celebrara-su-gran-final-el-7-de-septiembre-en-el-coca-cola-music-hall\/","og_locale":"en_US","og_type":"article","og_title":"Noche de Talentos Puerto Rico celebrar\u00e1 su gran final el 7 de septiembre en el Coca-Cola Music Hall - La-X - Gente con la m\u00fasica por dentro","og_description":"La competencia juvenil&nbsp;Noche de Talentos Puerto Rico&nbsp;celebrar\u00e1 su&nbsp;gran final el domingo, 7 de septiembre de 2025 a las 4:00 p.m.&nbsp;en el reconocido&nbsp;Coca-Cola Music Hall&nbsp;en San Juan, marcando la primera vez que este evento se realiza en la capital del pa\u00eds.  Este a\u00f1o, el evento contar\u00e1 con la participaci\u00f3n de&nbsp;m\u00e1s de 1,000 j\u00f3venes talentos&nbsp;provenientes de toda la [...]","og_url":"https:\/\/lax.fm\/portal\/comunicados\/noche-de-talentos-puerto-rico-celebrara-su-gran-final-el-7-de-septiembre-en-el-coca-cola-music-hall\/","og_site_name":"La-X - Gente con la m\u00fasica por dentro","article_publisher":"http:\/\/www.facebook.com\/laxpr","article_author":"http:\/\/www.facebook.com\/laxpr","article_published_time":"2025-08-06T03:38:10+00:00","article_modified_time":"2025-08-06T03:41:08+00:00","og_image":[{"width":1000,"height":500,"url":"http:\/\/lax.fm\/portal\/wp-content\/uploads\/2025\/08\/noche-de-talentos.jpg","type":"image\/jpeg"}],"twitter_card":"summary","twitter_creator":"@http:\/\/www.twitter.com\/laxpr","twitter_site":"@laxpr","twitter_misc":{"Written by":"La X","Est. reading time":"2 minutes"},"schema":{"@context":"https:\/\/schema.org","@graph":[{"@type":"WebSite","@id":"https:\/\/lax.fm\/portal\/#website","url":"https:\/\/lax.fm\/portal\/","name":"La-X - Gente con la m\u00fasica por dentro","description":"Radio Visual","potentialAction":[{"@type":"SearchAction","target":{"@type":"EntryPoint","urlTemplate":"https:\/\/lax.fm\/portal\/?s={search_term_string}"},"query-input":"required name=search_term_string"}],"inLanguage":"en-US"},{"@type":"ImageObject","@id":"https:\/\/lax.fm\/portal\/comunicados\/noche-de-talentos-puerto-rico-celebrara-su-gran-final-el-7-de-septiembre-en-el-coca-cola-music-hall\/#primaryimage","inLanguage":"en-US","url":"https:\/\/lax.fm\/portal\/wp-content\/uploads\/2025\/08\/noche-de-talentos.jpg","contentUrl":"https:\/\/lax.fm\/portal\/wp-content\/uploads\/2025\/08\/noche-de-talentos.jpg","width":1000,"height":500},{"@type":"WebPage","@id":"https:\/\/lax.fm\/portal\/comunicados\/noche-de-talentos-puerto-rico-celebrara-su-gran-final-el-7-de-septiembre-en-el-coca-cola-music-hall\/#webpage","url":"https:\/\/lax.fm\/portal\/comunicados\/noche-de-talentos-puerto-rico-celebrara-su-gran-final-el-7-de-septiembre-en-el-coca-cola-music-hall\/","name":"Noche de Talentos Puerto Rico celebrar\u00e1 su gran final el 7 de septiembre en el Coca-Cola Music Hall - La-X - Gente con la m\u00fasica por dentro","isPartOf":{"@id":"https:\/\/lax.fm\/portal\/#website"},"primaryImageOfPage":{"@id":"https:\/\/lax.fm\/portal\/comunicados\/noche-de-talentos-puerto-rico-celebrara-su-gran-final-el-7-de-septiembre-en-el-coca-cola-music-hall\/#primaryimage"},"datePublished":"2025-08-06T03:38:10+00:00","dateModified":"2025-08-06T03:41:08+00:00","author":{"@id":"https:\/\/lax.fm\/portal\/#\/schema\/person\/dffa89146b1fa98303668501e8ae48b8"},"breadcrumb":{"@id":"https:\/\/lax.fm\/portal\/comunicados\/noche-de-talentos-puerto-rico-celebrara-su-gran-final-el-7-de-septiembre-en-el-coca-cola-music-hall\/#breadcrumb"},"inLanguage":"en-US","potentialAction":[{"@type":"ReadAction","target":["https:\/\/lax.fm\/portal\/comunicados\/noche-de-talentos-puerto-rico-celebrara-su-gran-final-el-7-de-septiembre-en-el-coca-cola-music-hall\/"]}]},{"@type":"BreadcrumbList","@id":"https:\/\/lax.fm\/portal\/comunicados\/noche-de-talentos-puerto-rico-celebrara-su-gran-final-el-7-de-septiembre-en-el-coca-cola-music-hall\/#breadcrumb","itemListElement":[{"@type":"ListItem","position":1,"name":"Home","item":"https:\/\/lax.fm\/portal\/"},{"@type":"ListItem","position":2,"name":"Noche de Talentos Puerto Rico celebrar\u00e1 su gran final el 7 de septiembre en el Coca-Cola Music Hall"}]},{"@type":"Person","@id":"https:\/\/lax.fm\/portal\/#\/schema\/person\/dffa89146b1fa98303668501e8ae48b8","name":"La X","image":{"@type":"ImageObject","@id":"https:\/\/lax.fm\/portal\/#personlogo","inLanguage":"en-US","url":"https:\/\/secure.gravatar.com\/avatar\/bd4bc52f18ab67b6950c7667e82f4b83?s=96&d=mm&r=g","contentUrl":"https:\/\/secure.gravatar.com\/avatar\/bd4bc52f18ab67b6950c7667e82f4b83?s=96&d=mm&r=g","caption":"La X"},"sameAs":["http:\/\/www.lax.fm","http:\/\/www.facebook.com\/laxpr","https:\/\/twitter.com\/http:\/\/www.twitter.com\/laxpr"],"url":"https:\/\/lax.fm\/portal\/author\/la-x\/"}]}},"_links":{"self":[{"href":"https:\/\/lax.fm\/portal\/wp-json\/wp\/v2\/posts\/6733"}],"collection":[{"href":"https:\/\/lax.fm\/portal\/wp-json\/wp\/v2\/posts"}],"about":[{"href":"https:\/\/lax.fm\/portal\/wp-json\/wp\/v2\/types\/post"}],"author":[{"embeddable":true,"href":"https:\/\/lax.fm\/portal\/wp-json\/wp\/v2\/users\/56"}],"replies":[{"embeddable":true,"href":"https:\/\/lax.fm\/portal\/wp-json\/wp\/v2\/comments?post=6733"}],"version-history":[{"count":3,"href":"https:\/\/lax.fm\/portal\/wp-json\/wp\/v2\/posts\/6733\/revisions"}],"predecessor-version":[{"id":6739,"href":"https:\/\/lax.fm\/portal\/wp-json\/wp\/v2\/posts\/6733\/revisions\/6739"}],"wp:featuredmedia":[{"embeddable":true,"href":"https:\/\/lax.fm\/portal\/wp-json\/wp\/v2\/media\/6734"}],"wp:attachment":[{"href":"https:\/\/lax.fm\/portal\/wp-json\/wp\/v2\/media?parent=6733"}],"wp:term":[{"taxonomy":"category","embeddable":true,"href":"https:\/\/lax.fm\/portal\/wp-json\/wp\/v2\/categories?post=6733"},{"taxonomy":"post_tag","embeddable":true,"href":"https:\/\/lax.fm\/portal\/wp-json\/wp\/v2\/tags?post=6733"}],"curies":[{"name":"wp","href":"https:\/\/api.w.org\/{rel}","templated":true}]}}