{"id":6579,"date":"2025-06-03T16:47:08","date_gmt":"2025-06-03T20:47:08","guid":{"rendered":"https:\/\/lax.fm\/portal\/?p=6579"},"modified":"2025-06-03T16:50:17","modified_gmt":"2025-06-03T20:50:17","slug":"kfc-puerto-rico-hace-historia-con-el-primer-junte-inesperado-entre-kfc-y-doritos-en-latinoamerica-y-el-caribe","status":"publish","type":"post","link":"https:\/\/lax.fm\/portal\/comunicados\/kfc-puerto-rico-hace-historia-con-el-primer-junte-inesperado-entre-kfc-y-doritos-en-latinoamerica-y-el-caribe\/","title":{"rendered":"KFC Puerto Rico hace historia con el primer &#8220;junte inesperado&#8221; entre KFC y Doritos en Latinoam\u00e9rica y el Caribe"},"content":{"rendered":"\n<p>KFC Puerto Rico anunci\u00f3 hoy el lanzamiento de una colaboraci\u00f3n con Doritos que marcar\u00e1 un antes y un despu\u00e9s en la industria de restaurantes &#8220;Fast&nbsp;Food&#8221;. El martes 3 de junio, los fan\u00e1ticos de ambas marcas podr\u00e1n disfrutar por primera vez de dos productos \u00fanicos que comparten el&nbsp;crunch&nbsp;y sabor inigualable del Pollo de KFC y Doritos.<\/p>\n\n\n\n<h3><strong>Productos revolucionarios que definen una nueva experiencia<\/strong><\/h3>\n\n\n\n<p>Esta colaboraci\u00f3n hist\u00f3rica presenta dos creaciones culinarias que combinan lo mejor de ambas marcas:<\/p>\n\n\n\n<p><strong>Doritos\u00ae Kentucky&nbsp;<\/strong><strong>Chicken<\/strong><strong>&nbsp;<\/strong><strong>Sandwich<\/strong>: Pan brioche tostadito con mantequilla, untado con mayonesa cremosa, acompa\u00f1ado de dos rodajas de tomate fresco, un filete de pechuga de pollo 100% jugoso y crujiente, una lasca de queso cheddar, y Doritos\u00ae extra crujientes&#8230; todo ba\u00f1ado en una irresistible salsa cremosa de queso.<\/p>\n\n\n\n<p><strong>Doritos\u00ae&nbsp;<\/strong><strong>Loaded<\/strong><strong>&nbsp;con&nbsp;<\/strong><strong>Kruji<\/strong><strong>&nbsp;<\/strong><strong>Strips<\/strong>: Los nuevos Doritos\u00ae&nbsp;Loaded&nbsp;son perfectos para compartir o como snack. Comenzamos con una capa de Doritos\u00ae bien crujientes, coronados con 4&nbsp;Kruji&nbsp;Strips, nuestra irresistible salsa cremosa de queso y tomate fresco picadito.<\/p>\n\n\n\n<p>\u00a1Una combinaci\u00f3n explosiva de sabor y textura!<\/p>\n\n\n\n<div id=\"fb-root\"><\/div>\n<script async=\"1\" defer=\"1\" crossorigin=\"anonymous\" src=\"https:\/\/connect.facebook.net\/en_US\/sdk.js#xfbml=1&#038;version=v23.0\"><\/script><div class=\"fb-video\" data-href=\"https:\/\/www.facebook.com\/KFCPuertoRico\/videos\/1562425051382134\" data-app-id=\"887156172104257\"><blockquote cite=\"https:\/\/www.facebook.com\/KFCPuertoRico\/videos\/1562425051382134\/\" class=\"fb-xfbml-parse-ignore\"><a href=\"https:\/\/www.facebook.com\/KFCPuertoRico\/videos\/1562425051382134\/\"><\/a><p>\u00a1Lleg\u00f3 el junte inesperado! ? Doritos + Kentucky = Doritos Kentucky Chicken Sandwich. ? Una explosi\u00f3n de sabor en cada mordida. ?<\/p>Posted by <a href=\"https:\/\/www.facebook.com\/KFCPuertoRico\">KFC<\/a> on Tuesday, June 3, 2025<\/blockquote><\/div>\n\n\n\n<p>Esta alianza estrat\u00e9gica entre KFC y Doritos representa la evoluci\u00f3n natural de dos marcas que han sabido adaptarse a los gustos cambiantes de los consumidores, manteniendo siempre la calidad y el sabor que las han convertido en favoritas mundiales.<\/p>\n\n\n\n<h3><strong>Un encuentro que conecta generaciones<\/strong><\/h3>\n\n\n\n<p>Esta alianza va m\u00e1s all\u00e1 de crear algo nuevo en la cocina; es hacer realidad algo que muchos llevamos tiempo imaginando. &#8220;Aqu\u00ed en Puerto Rico, desde que \u00e9ramos j\u00f3venes hasta ahora, KFC y Doritos han sido parte de nuestras vidas&#8221;, comenta Ana Agrelot, VP de Mercadeo de Encanto Restaurants para Puerto Rico. &#8220;Por fin se juntaron estos dos sabores que nos acompa\u00f1an en los mejores momentos&#8221;.<\/p>\n\n\n\n<p>Hasta la fecha, no se hab\u00eda registrado una colaboraci\u00f3n oficial entre KFC y Doritos en la isla, siendo esta la primera vez que ambas marcas ic\u00f3nicas se unen en Puerto Rico. Aunque KFC ha realizado alianzas exitosas con otras marcas del portafolio PepsiCo, esta es la primera vez que Doritos se integra directamente en la receta de productos KFC Puerto Rico.<\/p>\n\n\n\n<h3><strong>Innovaci\u00f3n tecnol\u00f3gica que rompe barreras<\/strong><\/h3>\n\n\n\n<p>Como parte de esta campa\u00f1a revolucionaria, KFC Puerto Rico utilizar\u00e1 por primera vez tecnolog\u00eda CGI (Computer&nbsp;GeneratedImagery) para crear contenido visual innovador que mezcla elementos de la cultura local con un estilo moderno y futurista.<\/p>\n\n\n\n<p>&#8220;Estamos redefiniendo la forma en que nuestros clientes interact\u00faan con nuestros productos antes incluso de probarlos&#8221;, explica Agrelot. &#8220;Esta tecnolog\u00eda nos permite crear una experiencia visual atractiva que conecta nuestra cultura puertorrique\u00f1a con elementos modernos&#8221;.<\/p>\n\n\n\n<p>Para amplificar el alcance de esta campa\u00f1a hist\u00f3rica, KFC Puerto Rico colaborar\u00e1 con varios creadores de contenido, incluyendo a la reconocida&nbsp;influencer&nbsp;Marena&nbsp;Sof\u00eda, quienes llevar\u00e1n la experiencia del &#8220;junte inesperado&#8221; a millones de seguidores en redes sociales.<\/p>\n\n\n\n<h3><strong>Disponibilidad y alcance<\/strong><\/h3>\n\n\n\n<p>Los nuevos productos&nbsp;<strong>Doritos\u00ae Kentucky&nbsp;<\/strong><strong>Chicken<\/strong><strong>&nbsp;<\/strong><strong>Sandwich<\/strong>y&nbsp;<strong>Doritos\u00ae&nbsp;<\/strong><strong>Loaded<\/strong><strong>&nbsp;con&nbsp;<\/strong><strong>Kruji<\/strong><strong>&nbsp;<\/strong><strong>Strips<\/strong>&nbsp;estar\u00e1n disponibles en todos los restaurantes KFC de Puerto Rico a partir del martes 3 de junio, asegurando que todos los fan\u00e1ticos de la isla puedan vivir esta experiencia \u00fanica.<\/p>\n\n\n\n<p>La campa\u00f1a se desarrollar\u00e1 bajo el concepto creativo &#8220;Un junte inesperado&#8221;, reflejando la sorpresa y emoci\u00f3n que genera esta colaboraci\u00f3n entre dos marcas ic\u00f3nicas que han definido el gusto de generaciones.<\/p>\n\n\n\n<h3><strong>Acerca de esta colaboraci\u00f3n<\/strong><\/h3>\n","protected":false},"excerpt":{"rendered":"<p>KFC Puerto Rico anunci\u00f3 hoy el lanzamiento de una colaboraci\u00f3n con Doritos que marcar\u00e1 un antes y un despu\u00e9s en la industria de restaurantes &#8220;Fast&nbsp;Food&#8221;. El martes 3 de junio, los fan\u00e1ticos de ambas marcas podr\u00e1n disfrutar por primera vez de dos productos \u00fanicos que comparten el&nbsp;crunch&nbsp;y sabor inigualable del Pollo de KFC y Doritos.<\/p>\n<p>Productos [&#8230;]<\/p>\n","protected":false},"author":56,"featured_media":6582,"comment_status":"open","ping_status":"open","sticky":false,"template":"","format":"standard","meta":{"_monsterinsights_skip_tracking":false,"_monsterinsights_sitenote_active":false,"_monsterinsights_sitenote_note":"","_monsterinsights_sitenote_category":0},"categories":[481],"tags":[820,1288],"yoast_head":"<!-- This site is optimized with the Yoast SEO plugin v18.2 - https:\/\/yoast.com\/wordpress\/plugins\/seo\/ -->\n<meta name=\"robots\" content=\"index, follow, max-snippet:-1, max-image-preview:large, max-video-preview:-1\" \/>\n<link rel=\"canonical\" href=\"https:\/\/lax.fm\/portal\/comunicados\/kfc-puerto-rico-hace-historia-con-el-primer-junte-inesperado-entre-kfc-y-doritos-en-latinoamerica-y-el-caribe\/\" \/>\n<meta property=\"og:locale\" content=\"en_US\" \/>\n<meta property=\"og:type\" content=\"article\" \/>\n<meta property=\"og:title\" content=\"KFC Puerto Rico hace historia con el primer &quot;junte inesperado&quot; entre KFC y Doritos en Latinoam\u00e9rica y el Caribe - La-X - Gente con la m\u00fasica por dentro\" \/>\n<meta property=\"og:description\" content=\"KFC Puerto Rico anunci\u00f3 hoy el lanzamiento de una colaboraci\u00f3n con Doritos que marcar\u00e1 un antes y un despu\u00e9s en la industria de restaurantes &#8220;Fast&nbsp;Food&#8221;. El martes 3 de junio, los fan\u00e1ticos de ambas marcas podr\u00e1n disfrutar por primera vez de dos productos \u00fanicos que comparten el&nbsp;crunch&nbsp;y sabor inigualable del Pollo de KFC y Doritos.  Productos [...]\" \/>\n<meta property=\"og:url\" content=\"https:\/\/lax.fm\/portal\/comunicados\/kfc-puerto-rico-hace-historia-con-el-primer-junte-inesperado-entre-kfc-y-doritos-en-latinoamerica-y-el-caribe\/\" \/>\n<meta property=\"og:site_name\" content=\"La-X - Gente con la m\u00fasica por dentro\" \/>\n<meta property=\"article:publisher\" content=\"http:\/\/www.facebook.com\/laxpr\" \/>\n<meta property=\"article:author\" content=\"http:\/\/www.facebook.com\/laxpr\" \/>\n<meta property=\"article:published_time\" content=\"2025-06-03T20:47:08+00:00\" \/>\n<meta property=\"article:modified_time\" content=\"2025-06-03T20:50:17+00:00\" \/>\n<meta property=\"og:image\" content=\"http:\/\/lax.fm\/portal\/wp-content\/uploads\/2025\/06\/kfc-doritos.jpg\" \/>\n\t<meta property=\"og:image:width\" content=\"1000\" \/>\n\t<meta property=\"og:image:height\" content=\"500\" \/>\n\t<meta property=\"og:image:type\" content=\"image\/jpeg\" \/>\n<meta name=\"twitter:card\" content=\"summary\" \/>\n<meta name=\"twitter:creator\" content=\"@http:\/\/www.twitter.com\/laxpr\" \/>\n<meta name=\"twitter:site\" content=\"@laxpr\" \/>\n<meta name=\"twitter:label1\" content=\"Written by\" \/>\n\t<meta name=\"twitter:data1\" content=\"La X\" \/>\n\t<meta name=\"twitter:label2\" content=\"Est. reading time\" \/>\n\t<meta name=\"twitter:data2\" content=\"3 minutes\" \/>\n<script type=\"application\/ld+json\" class=\"yoast-schema-graph\">{\"@context\":\"https:\/\/schema.org\",\"@graph\":[{\"@type\":\"WebSite\",\"@id\":\"https:\/\/lax.fm\/portal\/#website\",\"url\":\"https:\/\/lax.fm\/portal\/\",\"name\":\"La-X - Gente con la m\u00fasica por dentro\",\"description\":\"Radio Visual\",\"potentialAction\":[{\"@type\":\"SearchAction\",\"target\":{\"@type\":\"EntryPoint\",\"urlTemplate\":\"https:\/\/lax.fm\/portal\/?s={search_term_string}\"},\"query-input\":\"required name=search_term_string\"}],\"inLanguage\":\"en-US\"},{\"@type\":\"ImageObject\",\"@id\":\"https:\/\/lax.fm\/portal\/comunicados\/kfc-puerto-rico-hace-historia-con-el-primer-junte-inesperado-entre-kfc-y-doritos-en-latinoamerica-y-el-caribe\/#primaryimage\",\"inLanguage\":\"en-US\",\"url\":\"https:\/\/lax.fm\/portal\/wp-content\/uploads\/2025\/06\/kfc-doritos.jpg\",\"contentUrl\":\"https:\/\/lax.fm\/portal\/wp-content\/uploads\/2025\/06\/kfc-doritos.jpg\",\"width\":1000,\"height\":500,\"caption\":\"KFC Doritos\"},{\"@type\":\"WebPage\",\"@id\":\"https:\/\/lax.fm\/portal\/comunicados\/kfc-puerto-rico-hace-historia-con-el-primer-junte-inesperado-entre-kfc-y-doritos-en-latinoamerica-y-el-caribe\/#webpage\",\"url\":\"https:\/\/lax.fm\/portal\/comunicados\/kfc-puerto-rico-hace-historia-con-el-primer-junte-inesperado-entre-kfc-y-doritos-en-latinoamerica-y-el-caribe\/\",\"name\":\"KFC Puerto Rico hace historia con el primer \\\"junte inesperado\\\" entre KFC y Doritos en Latinoam\u00e9rica y el Caribe - La-X - Gente con la m\u00fasica por dentro\",\"isPartOf\":{\"@id\":\"https:\/\/lax.fm\/portal\/#website\"},\"primaryImageOfPage\":{\"@id\":\"https:\/\/lax.fm\/portal\/comunicados\/kfc-puerto-rico-hace-historia-con-el-primer-junte-inesperado-entre-kfc-y-doritos-en-latinoamerica-y-el-caribe\/#primaryimage\"},\"datePublished\":\"2025-06-03T20:47:08+00:00\",\"dateModified\":\"2025-06-03T20:50:17+00:00\",\"author\":{\"@id\":\"https:\/\/lax.fm\/portal\/#\/schema\/person\/dffa89146b1fa98303668501e8ae48b8\"},\"breadcrumb\":{\"@id\":\"https:\/\/lax.fm\/portal\/comunicados\/kfc-puerto-rico-hace-historia-con-el-primer-junte-inesperado-entre-kfc-y-doritos-en-latinoamerica-y-el-caribe\/#breadcrumb\"},\"inLanguage\":\"en-US\",\"potentialAction\":[{\"@type\":\"ReadAction\",\"target\":[\"https:\/\/lax.fm\/portal\/comunicados\/kfc-puerto-rico-hace-historia-con-el-primer-junte-inesperado-entre-kfc-y-doritos-en-latinoamerica-y-el-caribe\/\"]}]},{\"@type\":\"BreadcrumbList\",\"@id\":\"https:\/\/lax.fm\/portal\/comunicados\/kfc-puerto-rico-hace-historia-con-el-primer-junte-inesperado-entre-kfc-y-doritos-en-latinoamerica-y-el-caribe\/#breadcrumb\",\"itemListElement\":[{\"@type\":\"ListItem\",\"position\":1,\"name\":\"Home\",\"item\":\"https:\/\/lax.fm\/portal\/\"},{\"@type\":\"ListItem\",\"position\":2,\"name\":\"KFC Puerto Rico hace historia con el primer &#8220;junte inesperado&#8221; entre KFC y Doritos en Latinoam\u00e9rica y el Caribe\"}]},{\"@type\":\"Person\",\"@id\":\"https:\/\/lax.fm\/portal\/#\/schema\/person\/dffa89146b1fa98303668501e8ae48b8\",\"name\":\"La X\",\"image\":{\"@type\":\"ImageObject\",\"@id\":\"https:\/\/lax.fm\/portal\/#personlogo\",\"inLanguage\":\"en-US\",\"url\":\"https:\/\/secure.gravatar.com\/avatar\/bd4bc52f18ab67b6950c7667e82f4b83?s=96&d=mm&r=g\",\"contentUrl\":\"https:\/\/secure.gravatar.com\/avatar\/bd4bc52f18ab67b6950c7667e82f4b83?s=96&d=mm&r=g\",\"caption\":\"La X\"},\"sameAs\":[\"http:\/\/www.lax.fm\",\"http:\/\/www.facebook.com\/laxpr\",\"https:\/\/twitter.com\/http:\/\/www.twitter.com\/laxpr\"],\"url\":\"https:\/\/lax.fm\/portal\/author\/la-x\/\"}]}<\/script>\n<!-- \/ Yoast SEO plugin. -->","yoast_head_json":{"robots":{"index":"index","follow":"follow","max-snippet":"max-snippet:-1","max-image-preview":"max-image-preview:large","max-video-preview":"max-video-preview:-1"},"canonical":"https:\/\/lax.fm\/portal\/comunicados\/kfc-puerto-rico-hace-historia-con-el-primer-junte-inesperado-entre-kfc-y-doritos-en-latinoamerica-y-el-caribe\/","og_locale":"en_US","og_type":"article","og_title":"KFC Puerto Rico hace historia con el primer \"junte inesperado\" entre KFC y Doritos en Latinoam\u00e9rica y el Caribe - La-X - Gente con la m\u00fasica por dentro","og_description":"KFC Puerto Rico anunci\u00f3 hoy el lanzamiento de una colaboraci\u00f3n con Doritos que marcar\u00e1 un antes y un despu\u00e9s en la industria de restaurantes &#8220;Fast&nbsp;Food&#8221;. El martes 3 de junio, los fan\u00e1ticos de ambas marcas podr\u00e1n disfrutar por primera vez de dos productos \u00fanicos que comparten el&nbsp;crunch&nbsp;y sabor inigualable del Pollo de KFC y Doritos.  Productos [...]","og_url":"https:\/\/lax.fm\/portal\/comunicados\/kfc-puerto-rico-hace-historia-con-el-primer-junte-inesperado-entre-kfc-y-doritos-en-latinoamerica-y-el-caribe\/","og_site_name":"La-X - Gente con la m\u00fasica por dentro","article_publisher":"http:\/\/www.facebook.com\/laxpr","article_author":"http:\/\/www.facebook.com\/laxpr","article_published_time":"2025-06-03T20:47:08+00:00","article_modified_time":"2025-06-03T20:50:17+00:00","og_image":[{"width":1000,"height":500,"url":"http:\/\/lax.fm\/portal\/wp-content\/uploads\/2025\/06\/kfc-doritos.jpg","type":"image\/jpeg"}],"twitter_card":"summary","twitter_creator":"@http:\/\/www.twitter.com\/laxpr","twitter_site":"@laxpr","twitter_misc":{"Written by":"La X","Est. reading time":"3 minutes"},"schema":{"@context":"https:\/\/schema.org","@graph":[{"@type":"WebSite","@id":"https:\/\/lax.fm\/portal\/#website","url":"https:\/\/lax.fm\/portal\/","name":"La-X - Gente con la m\u00fasica por dentro","description":"Radio Visual","potentialAction":[{"@type":"SearchAction","target":{"@type":"EntryPoint","urlTemplate":"https:\/\/lax.fm\/portal\/?s={search_term_string}"},"query-input":"required name=search_term_string"}],"inLanguage":"en-US"},{"@type":"ImageObject","@id":"https:\/\/lax.fm\/portal\/comunicados\/kfc-puerto-rico-hace-historia-con-el-primer-junte-inesperado-entre-kfc-y-doritos-en-latinoamerica-y-el-caribe\/#primaryimage","inLanguage":"en-US","url":"https:\/\/lax.fm\/portal\/wp-content\/uploads\/2025\/06\/kfc-doritos.jpg","contentUrl":"https:\/\/lax.fm\/portal\/wp-content\/uploads\/2025\/06\/kfc-doritos.jpg","width":1000,"height":500,"caption":"KFC Doritos"},{"@type":"WebPage","@id":"https:\/\/lax.fm\/portal\/comunicados\/kfc-puerto-rico-hace-historia-con-el-primer-junte-inesperado-entre-kfc-y-doritos-en-latinoamerica-y-el-caribe\/#webpage","url":"https:\/\/lax.fm\/portal\/comunicados\/kfc-puerto-rico-hace-historia-con-el-primer-junte-inesperado-entre-kfc-y-doritos-en-latinoamerica-y-el-caribe\/","name":"KFC Puerto Rico hace historia con el primer \"junte inesperado\" entre KFC y Doritos en Latinoam\u00e9rica y el Caribe - La-X - Gente con la m\u00fasica por dentro","isPartOf":{"@id":"https:\/\/lax.fm\/portal\/#website"},"primaryImageOfPage":{"@id":"https:\/\/lax.fm\/portal\/comunicados\/kfc-puerto-rico-hace-historia-con-el-primer-junte-inesperado-entre-kfc-y-doritos-en-latinoamerica-y-el-caribe\/#primaryimage"},"datePublished":"2025-06-03T20:47:08+00:00","dateModified":"2025-06-03T20:50:17+00:00","author":{"@id":"https:\/\/lax.fm\/portal\/#\/schema\/person\/dffa89146b1fa98303668501e8ae48b8"},"breadcrumb":{"@id":"https:\/\/lax.fm\/portal\/comunicados\/kfc-puerto-rico-hace-historia-con-el-primer-junte-inesperado-entre-kfc-y-doritos-en-latinoamerica-y-el-caribe\/#breadcrumb"},"inLanguage":"en-US","potentialAction":[{"@type":"ReadAction","target":["https:\/\/lax.fm\/portal\/comunicados\/kfc-puerto-rico-hace-historia-con-el-primer-junte-inesperado-entre-kfc-y-doritos-en-latinoamerica-y-el-caribe\/"]}]},{"@type":"BreadcrumbList","@id":"https:\/\/lax.fm\/portal\/comunicados\/kfc-puerto-rico-hace-historia-con-el-primer-junte-inesperado-entre-kfc-y-doritos-en-latinoamerica-y-el-caribe\/#breadcrumb","itemListElement":[{"@type":"ListItem","position":1,"name":"Home","item":"https:\/\/lax.fm\/portal\/"},{"@type":"ListItem","position":2,"name":"KFC Puerto Rico hace historia con el primer &#8220;junte inesperado&#8221; entre KFC y Doritos en Latinoam\u00e9rica y el Caribe"}]},{"@type":"Person","@id":"https:\/\/lax.fm\/portal\/#\/schema\/person\/dffa89146b1fa98303668501e8ae48b8","name":"La X","image":{"@type":"ImageObject","@id":"https:\/\/lax.fm\/portal\/#personlogo","inLanguage":"en-US","url":"https:\/\/secure.gravatar.com\/avatar\/bd4bc52f18ab67b6950c7667e82f4b83?s=96&d=mm&r=g","contentUrl":"https:\/\/secure.gravatar.com\/avatar\/bd4bc52f18ab67b6950c7667e82f4b83?s=96&d=mm&r=g","caption":"La X"},"sameAs":["http:\/\/www.lax.fm","http:\/\/www.facebook.com\/laxpr","https:\/\/twitter.com\/http:\/\/www.twitter.com\/laxpr"],"url":"https:\/\/lax.fm\/portal\/author\/la-x\/"}]}},"_links":{"self":[{"href":"https:\/\/lax.fm\/portal\/wp-json\/wp\/v2\/posts\/6579"}],"collection":[{"href":"https:\/\/lax.fm\/portal\/wp-json\/wp\/v2\/posts"}],"about":[{"href":"https:\/\/lax.fm\/portal\/wp-json\/wp\/v2\/types\/post"}],"author":[{"embeddable":true,"href":"https:\/\/lax.fm\/portal\/wp-json\/wp\/v2\/users\/56"}],"replies":[{"embeddable":true,"href":"https:\/\/lax.fm\/portal\/wp-json\/wp\/v2\/comments?post=6579"}],"version-history":[{"count":4,"href":"https:\/\/lax.fm\/portal\/wp-json\/wp\/v2\/posts\/6579\/revisions"}],"predecessor-version":[{"id":6586,"href":"https:\/\/lax.fm\/portal\/wp-json\/wp\/v2\/posts\/6579\/revisions\/6586"}],"wp:featuredmedia":[{"embeddable":true,"href":"https:\/\/lax.fm\/portal\/wp-json\/wp\/v2\/media\/6582"}],"wp:attachment":[{"href":"https:\/\/lax.fm\/portal\/wp-json\/wp\/v2\/media?parent=6579"}],"wp:term":[{"taxonomy":"category","embeddable":true,"href":"https:\/\/lax.fm\/portal\/wp-json\/wp\/v2\/categories?post=6579"},{"taxonomy":"post_tag","embeddable":true,"href":"https:\/\/lax.fm\/portal\/wp-json\/wp\/v2\/tags?post=6579"}],"curies":[{"name":"wp","href":"https:\/\/api.w.org\/{rel}","templated":true}]}}