{"id":6541,"date":"2025-05-07T12:06:54","date_gmt":"2025-05-07T16:06:54","guid":{"rendered":"https:\/\/lax.fm\/portal\/?p=6541"},"modified":"2025-05-07T12:24:29","modified_gmt":"2025-05-07T16:24:29","slug":"el-courtyard-de-isla-verde-recibe-reconocimiento-global-de-marriott-international","status":"publish","type":"post","link":"https:\/\/lax.fm\/portal\/comunicados\/el-courtyard-de-isla-verde-recibe-reconocimiento-global-de-marriott-international\/","title":{"rendered":"El Courtyard de Isla Verde recibe reconocimiento global de Marriott International"},"content":{"rendered":"\n<p>El Courtyard by Marriott Isla Verde Beach Resort celebr\u00f3 la notificaci\u00f3n de parte de Marriott International del anuncio de los ganadores de los Premios ELITE Continental y Global. Los Premios ELITE son el principal programa de reconocimiento, dise\u00f1ado para honrar y celebrar la Excelencia, el Liderazgo, la Inspiraci\u00f3n, el Trabajo en Equipo y la Ejecuci\u00f3n (E.L.I.T.E.) de la empresa Marriott. Estos reconocen las habilidades de liderazgo excepcionales, los resultados de ingresos extraordinarios, la excelencia en el servicio al cliente y la participaci\u00f3n comunitaria.<\/p>\n\n\n\n<p>Marriott International reconoci\u00f3 al equipo de Revenue Management del Courtyard by Marriott Isla Verde como el equipo \u201cSelect Property Revenue Management Team of the Year\u201d liderado por Sheila Muriel y al equipo de Ventas de Catering liderado por Amnel Col\u00f3n con el premio de \u201cCatering Sales Excellence Team of the Year\u201d.<\/p>\n\n\n\n<figure class=\"wp-block-image size-large\"><img loading=\"lazy\" width=\"590\" height=\"406\" src=\"http:\/\/lax.fm\/portal\/wp-content\/uploads\/2025\/05\/Amnel-Colon-director-de-ventas-de-cateri-y-Juan-Fuentes-web-la-X-590x406.jpg\" alt=\"\" class=\"wp-image-6546\" srcset=\"https:\/\/lax.fm\/portal\/wp-content\/uploads\/2025\/05\/Amnel-Colon-director-de-ventas-de-cateri-y-Juan-Fuentes-web-la-X-590x406.jpg 590w, https:\/\/lax.fm\/portal\/wp-content\/uploads\/2025\/05\/Amnel-Colon-director-de-ventas-de-cateri-y-Juan-Fuentes-web-la-X-300x207.jpg 300w, https:\/\/lax.fm\/portal\/wp-content\/uploads\/2025\/05\/Amnel-Colon-director-de-ventas-de-cateri-y-Juan-Fuentes-web-la-X-768x529.jpg 768w, https:\/\/lax.fm\/portal\/wp-content\/uploads\/2025\/05\/Amnel-Colon-director-de-ventas-de-cateri-y-Juan-Fuentes-web-la-X-130x90.jpg 130w, https:\/\/lax.fm\/portal\/wp-content\/uploads\/2025\/05\/Amnel-Colon-director-de-ventas-de-cateri-y-Juan-Fuentes-web-la-X-350x241.jpg 350w, https:\/\/lax.fm\/portal\/wp-content\/uploads\/2025\/05\/Amnel-Colon-director-de-ventas-de-cateri-y-Juan-Fuentes-web-la-X.jpg 1024w\" sizes=\"(max-width: 590px) 100vw, 590px\" \/><\/figure>\n\n\n\n<p>&#8220;Estamos muy orgullosos del reconocimiento que les han hecho a nuestros equipos de Catering y Revenue Management y el liderazgo demostrado por Sheila y Amnel,&#8221; destac\u00f3 Efra\u00edn Rosa, gerente general del hotel.<\/p>\n\n\n\n<p>En adici\u00f3n a este galard\u00f3n, el hotel recibi\u00f3 la notificaci\u00f3n de los ganadores de los Premios Globales ELITE donde su equipo de Ventas de Catering recibi\u00f3 el premio de \u201cCatering Sales Excellence \u2013 Team of the Year Franchise\u201d.<\/p>\n\n\n\n<p>&#8220;Estamos muy contentos con este reconocimiento global que prueba el potencial de los puertorrique\u00f1os. Nos complace mucho felicitar a Amnel Col\u00f3n, director de Catering y a su equipo de Ventas de Catering, Juan Fuentes y Mariela Ferrer por alcanzar la cima demostrando un compromiso continuo con la excelencia, el liderazgo, la inspiraci\u00f3n, el trabajo en equipo y la ejecuci\u00f3n&#8221;, comparti\u00f3 Peter Hopgood, presidente de International Hospitality Development.<\/p>\n","protected":false},"excerpt":{"rendered":"<p>El Courtyard by Marriott Isla Verde Beach Resort celebr\u00f3 la notificaci\u00f3n de parte de Marriott International del anuncio de los ganadores de los Premios ELITE Continental y Global. Los Premios ELITE son el principal programa de reconocimiento, dise\u00f1ado para honrar y celebrar la Excelencia, el Liderazgo, la Inspiraci\u00f3n, el Trabajo en Equipo y la Ejecuci\u00f3n [&#8230;]<\/p>\n","protected":false},"author":56,"featured_media":6542,"comment_status":"open","ping_status":"open","sticky":false,"template":"","format":"standard","meta":{"_monsterinsights_skip_tracking":false,"_monsterinsights_sitenote_active":false,"_monsterinsights_sitenote_note":"","_monsterinsights_sitenote_category":0},"categories":[481],"tags":[820,1271,1269],"yoast_head":"<!-- This site is optimized with the Yoast SEO plugin v18.2 - https:\/\/yoast.com\/wordpress\/plugins\/seo\/ -->\n<meta name=\"robots\" content=\"index, follow, max-snippet:-1, max-image-preview:large, max-video-preview:-1\" \/>\n<link rel=\"canonical\" href=\"https:\/\/lax.fm\/portal\/comunicados\/el-courtyard-de-isla-verde-recibe-reconocimiento-global-de-marriott-international\/\" \/>\n<meta property=\"og:locale\" content=\"en_US\" \/>\n<meta property=\"og:type\" content=\"article\" \/>\n<meta property=\"og:title\" content=\"El Courtyard de Isla Verde recibe reconocimiento global de Marriott International - La-X - Gente con la m\u00fasica por dentro\" \/>\n<meta property=\"og:description\" content=\"El Courtyard by Marriott Isla Verde Beach Resort celebr\u00f3 la notificaci\u00f3n de parte de Marriott International del anuncio de los ganadores de los Premios ELITE Continental y Global. Los Premios ELITE son el principal programa de reconocimiento, dise\u00f1ado para honrar y celebrar la Excelencia, el Liderazgo, la Inspiraci\u00f3n, el Trabajo en Equipo y la Ejecuci\u00f3n [...]\" \/>\n<meta property=\"og:url\" content=\"https:\/\/lax.fm\/portal\/comunicados\/el-courtyard-de-isla-verde-recibe-reconocimiento-global-de-marriott-international\/\" \/>\n<meta property=\"og:site_name\" content=\"La-X - Gente con la m\u00fasica por dentro\" \/>\n<meta property=\"article:publisher\" content=\"http:\/\/www.facebook.com\/laxpr\" \/>\n<meta property=\"article:author\" content=\"http:\/\/www.facebook.com\/laxpr\" \/>\n<meta property=\"article:published_time\" content=\"2025-05-07T16:06:54+00:00\" \/>\n<meta property=\"article:modified_time\" content=\"2025-05-07T16:24:29+00:00\" \/>\n<meta property=\"og:image\" content=\"http:\/\/lax.fm\/portal\/wp-content\/uploads\/2025\/05\/Untitled.jpg\" \/>\n\t<meta property=\"og:image:width\" content=\"1000\" \/>\n\t<meta property=\"og:image:height\" content=\"500\" \/>\n\t<meta property=\"og:image:type\" content=\"image\/jpeg\" \/>\n<meta name=\"twitter:card\" content=\"summary\" \/>\n<meta name=\"twitter:creator\" content=\"@http:\/\/www.twitter.com\/laxpr\" \/>\n<meta name=\"twitter:site\" content=\"@laxpr\" \/>\n<meta name=\"twitter:label1\" content=\"Written by\" \/>\n\t<meta name=\"twitter:data1\" content=\"La X\" \/>\n\t<meta name=\"twitter:label2\" content=\"Est. reading time\" \/>\n\t<meta name=\"twitter:data2\" content=\"2 minutes\" \/>\n<script type=\"application\/ld+json\" class=\"yoast-schema-graph\">{\"@context\":\"https:\/\/schema.org\",\"@graph\":[{\"@type\":\"WebSite\",\"@id\":\"https:\/\/lax.fm\/portal\/#website\",\"url\":\"https:\/\/lax.fm\/portal\/\",\"name\":\"La-X - Gente con la m\u00fasica por dentro\",\"description\":\"Radio Visual\",\"potentialAction\":[{\"@type\":\"SearchAction\",\"target\":{\"@type\":\"EntryPoint\",\"urlTemplate\":\"https:\/\/lax.fm\/portal\/?s={search_term_string}\"},\"query-input\":\"required name=search_term_string\"}],\"inLanguage\":\"en-US\"},{\"@type\":\"ImageObject\",\"@id\":\"https:\/\/lax.fm\/portal\/comunicados\/el-courtyard-de-isla-verde-recibe-reconocimiento-global-de-marriott-international\/#primaryimage\",\"inLanguage\":\"en-US\",\"url\":\"https:\/\/lax.fm\/portal\/wp-content\/uploads\/2025\/05\/Untitled.jpg\",\"contentUrl\":\"https:\/\/lax.fm\/portal\/wp-content\/uploads\/2025\/05\/Untitled.jpg\",\"width\":1000,\"height\":500,\"caption\":\"Courtyard Mariott\"},{\"@type\":\"WebPage\",\"@id\":\"https:\/\/lax.fm\/portal\/comunicados\/el-courtyard-de-isla-verde-recibe-reconocimiento-global-de-marriott-international\/#webpage\",\"url\":\"https:\/\/lax.fm\/portal\/comunicados\/el-courtyard-de-isla-verde-recibe-reconocimiento-global-de-marriott-international\/\",\"name\":\"El Courtyard de Isla Verde recibe reconocimiento global de Marriott International - La-X - Gente con la m\u00fasica por dentro\",\"isPartOf\":{\"@id\":\"https:\/\/lax.fm\/portal\/#website\"},\"primaryImageOfPage\":{\"@id\":\"https:\/\/lax.fm\/portal\/comunicados\/el-courtyard-de-isla-verde-recibe-reconocimiento-global-de-marriott-international\/#primaryimage\"},\"datePublished\":\"2025-05-07T16:06:54+00:00\",\"dateModified\":\"2025-05-07T16:24:29+00:00\",\"author\":{\"@id\":\"https:\/\/lax.fm\/portal\/#\/schema\/person\/dffa89146b1fa98303668501e8ae48b8\"},\"breadcrumb\":{\"@id\":\"https:\/\/lax.fm\/portal\/comunicados\/el-courtyard-de-isla-verde-recibe-reconocimiento-global-de-marriott-international\/#breadcrumb\"},\"inLanguage\":\"en-US\",\"potentialAction\":[{\"@type\":\"ReadAction\",\"target\":[\"https:\/\/lax.fm\/portal\/comunicados\/el-courtyard-de-isla-verde-recibe-reconocimiento-global-de-marriott-international\/\"]}]},{\"@type\":\"BreadcrumbList\",\"@id\":\"https:\/\/lax.fm\/portal\/comunicados\/el-courtyard-de-isla-verde-recibe-reconocimiento-global-de-marriott-international\/#breadcrumb\",\"itemListElement\":[{\"@type\":\"ListItem\",\"position\":1,\"name\":\"Home\",\"item\":\"https:\/\/lax.fm\/portal\/\"},{\"@type\":\"ListItem\",\"position\":2,\"name\":\"El Courtyard de Isla Verde recibe reconocimiento global de Marriott International\"}]},{\"@type\":\"Person\",\"@id\":\"https:\/\/lax.fm\/portal\/#\/schema\/person\/dffa89146b1fa98303668501e8ae48b8\",\"name\":\"La X\",\"image\":{\"@type\":\"ImageObject\",\"@id\":\"https:\/\/lax.fm\/portal\/#personlogo\",\"inLanguage\":\"en-US\",\"url\":\"https:\/\/secure.gravatar.com\/avatar\/bd4bc52f18ab67b6950c7667e82f4b83?s=96&d=mm&r=g\",\"contentUrl\":\"https:\/\/secure.gravatar.com\/avatar\/bd4bc52f18ab67b6950c7667e82f4b83?s=96&d=mm&r=g\",\"caption\":\"La X\"},\"sameAs\":[\"http:\/\/www.lax.fm\",\"http:\/\/www.facebook.com\/laxpr\",\"https:\/\/twitter.com\/http:\/\/www.twitter.com\/laxpr\"],\"url\":\"https:\/\/lax.fm\/portal\/author\/la-x\/\"}]}<\/script>\n<!-- \/ Yoast SEO plugin. -->","yoast_head_json":{"robots":{"index":"index","follow":"follow","max-snippet":"max-snippet:-1","max-image-preview":"max-image-preview:large","max-video-preview":"max-video-preview:-1"},"canonical":"https:\/\/lax.fm\/portal\/comunicados\/el-courtyard-de-isla-verde-recibe-reconocimiento-global-de-marriott-international\/","og_locale":"en_US","og_type":"article","og_title":"El Courtyard de Isla Verde recibe reconocimiento global de Marriott International - La-X - Gente con la m\u00fasica por dentro","og_description":"El Courtyard by Marriott Isla Verde Beach Resort celebr\u00f3 la notificaci\u00f3n de parte de Marriott International del anuncio de los ganadores de los Premios ELITE Continental y Global. Los Premios ELITE son el principal programa de reconocimiento, dise\u00f1ado para honrar y celebrar la Excelencia, el Liderazgo, la Inspiraci\u00f3n, el Trabajo en Equipo y la Ejecuci\u00f3n [...]","og_url":"https:\/\/lax.fm\/portal\/comunicados\/el-courtyard-de-isla-verde-recibe-reconocimiento-global-de-marriott-international\/","og_site_name":"La-X - Gente con la m\u00fasica por dentro","article_publisher":"http:\/\/www.facebook.com\/laxpr","article_author":"http:\/\/www.facebook.com\/laxpr","article_published_time":"2025-05-07T16:06:54+00:00","article_modified_time":"2025-05-07T16:24:29+00:00","og_image":[{"width":1000,"height":500,"url":"http:\/\/lax.fm\/portal\/wp-content\/uploads\/2025\/05\/Untitled.jpg","type":"image\/jpeg"}],"twitter_card":"summary","twitter_creator":"@http:\/\/www.twitter.com\/laxpr","twitter_site":"@laxpr","twitter_misc":{"Written by":"La X","Est. reading time":"2 minutes"},"schema":{"@context":"https:\/\/schema.org","@graph":[{"@type":"WebSite","@id":"https:\/\/lax.fm\/portal\/#website","url":"https:\/\/lax.fm\/portal\/","name":"La-X - Gente con la m\u00fasica por dentro","description":"Radio Visual","potentialAction":[{"@type":"SearchAction","target":{"@type":"EntryPoint","urlTemplate":"https:\/\/lax.fm\/portal\/?s={search_term_string}"},"query-input":"required name=search_term_string"}],"inLanguage":"en-US"},{"@type":"ImageObject","@id":"https:\/\/lax.fm\/portal\/comunicados\/el-courtyard-de-isla-verde-recibe-reconocimiento-global-de-marriott-international\/#primaryimage","inLanguage":"en-US","url":"https:\/\/lax.fm\/portal\/wp-content\/uploads\/2025\/05\/Untitled.jpg","contentUrl":"https:\/\/lax.fm\/portal\/wp-content\/uploads\/2025\/05\/Untitled.jpg","width":1000,"height":500,"caption":"Courtyard Mariott"},{"@type":"WebPage","@id":"https:\/\/lax.fm\/portal\/comunicados\/el-courtyard-de-isla-verde-recibe-reconocimiento-global-de-marriott-international\/#webpage","url":"https:\/\/lax.fm\/portal\/comunicados\/el-courtyard-de-isla-verde-recibe-reconocimiento-global-de-marriott-international\/","name":"El Courtyard de Isla Verde recibe reconocimiento global de Marriott International - La-X - Gente con la m\u00fasica por dentro","isPartOf":{"@id":"https:\/\/lax.fm\/portal\/#website"},"primaryImageOfPage":{"@id":"https:\/\/lax.fm\/portal\/comunicados\/el-courtyard-de-isla-verde-recibe-reconocimiento-global-de-marriott-international\/#primaryimage"},"datePublished":"2025-05-07T16:06:54+00:00","dateModified":"2025-05-07T16:24:29+00:00","author":{"@id":"https:\/\/lax.fm\/portal\/#\/schema\/person\/dffa89146b1fa98303668501e8ae48b8"},"breadcrumb":{"@id":"https:\/\/lax.fm\/portal\/comunicados\/el-courtyard-de-isla-verde-recibe-reconocimiento-global-de-marriott-international\/#breadcrumb"},"inLanguage":"en-US","potentialAction":[{"@type":"ReadAction","target":["https:\/\/lax.fm\/portal\/comunicados\/el-courtyard-de-isla-verde-recibe-reconocimiento-global-de-marriott-international\/"]}]},{"@type":"BreadcrumbList","@id":"https:\/\/lax.fm\/portal\/comunicados\/el-courtyard-de-isla-verde-recibe-reconocimiento-global-de-marriott-international\/#breadcrumb","itemListElement":[{"@type":"ListItem","position":1,"name":"Home","item":"https:\/\/lax.fm\/portal\/"},{"@type":"ListItem","position":2,"name":"El Courtyard de Isla Verde recibe reconocimiento global de Marriott International"}]},{"@type":"Person","@id":"https:\/\/lax.fm\/portal\/#\/schema\/person\/dffa89146b1fa98303668501e8ae48b8","name":"La X","image":{"@type":"ImageObject","@id":"https:\/\/lax.fm\/portal\/#personlogo","inLanguage":"en-US","url":"https:\/\/secure.gravatar.com\/avatar\/bd4bc52f18ab67b6950c7667e82f4b83?s=96&d=mm&r=g","contentUrl":"https:\/\/secure.gravatar.com\/avatar\/bd4bc52f18ab67b6950c7667e82f4b83?s=96&d=mm&r=g","caption":"La X"},"sameAs":["http:\/\/www.lax.fm","http:\/\/www.facebook.com\/laxpr","https:\/\/twitter.com\/http:\/\/www.twitter.com\/laxpr"],"url":"https:\/\/lax.fm\/portal\/author\/la-x\/"}]}},"_links":{"self":[{"href":"https:\/\/lax.fm\/portal\/wp-json\/wp\/v2\/posts\/6541"}],"collection":[{"href":"https:\/\/lax.fm\/portal\/wp-json\/wp\/v2\/posts"}],"about":[{"href":"https:\/\/lax.fm\/portal\/wp-json\/wp\/v2\/types\/post"}],"author":[{"embeddable":true,"href":"https:\/\/lax.fm\/portal\/wp-json\/wp\/v2\/users\/56"}],"replies":[{"embeddable":true,"href":"https:\/\/lax.fm\/portal\/wp-json\/wp\/v2\/comments?post=6541"}],"version-history":[{"count":4,"href":"https:\/\/lax.fm\/portal\/wp-json\/wp\/v2\/posts\/6541\/revisions"}],"predecessor-version":[{"id":6551,"href":"https:\/\/lax.fm\/portal\/wp-json\/wp\/v2\/posts\/6541\/revisions\/6551"}],"wp:featuredmedia":[{"embeddable":true,"href":"https:\/\/lax.fm\/portal\/wp-json\/wp\/v2\/media\/6542"}],"wp:attachment":[{"href":"https:\/\/lax.fm\/portal\/wp-json\/wp\/v2\/media?parent=6541"}],"wp:term":[{"taxonomy":"category","embeddable":true,"href":"https:\/\/lax.fm\/portal\/wp-json\/wp\/v2\/categories?post=6541"},{"taxonomy":"post_tag","embeddable":true,"href":"https:\/\/lax.fm\/portal\/wp-json\/wp\/v2\/tags?post=6541"}],"curies":[{"name":"wp","href":"https:\/\/api.w.org\/{rel}","templated":true}]}}