{"id":6430,"date":"2024-11-25T15:57:15","date_gmt":"2024-11-25T19:57:15","guid":{"rendered":"https:\/\/lax.fm\/portal\/?p=6430"},"modified":"2024-11-25T16:01:41","modified_gmt":"2024-11-25T20:01:41","slug":"burlington-stores-celebra-mas-de-15-anos-en-puerto-rico-con-una-donacion-de-25000-a-la-fundacion-infantil-ronald-mcdonald-y-eventos-comunitarios-especiales","status":"publish","type":"post","link":"https:\/\/lax.fm\/portal\/comunicados\/burlington-stores-celebra-mas-de-15-anos-en-puerto-rico-con-una-donacion-de-25000-a-la-fundacion-infantil-ronald-mcdonald-y-eventos-comunitarios-especiales\/","title":{"rendered":"Burlington Stores celebra m\u00e1s de 15 a\u00f1os en Puerto Rico con una donaci\u00f3n de $25,000 a la Fundaci\u00f3n Infantil Ronald McDonald y eventos comunitarios especiales"},"content":{"rendered":"\n<p>Hoy,<a href=\"https:\/\/c212.net\/c\/link\/?t=0&amp;l=en&amp;o=3818171-1&amp;h=412800291&amp;u=https%3A%2F%2Fwww.burlington.com%2F&amp;a=Burlington+Stores%2C+Inc.\" target=\"_blank\" rel=\"noreferrer noopener\"> Burlington Stores, Inc.,<\/a> un minorista nacional de descuentos que ofrece precios bajos todos los d\u00edas en mercanc\u00eda de marca para toda la familia y el hogar, celebra m\u00e1s de 15 a\u00f1os de compras y ahorros en Puerto Rico. Con 22 ubicaciones en toda la isla y m\u00e1s aperturas planificadas para 2025, Burlington sigue dedicado a proporcionar a los clientes ofertas excepcionales en marcas de alta calidad, junto con la emoci\u00f3n de descubrir algo nuevo cada vez que compran.<\/p>\n\n\n\n<p>\u201cEstamos incre\u00edblemente orgullosos de celebrar m\u00e1s de 15 a\u00f1os en Puerto Rico\u201d, dijo Michael O\u2019Sullivan, director ejecutivo de Burlington Stores. \u201cA medida que alcanzamos este hito, nos comprometemos a continuar proporcionando un gran valor, tanto en nuestras tiendas como en nuestras comunidades. Desde nuestra asociaci\u00f3n de larga data con la Fundaci\u00f3n Infantil Ronald McDonald y la Burlington Toy Drive anual, hasta nuestras tiendas recientemente renovadas, estamos entusiasmados de seguir teniendo un impacto positivo\u201d.<\/p>\n\n\n\n<h3>Donaci\u00f3n de $25,000 a la Fundaci\u00f3n Infantil Ronald McDonald (FIRM)<\/h3>\n\n\n\n<p>Para dar inicio a su 11.<sup>a<\/sup> edici\u00f3n anual de Toy Drive, Burlington donar\u00e1 $25,000 a la organizaci\u00f3n sin fines de lucro <a href=\"https:\/\/casaronald.org.pr\/\" target=\"_blank\" rel=\"noreferrer noopener\">Fundaci\u00f3n Infantil Ronald McDonald <\/a>(FIRM) para apoyar su misi\u00f3n de mejorar el bienestar de los ni\u00f1os y las familias en Puerto Rico.&nbsp;<\/p>\n\n\n\n<p>Durante la \u00faltima d\u00e9cada, los clientes de Burlington han donado generosamente m\u00e1s de 150,000 juguetes nuevos, lo que les da alegr\u00eda a los ni\u00f1os que enfrentan dificultades. Desde hoy hasta el 24 de diciembre, se alienta a los clientes a donar un juguete nuevo sin envolver en cualquiera de las ubicaciones de Burlington en Puerto Rico y recibir un 10 % de descuento en toda su compra.&nbsp;&nbsp;<\/p>\n\n\n\n<p>\u201cCada a\u00f1o, la incre\u00edble generosidad y dedicaci\u00f3n de Burlington y sus clientes tocan nuestros corazones y nos inspiran a continuar nuestra misi\u00f3n\u201d, dijo Mariela Jorge, directora ejecutiva de la Fundaci\u00f3n Infantil Ronald McDonald. \u201cEstamos profundamente agradecidos por el firme apoyo de Burlington para brindar alegr\u00eda y alivio a los ni\u00f1os y las familias de todo Puerto Rico, especialmente durante la temporada de fiestas\u201d.<\/p>\n\n\n\n<h3>Experiencia de compra mejorada en la tienda<\/h3>\n\n\n\n<p>Para mejorar la experiencia de compra del cliente, Burlington ha actualizado las 22 tiendas para presentar su dise\u00f1o reinventado y el nuevo eslogan de la tienda, \u201cMarcas. Rebajas. \u00a1WOW!\u201d El dise\u00f1o renovado mejora la experiencia de compra, lo que facilita a los clientes descubrir ofertas y ahorros en sus marcas favoritas.<\/p>\n\n\n\n<h3>Regalos exclusivos&nbsp;<\/h3>\n\n\n\n<p>Para celebrar el hito de los 15 a\u00f1os, Burlington invita a los clientes a visitar cualquiera de sus tiendas de Puerto Rico del 22 al 24 de noviembre para experimentar obsequios exclusivos y ofertas WOW.<\/p>\n","protected":false},"excerpt":{"rendered":"<p>Hoy, Burlington Stores, Inc., un minorista nacional de descuentos que ofrece precios bajos todos los d\u00edas en mercanc\u00eda de marca para toda la familia y el hogar, celebra m\u00e1s de 15 a\u00f1os de compras y ahorros en Puerto Rico. Con 22 ubicaciones en toda la isla y m\u00e1s aperturas planificadas para 2025, Burlington sigue dedicado [&#8230;]<\/p>\n","protected":false},"author":56,"featured_media":6432,"comment_status":"open","ping_status":"open","sticky":false,"template":"","format":"standard","meta":{"_monsterinsights_skip_tracking":false,"_monsterinsights_sitenote_active":false,"_monsterinsights_sitenote_note":"","_monsterinsights_sitenote_category":0},"categories":[481],"tags":[820,1246,66],"yoast_head":"<!-- This site is optimized with the Yoast SEO plugin v18.2 - https:\/\/yoast.com\/wordpress\/plugins\/seo\/ -->\n<meta name=\"robots\" content=\"index, follow, max-snippet:-1, max-image-preview:large, max-video-preview:-1\" \/>\n<link rel=\"canonical\" href=\"https:\/\/lax.fm\/portal\/comunicados\/burlington-stores-celebra-mas-de-15-anos-en-puerto-rico-con-una-donacion-de-25000-a-la-fundacion-infantil-ronald-mcdonald-y-eventos-comunitarios-especiales\/\" \/>\n<meta property=\"og:locale\" content=\"en_US\" \/>\n<meta property=\"og:type\" content=\"article\" \/>\n<meta property=\"og:title\" content=\"Burlington Stores celebra m\u00e1s de 15 a\u00f1os en Puerto Rico con una donaci\u00f3n de $25,000 a la Fundaci\u00f3n Infantil Ronald McDonald y eventos comunitarios especiales - La-X - Gente con la m\u00fasica por dentro\" \/>\n<meta property=\"og:description\" content=\"Hoy, Burlington Stores, Inc., un minorista nacional de descuentos que ofrece precios bajos todos los d\u00edas en mercanc\u00eda de marca para toda la familia y el hogar, celebra m\u00e1s de 15 a\u00f1os de compras y ahorros en Puerto Rico. Con 22 ubicaciones en toda la isla y m\u00e1s aperturas planificadas para 2025, Burlington sigue dedicado [...]\" \/>\n<meta property=\"og:url\" content=\"https:\/\/lax.fm\/portal\/comunicados\/burlington-stores-celebra-mas-de-15-anos-en-puerto-rico-con-una-donacion-de-25000-a-la-fundacion-infantil-ronald-mcdonald-y-eventos-comunitarios-especiales\/\" \/>\n<meta property=\"og:site_name\" content=\"La-X - Gente con la m\u00fasica por dentro\" \/>\n<meta property=\"article:publisher\" content=\"http:\/\/www.facebook.com\/laxpr\" \/>\n<meta property=\"article:author\" content=\"http:\/\/www.facebook.com\/laxpr\" \/>\n<meta property=\"article:published_time\" content=\"2024-11-25T19:57:15+00:00\" \/>\n<meta property=\"article:modified_time\" content=\"2024-11-25T20:01:41+00:00\" \/>\n<meta property=\"og:image\" content=\"http:\/\/lax.fm\/portal\/wp-content\/uploads\/2024\/11\/Burligton-Casa-Ronald-McDonald.jpg\" \/>\n\t<meta property=\"og:image:width\" content=\"1000\" \/>\n\t<meta property=\"og:image:height\" content=\"500\" \/>\n\t<meta property=\"og:image:type\" content=\"image\/jpeg\" \/>\n<meta name=\"twitter:card\" content=\"summary\" \/>\n<meta name=\"twitter:creator\" content=\"@http:\/\/www.twitter.com\/laxpr\" \/>\n<meta name=\"twitter:site\" content=\"@laxpr\" \/>\n<meta name=\"twitter:label1\" content=\"Written by\" \/>\n\t<meta name=\"twitter:data1\" content=\"La X\" \/>\n\t<meta name=\"twitter:label2\" content=\"Est. reading time\" \/>\n\t<meta name=\"twitter:data2\" content=\"2 minutes\" \/>\n<script type=\"application\/ld+json\" class=\"yoast-schema-graph\">{\"@context\":\"https:\/\/schema.org\",\"@graph\":[{\"@type\":\"WebSite\",\"@id\":\"https:\/\/lax.fm\/portal\/#website\",\"url\":\"https:\/\/lax.fm\/portal\/\",\"name\":\"La-X - Gente con la m\u00fasica por dentro\",\"description\":\"Radio Visual\",\"potentialAction\":[{\"@type\":\"SearchAction\",\"target\":{\"@type\":\"EntryPoint\",\"urlTemplate\":\"https:\/\/lax.fm\/portal\/?s={search_term_string}\"},\"query-input\":\"required name=search_term_string\"}],\"inLanguage\":\"en-US\"},{\"@type\":\"ImageObject\",\"@id\":\"https:\/\/lax.fm\/portal\/comunicados\/burlington-stores-celebra-mas-de-15-anos-en-puerto-rico-con-una-donacion-de-25000-a-la-fundacion-infantil-ronald-mcdonald-y-eventos-comunitarios-especiales\/#primaryimage\",\"inLanguage\":\"en-US\",\"url\":\"https:\/\/lax.fm\/portal\/wp-content\/uploads\/2024\/11\/Burligton-Casa-Ronald-McDonald.jpg\",\"contentUrl\":\"https:\/\/lax.fm\/portal\/wp-content\/uploads\/2024\/11\/Burligton-Casa-Ronald-McDonald.jpg\",\"width\":1000,\"height\":500,\"caption\":\"Burligton Casa Ronald McDonald\"},{\"@type\":\"WebPage\",\"@id\":\"https:\/\/lax.fm\/portal\/comunicados\/burlington-stores-celebra-mas-de-15-anos-en-puerto-rico-con-una-donacion-de-25000-a-la-fundacion-infantil-ronald-mcdonald-y-eventos-comunitarios-especiales\/#webpage\",\"url\":\"https:\/\/lax.fm\/portal\/comunicados\/burlington-stores-celebra-mas-de-15-anos-en-puerto-rico-con-una-donacion-de-25000-a-la-fundacion-infantil-ronald-mcdonald-y-eventos-comunitarios-especiales\/\",\"name\":\"Burlington Stores celebra m\u00e1s de 15 a\u00f1os en Puerto Rico con una donaci\u00f3n de $25,000 a la Fundaci\u00f3n Infantil Ronald McDonald y eventos comunitarios especiales - La-X - Gente con la m\u00fasica por dentro\",\"isPartOf\":{\"@id\":\"https:\/\/lax.fm\/portal\/#website\"},\"primaryImageOfPage\":{\"@id\":\"https:\/\/lax.fm\/portal\/comunicados\/burlington-stores-celebra-mas-de-15-anos-en-puerto-rico-con-una-donacion-de-25000-a-la-fundacion-infantil-ronald-mcdonald-y-eventos-comunitarios-especiales\/#primaryimage\"},\"datePublished\":\"2024-11-25T19:57:15+00:00\",\"dateModified\":\"2024-11-25T20:01:41+00:00\",\"author\":{\"@id\":\"https:\/\/lax.fm\/portal\/#\/schema\/person\/dffa89146b1fa98303668501e8ae48b8\"},\"breadcrumb\":{\"@id\":\"https:\/\/lax.fm\/portal\/comunicados\/burlington-stores-celebra-mas-de-15-anos-en-puerto-rico-con-una-donacion-de-25000-a-la-fundacion-infantil-ronald-mcdonald-y-eventos-comunitarios-especiales\/#breadcrumb\"},\"inLanguage\":\"en-US\",\"potentialAction\":[{\"@type\":\"ReadAction\",\"target\":[\"https:\/\/lax.fm\/portal\/comunicados\/burlington-stores-celebra-mas-de-15-anos-en-puerto-rico-con-una-donacion-de-25000-a-la-fundacion-infantil-ronald-mcdonald-y-eventos-comunitarios-especiales\/\"]}]},{\"@type\":\"BreadcrumbList\",\"@id\":\"https:\/\/lax.fm\/portal\/comunicados\/burlington-stores-celebra-mas-de-15-anos-en-puerto-rico-con-una-donacion-de-25000-a-la-fundacion-infantil-ronald-mcdonald-y-eventos-comunitarios-especiales\/#breadcrumb\",\"itemListElement\":[{\"@type\":\"ListItem\",\"position\":1,\"name\":\"Home\",\"item\":\"https:\/\/lax.fm\/portal\/\"},{\"@type\":\"ListItem\",\"position\":2,\"name\":\"Burlington Stores celebra m\u00e1s de 15 a\u00f1os en Puerto Rico con una donaci\u00f3n de $25,000 a la Fundaci\u00f3n Infantil Ronald McDonald y eventos comunitarios especiales\"}]},{\"@type\":\"Person\",\"@id\":\"https:\/\/lax.fm\/portal\/#\/schema\/person\/dffa89146b1fa98303668501e8ae48b8\",\"name\":\"La X\",\"image\":{\"@type\":\"ImageObject\",\"@id\":\"https:\/\/lax.fm\/portal\/#personlogo\",\"inLanguage\":\"en-US\",\"url\":\"https:\/\/secure.gravatar.com\/avatar\/bd4bc52f18ab67b6950c7667e82f4b83?s=96&d=mm&r=g\",\"contentUrl\":\"https:\/\/secure.gravatar.com\/avatar\/bd4bc52f18ab67b6950c7667e82f4b83?s=96&d=mm&r=g\",\"caption\":\"La X\"},\"sameAs\":[\"http:\/\/www.lax.fm\",\"http:\/\/www.facebook.com\/laxpr\",\"https:\/\/twitter.com\/http:\/\/www.twitter.com\/laxpr\"],\"url\":\"https:\/\/lax.fm\/portal\/author\/la-x\/\"}]}<\/script>\n<!-- \/ Yoast SEO plugin. -->","yoast_head_json":{"robots":{"index":"index","follow":"follow","max-snippet":"max-snippet:-1","max-image-preview":"max-image-preview:large","max-video-preview":"max-video-preview:-1"},"canonical":"https:\/\/lax.fm\/portal\/comunicados\/burlington-stores-celebra-mas-de-15-anos-en-puerto-rico-con-una-donacion-de-25000-a-la-fundacion-infantil-ronald-mcdonald-y-eventos-comunitarios-especiales\/","og_locale":"en_US","og_type":"article","og_title":"Burlington Stores celebra m\u00e1s de 15 a\u00f1os en Puerto Rico con una donaci\u00f3n de $25,000 a la Fundaci\u00f3n Infantil Ronald McDonald y eventos comunitarios especiales - La-X - Gente con la m\u00fasica por dentro","og_description":"Hoy, Burlington Stores, Inc., un minorista nacional de descuentos que ofrece precios bajos todos los d\u00edas en mercanc\u00eda de marca para toda la familia y el hogar, celebra m\u00e1s de 15 a\u00f1os de compras y ahorros en Puerto Rico. Con 22 ubicaciones en toda la isla y m\u00e1s aperturas planificadas para 2025, Burlington sigue dedicado [...]","og_url":"https:\/\/lax.fm\/portal\/comunicados\/burlington-stores-celebra-mas-de-15-anos-en-puerto-rico-con-una-donacion-de-25000-a-la-fundacion-infantil-ronald-mcdonald-y-eventos-comunitarios-especiales\/","og_site_name":"La-X - Gente con la m\u00fasica por dentro","article_publisher":"http:\/\/www.facebook.com\/laxpr","article_author":"http:\/\/www.facebook.com\/laxpr","article_published_time":"2024-11-25T19:57:15+00:00","article_modified_time":"2024-11-25T20:01:41+00:00","og_image":[{"width":1000,"height":500,"url":"http:\/\/lax.fm\/portal\/wp-content\/uploads\/2024\/11\/Burligton-Casa-Ronald-McDonald.jpg","type":"image\/jpeg"}],"twitter_card":"summary","twitter_creator":"@http:\/\/www.twitter.com\/laxpr","twitter_site":"@laxpr","twitter_misc":{"Written by":"La X","Est. reading time":"2 minutes"},"schema":{"@context":"https:\/\/schema.org","@graph":[{"@type":"WebSite","@id":"https:\/\/lax.fm\/portal\/#website","url":"https:\/\/lax.fm\/portal\/","name":"La-X - Gente con la m\u00fasica por dentro","description":"Radio Visual","potentialAction":[{"@type":"SearchAction","target":{"@type":"EntryPoint","urlTemplate":"https:\/\/lax.fm\/portal\/?s={search_term_string}"},"query-input":"required name=search_term_string"}],"inLanguage":"en-US"},{"@type":"ImageObject","@id":"https:\/\/lax.fm\/portal\/comunicados\/burlington-stores-celebra-mas-de-15-anos-en-puerto-rico-con-una-donacion-de-25000-a-la-fundacion-infantil-ronald-mcdonald-y-eventos-comunitarios-especiales\/#primaryimage","inLanguage":"en-US","url":"https:\/\/lax.fm\/portal\/wp-content\/uploads\/2024\/11\/Burligton-Casa-Ronald-McDonald.jpg","contentUrl":"https:\/\/lax.fm\/portal\/wp-content\/uploads\/2024\/11\/Burligton-Casa-Ronald-McDonald.jpg","width":1000,"height":500,"caption":"Burligton Casa Ronald McDonald"},{"@type":"WebPage","@id":"https:\/\/lax.fm\/portal\/comunicados\/burlington-stores-celebra-mas-de-15-anos-en-puerto-rico-con-una-donacion-de-25000-a-la-fundacion-infantil-ronald-mcdonald-y-eventos-comunitarios-especiales\/#webpage","url":"https:\/\/lax.fm\/portal\/comunicados\/burlington-stores-celebra-mas-de-15-anos-en-puerto-rico-con-una-donacion-de-25000-a-la-fundacion-infantil-ronald-mcdonald-y-eventos-comunitarios-especiales\/","name":"Burlington Stores celebra m\u00e1s de 15 a\u00f1os en Puerto Rico con una donaci\u00f3n de $25,000 a la Fundaci\u00f3n Infantil Ronald McDonald y eventos comunitarios especiales - La-X - Gente con la m\u00fasica por dentro","isPartOf":{"@id":"https:\/\/lax.fm\/portal\/#website"},"primaryImageOfPage":{"@id":"https:\/\/lax.fm\/portal\/comunicados\/burlington-stores-celebra-mas-de-15-anos-en-puerto-rico-con-una-donacion-de-25000-a-la-fundacion-infantil-ronald-mcdonald-y-eventos-comunitarios-especiales\/#primaryimage"},"datePublished":"2024-11-25T19:57:15+00:00","dateModified":"2024-11-25T20:01:41+00:00","author":{"@id":"https:\/\/lax.fm\/portal\/#\/schema\/person\/dffa89146b1fa98303668501e8ae48b8"},"breadcrumb":{"@id":"https:\/\/lax.fm\/portal\/comunicados\/burlington-stores-celebra-mas-de-15-anos-en-puerto-rico-con-una-donacion-de-25000-a-la-fundacion-infantil-ronald-mcdonald-y-eventos-comunitarios-especiales\/#breadcrumb"},"inLanguage":"en-US","potentialAction":[{"@type":"ReadAction","target":["https:\/\/lax.fm\/portal\/comunicados\/burlington-stores-celebra-mas-de-15-anos-en-puerto-rico-con-una-donacion-de-25000-a-la-fundacion-infantil-ronald-mcdonald-y-eventos-comunitarios-especiales\/"]}]},{"@type":"BreadcrumbList","@id":"https:\/\/lax.fm\/portal\/comunicados\/burlington-stores-celebra-mas-de-15-anos-en-puerto-rico-con-una-donacion-de-25000-a-la-fundacion-infantil-ronald-mcdonald-y-eventos-comunitarios-especiales\/#breadcrumb","itemListElement":[{"@type":"ListItem","position":1,"name":"Home","item":"https:\/\/lax.fm\/portal\/"},{"@type":"ListItem","position":2,"name":"Burlington Stores celebra m\u00e1s de 15 a\u00f1os en Puerto Rico con una donaci\u00f3n de $25,000 a la Fundaci\u00f3n Infantil Ronald McDonald y eventos comunitarios especiales"}]},{"@type":"Person","@id":"https:\/\/lax.fm\/portal\/#\/schema\/person\/dffa89146b1fa98303668501e8ae48b8","name":"La X","image":{"@type":"ImageObject","@id":"https:\/\/lax.fm\/portal\/#personlogo","inLanguage":"en-US","url":"https:\/\/secure.gravatar.com\/avatar\/bd4bc52f18ab67b6950c7667e82f4b83?s=96&d=mm&r=g","contentUrl":"https:\/\/secure.gravatar.com\/avatar\/bd4bc52f18ab67b6950c7667e82f4b83?s=96&d=mm&r=g","caption":"La X"},"sameAs":["http:\/\/www.lax.fm","http:\/\/www.facebook.com\/laxpr","https:\/\/twitter.com\/http:\/\/www.twitter.com\/laxpr"],"url":"https:\/\/lax.fm\/portal\/author\/la-x\/"}]}},"_links":{"self":[{"href":"https:\/\/lax.fm\/portal\/wp-json\/wp\/v2\/posts\/6430"}],"collection":[{"href":"https:\/\/lax.fm\/portal\/wp-json\/wp\/v2\/posts"}],"about":[{"href":"https:\/\/lax.fm\/portal\/wp-json\/wp\/v2\/types\/post"}],"author":[{"embeddable":true,"href":"https:\/\/lax.fm\/portal\/wp-json\/wp\/v2\/users\/56"}],"replies":[{"embeddable":true,"href":"https:\/\/lax.fm\/portal\/wp-json\/wp\/v2\/comments?post=6430"}],"version-history":[{"count":2,"href":"https:\/\/lax.fm\/portal\/wp-json\/wp\/v2\/posts\/6430\/revisions"}],"predecessor-version":[{"id":6433,"href":"https:\/\/lax.fm\/portal\/wp-json\/wp\/v2\/posts\/6430\/revisions\/6433"}],"wp:featuredmedia":[{"embeddable":true,"href":"https:\/\/lax.fm\/portal\/wp-json\/wp\/v2\/media\/6432"}],"wp:attachment":[{"href":"https:\/\/lax.fm\/portal\/wp-json\/wp\/v2\/media?parent=6430"}],"wp:term":[{"taxonomy":"category","embeddable":true,"href":"https:\/\/lax.fm\/portal\/wp-json\/wp\/v2\/categories?post=6430"},{"taxonomy":"post_tag","embeddable":true,"href":"https:\/\/lax.fm\/portal\/wp-json\/wp\/v2\/tags?post=6430"}],"curies":[{"name":"wp","href":"https:\/\/api.w.org\/{rel}","templated":true}]}}