{"id":6337,"date":"2024-09-18T19:58:27","date_gmt":"2024-09-18T23:58:27","guid":{"rendered":"https:\/\/lax.fm\/portal\/?p=6337"},"modified":"2024-09-18T20:21:45","modified_gmt":"2024-09-19T00:21:45","slug":"anuncian-la-11ma-edicion-del-culinary-u-weekend-experience","status":"publish","type":"post","link":"https:\/\/lax.fm\/portal\/comunicados\/anuncian-la-11ma-edicion-del-culinary-u-weekend-experience\/","title":{"rendered":"Anuncian la 11ma edici\u00f3n del Culinary U Weekend Experience"},"content":{"rendered":"\n<p>(San Juan, Puerto Rico)- Chefs, mix\u00f3logos y sommeliers se dieron cita ayer en <strong><a href=\"https:\/\/www.culinaryu.com\/\" target=\"_blank\" rel=\"noreferrer noopener\">Culinary U<\/a><\/strong> en Santurce para presentar la oferta educativa y gastron\u00f3mica que estar\u00e1n ofreciendo del 4 al 6 de octubre en la 11ma edici\u00f3n del Culinary U Weekend Experience. \u201cEn esta edici\u00f3n nos acompa\u00f1an m\u00e1s de 20 chefs locales e internacionales quienes compartir\u00e1n sus secretos para la confecci\u00f3n de una variedad de platos en el ambiente casual y de compa\u00f1erismo que nos caracteriza\u201d, explic\u00f3 Guillermo Abril, presidente de Culinary U.<\/p>\n\n\n\n<figure class=\"wp-block-embed is-type-video is-provider-youtube wp-block-embed-youtube wp-embed-aspect-16-9 wp-has-aspect-ratio\"><div class=\"wp-block-embed__wrapper\">\n<iframe loading=\"lazy\" title=\"Culinary U Weekend Experience 2024\" width=\"900\" height=\"506\" src=\"https:\/\/www.youtube.com\/embed\/CPZy0GmWkw8?feature=oembed\" frameborder=\"0\" allow=\"accelerometer; autoplay; clipboard-write; encrypted-media; gyroscope; picture-in-picture; web-share\" referrerpolicy=\"strict-origin-when-cross-origin\" allowfullscreen><\/iframe>\n<\/div><\/figure>\n\n\n\n<p>El evento de tres d\u00edas ofrecer\u00e1 a los asistentes distintas experiencias gastron\u00f3micas. Durante la noche del viernes se llevar\u00e1 a cabo \u201cDecant the World\u201d un recorrido por regiones de Espa\u00f1a, Italia, Francia, Argentina, Chile y California donde el visitante podr\u00e1 probar los vinos de cada regi\u00f3n acompa\u00f1ado de tapas confeccionadas por reconocidos chefs. Los asistentes a esta velada tendr\u00e1n la oportunidad de ganar un viaje para dos personas a Espa\u00f1a con recorrido por distintas bodegas.<\/p>\n\n\n\n<p>La universidad culinaria ser\u00e1 el s\u00e1bado con una oferta de m\u00e1s de 20 clases de cocina con diversos chefs que ense\u00f1ar\u00e1n la confecci\u00f3n de tapas puertorrique\u00f1as, cocina marroqu\u00ed, pizza, cortes de carnes, vegetales entre una gran variedad de platos.<\/p>\n\n\n\n<p>\u201cEl s\u00e1bado nos acompa\u00f1ar\u00e1n los chefs V\u00edctor Pardo, desde Barcelona, quien ofrecer\u00e1 una clase de arroz seco en paellera, Ryan O&#8217;Sullivan ganador de Hell&#8217;s Kitchen 2024 con pastas desde cero y Robbie Felice desde Nueva York con una experiencia de Omakase exclusiva para 14 personas. Estos chefs junto a la sepa de talentos puertorrique\u00f1os que nos acompa\u00f1an, garantiza una experiencia de primera para todos los aficionados de la cocina\u201d, resalt\u00f3 Abril.<strong><\/strong><\/p>\n\n\n\n<p>Mientras tanto, el domingo celebrar\u00e1n el BBQ CookOut, una mega barbacoa con m\u00e1s de 6 estaciones de BBQ representadas por los mejores <em>Pitmasters<\/em> de Puerto Rico, estaciones de mixolog\u00eda, cervezas, spritz y m\u00fasica en vivo.<\/p>\n\n\n\n<p>El&nbsp; Culinary U Weekend Experience se celebrar\u00e1 en Wyndham Grand R\u00edo Mar y se puede disfrutar del viernes 4 al domingo 6 de octubre, incluyendo estad\u00eda o participar de las experiencias de manera individual.<\/p>\n\n\n\n<p>Para conocer en detalle acerca del Culinary U puede visitar: <strong><a href=\"https:\/\/culinaryu.com\" target=\"_blank\" rel=\"noreferrer noopener\">culinaryu.com<\/a><\/strong><\/p>\n","protected":false},"excerpt":{"rendered":"<p>(San Juan, Puerto Rico)- Chefs, mix\u00f3logos y sommeliers se dieron cita ayer en Culinary U en Santurce para presentar la oferta educativa y gastron\u00f3mica que estar\u00e1n ofreciendo del 4 al 6 de octubre en la 11ma edici\u00f3n del Culinary U Weekend Experience. \u201cEn esta edici\u00f3n nos acompa\u00f1an m\u00e1s de 20 chefs locales e internacionales quienes [&#8230;]<\/p>\n","protected":false},"author":56,"featured_media":6339,"comment_status":"open","ping_status":"open","sticky":false,"template":"","format":"standard","meta":{"_monsterinsights_skip_tracking":false,"_monsterinsights_sitenote_active":false,"_monsterinsights_sitenote_note":"","_monsterinsights_sitenote_category":0},"categories":[481],"tags":[1219,1217,1214,1215,1216,1220],"yoast_head":"<!-- This site is optimized with the Yoast SEO plugin v18.2 - https:\/\/yoast.com\/wordpress\/plugins\/seo\/ -->\n<meta name=\"robots\" content=\"index, follow, max-snippet:-1, max-image-preview:large, max-video-preview:-1\" \/>\n<link rel=\"canonical\" href=\"https:\/\/lax.fm\/portal\/comunicados\/anuncian-la-11ma-edicion-del-culinary-u-weekend-experience\/\" \/>\n<meta property=\"og:locale\" content=\"en_US\" \/>\n<meta property=\"og:type\" content=\"article\" \/>\n<meta property=\"og:title\" content=\"Anuncian la 11ma edici\u00f3n del Culinary U Weekend Experience - La-X - Gente con la m\u00fasica por dentro\" \/>\n<meta property=\"og:description\" content=\"(San Juan, Puerto Rico)- Chefs, mix\u00f3logos y sommeliers se dieron cita ayer en Culinary U en Santurce para presentar la oferta educativa y gastron\u00f3mica que estar\u00e1n ofreciendo del 4 al 6 de octubre en la 11ma edici\u00f3n del Culinary U Weekend Experience. \u201cEn esta edici\u00f3n nos acompa\u00f1an m\u00e1s de 20 chefs locales e internacionales quienes [...]\" \/>\n<meta property=\"og:url\" content=\"https:\/\/lax.fm\/portal\/comunicados\/anuncian-la-11ma-edicion-del-culinary-u-weekend-experience\/\" \/>\n<meta property=\"og:site_name\" content=\"La-X - Gente con la m\u00fasica por dentro\" \/>\n<meta property=\"article:publisher\" content=\"http:\/\/www.facebook.com\/laxpr\" \/>\n<meta property=\"article:author\" content=\"http:\/\/www.facebook.com\/laxpr\" \/>\n<meta property=\"article:published_time\" content=\"2024-09-18T23:58:27+00:00\" \/>\n<meta property=\"article:modified_time\" content=\"2024-09-19T00:21:45+00:00\" \/>\n<meta property=\"og:image\" content=\"http:\/\/lax.fm\/portal\/wp-content\/uploads\/2024\/09\/Culinary-U-Weekend-Experience-2024.jpg\" \/>\n\t<meta property=\"og:image:width\" content=\"1000\" \/>\n\t<meta property=\"og:image:height\" content=\"500\" \/>\n\t<meta property=\"og:image:type\" content=\"image\/jpeg\" \/>\n<meta name=\"twitter:card\" content=\"summary\" \/>\n<meta name=\"twitter:creator\" content=\"@http:\/\/www.twitter.com\/laxpr\" \/>\n<meta name=\"twitter:site\" content=\"@laxpr\" \/>\n<meta name=\"twitter:label1\" content=\"Written by\" \/>\n\t<meta name=\"twitter:data1\" content=\"La X\" \/>\n\t<meta name=\"twitter:label2\" content=\"Est. reading time\" \/>\n\t<meta name=\"twitter:data2\" content=\"2 minutes\" \/>\n<script type=\"application\/ld+json\" class=\"yoast-schema-graph\">{\"@context\":\"https:\/\/schema.org\",\"@graph\":[{\"@type\":\"WebSite\",\"@id\":\"https:\/\/lax.fm\/portal\/#website\",\"url\":\"https:\/\/lax.fm\/portal\/\",\"name\":\"La-X - Gente con la m\u00fasica por dentro\",\"description\":\"Radio Visual\",\"potentialAction\":[{\"@type\":\"SearchAction\",\"target\":{\"@type\":\"EntryPoint\",\"urlTemplate\":\"https:\/\/lax.fm\/portal\/?s={search_term_string}\"},\"query-input\":\"required name=search_term_string\"}],\"inLanguage\":\"en-US\"},{\"@type\":\"ImageObject\",\"@id\":\"https:\/\/lax.fm\/portal\/comunicados\/anuncian-la-11ma-edicion-del-culinary-u-weekend-experience\/#primaryimage\",\"inLanguage\":\"en-US\",\"url\":\"https:\/\/lax.fm\/portal\/wp-content\/uploads\/2024\/09\/Culinary-U-Weekend-Experience-2024.jpg\",\"contentUrl\":\"https:\/\/lax.fm\/portal\/wp-content\/uploads\/2024\/09\/Culinary-U-Weekend-Experience-2024.jpg\",\"width\":1000,\"height\":500,\"caption\":\"Culinary U Weekend Experience\"},{\"@type\":\"WebPage\",\"@id\":\"https:\/\/lax.fm\/portal\/comunicados\/anuncian-la-11ma-edicion-del-culinary-u-weekend-experience\/#webpage\",\"url\":\"https:\/\/lax.fm\/portal\/comunicados\/anuncian-la-11ma-edicion-del-culinary-u-weekend-experience\/\",\"name\":\"Anuncian la 11ma edici\u00f3n del Culinary U Weekend Experience - La-X - Gente con la m\u00fasica por dentro\",\"isPartOf\":{\"@id\":\"https:\/\/lax.fm\/portal\/#website\"},\"primaryImageOfPage\":{\"@id\":\"https:\/\/lax.fm\/portal\/comunicados\/anuncian-la-11ma-edicion-del-culinary-u-weekend-experience\/#primaryimage\"},\"datePublished\":\"2024-09-18T23:58:27+00:00\",\"dateModified\":\"2024-09-19T00:21:45+00:00\",\"author\":{\"@id\":\"https:\/\/lax.fm\/portal\/#\/schema\/person\/dffa89146b1fa98303668501e8ae48b8\"},\"breadcrumb\":{\"@id\":\"https:\/\/lax.fm\/portal\/comunicados\/anuncian-la-11ma-edicion-del-culinary-u-weekend-experience\/#breadcrumb\"},\"inLanguage\":\"en-US\",\"potentialAction\":[{\"@type\":\"ReadAction\",\"target\":[\"https:\/\/lax.fm\/portal\/comunicados\/anuncian-la-11ma-edicion-del-culinary-u-weekend-experience\/\"]}]},{\"@type\":\"BreadcrumbList\",\"@id\":\"https:\/\/lax.fm\/portal\/comunicados\/anuncian-la-11ma-edicion-del-culinary-u-weekend-experience\/#breadcrumb\",\"itemListElement\":[{\"@type\":\"ListItem\",\"position\":1,\"name\":\"Home\",\"item\":\"https:\/\/lax.fm\/portal\/\"},{\"@type\":\"ListItem\",\"position\":2,\"name\":\"Anuncian la 11ma edici\u00f3n del Culinary U Weekend Experience\"}]},{\"@type\":\"Person\",\"@id\":\"https:\/\/lax.fm\/portal\/#\/schema\/person\/dffa89146b1fa98303668501e8ae48b8\",\"name\":\"La X\",\"image\":{\"@type\":\"ImageObject\",\"@id\":\"https:\/\/lax.fm\/portal\/#personlogo\",\"inLanguage\":\"en-US\",\"url\":\"https:\/\/secure.gravatar.com\/avatar\/bd4bc52f18ab67b6950c7667e82f4b83?s=96&d=mm&r=g\",\"contentUrl\":\"https:\/\/secure.gravatar.com\/avatar\/bd4bc52f18ab67b6950c7667e82f4b83?s=96&d=mm&r=g\",\"caption\":\"La X\"},\"sameAs\":[\"http:\/\/www.lax.fm\",\"http:\/\/www.facebook.com\/laxpr\",\"https:\/\/twitter.com\/http:\/\/www.twitter.com\/laxpr\"],\"url\":\"https:\/\/lax.fm\/portal\/author\/la-x\/\"}]}<\/script>\n<!-- \/ Yoast SEO plugin. -->","yoast_head_json":{"robots":{"index":"index","follow":"follow","max-snippet":"max-snippet:-1","max-image-preview":"max-image-preview:large","max-video-preview":"max-video-preview:-1"},"canonical":"https:\/\/lax.fm\/portal\/comunicados\/anuncian-la-11ma-edicion-del-culinary-u-weekend-experience\/","og_locale":"en_US","og_type":"article","og_title":"Anuncian la 11ma edici\u00f3n del Culinary U Weekend Experience - La-X - Gente con la m\u00fasica por dentro","og_description":"(San Juan, Puerto Rico)- Chefs, mix\u00f3logos y sommeliers se dieron cita ayer en Culinary U en Santurce para presentar la oferta educativa y gastron\u00f3mica que estar\u00e1n ofreciendo del 4 al 6 de octubre en la 11ma edici\u00f3n del Culinary U Weekend Experience. \u201cEn esta edici\u00f3n nos acompa\u00f1an m\u00e1s de 20 chefs locales e internacionales quienes [...]","og_url":"https:\/\/lax.fm\/portal\/comunicados\/anuncian-la-11ma-edicion-del-culinary-u-weekend-experience\/","og_site_name":"La-X - Gente con la m\u00fasica por dentro","article_publisher":"http:\/\/www.facebook.com\/laxpr","article_author":"http:\/\/www.facebook.com\/laxpr","article_published_time":"2024-09-18T23:58:27+00:00","article_modified_time":"2024-09-19T00:21:45+00:00","og_image":[{"width":1000,"height":500,"url":"http:\/\/lax.fm\/portal\/wp-content\/uploads\/2024\/09\/Culinary-U-Weekend-Experience-2024.jpg","type":"image\/jpeg"}],"twitter_card":"summary","twitter_creator":"@http:\/\/www.twitter.com\/laxpr","twitter_site":"@laxpr","twitter_misc":{"Written by":"La X","Est. reading time":"2 minutes"},"schema":{"@context":"https:\/\/schema.org","@graph":[{"@type":"WebSite","@id":"https:\/\/lax.fm\/portal\/#website","url":"https:\/\/lax.fm\/portal\/","name":"La-X - Gente con la m\u00fasica por dentro","description":"Radio Visual","potentialAction":[{"@type":"SearchAction","target":{"@type":"EntryPoint","urlTemplate":"https:\/\/lax.fm\/portal\/?s={search_term_string}"},"query-input":"required name=search_term_string"}],"inLanguage":"en-US"},{"@type":"ImageObject","@id":"https:\/\/lax.fm\/portal\/comunicados\/anuncian-la-11ma-edicion-del-culinary-u-weekend-experience\/#primaryimage","inLanguage":"en-US","url":"https:\/\/lax.fm\/portal\/wp-content\/uploads\/2024\/09\/Culinary-U-Weekend-Experience-2024.jpg","contentUrl":"https:\/\/lax.fm\/portal\/wp-content\/uploads\/2024\/09\/Culinary-U-Weekend-Experience-2024.jpg","width":1000,"height":500,"caption":"Culinary U Weekend Experience"},{"@type":"WebPage","@id":"https:\/\/lax.fm\/portal\/comunicados\/anuncian-la-11ma-edicion-del-culinary-u-weekend-experience\/#webpage","url":"https:\/\/lax.fm\/portal\/comunicados\/anuncian-la-11ma-edicion-del-culinary-u-weekend-experience\/","name":"Anuncian la 11ma edici\u00f3n del Culinary U Weekend Experience - La-X - Gente con la m\u00fasica por dentro","isPartOf":{"@id":"https:\/\/lax.fm\/portal\/#website"},"primaryImageOfPage":{"@id":"https:\/\/lax.fm\/portal\/comunicados\/anuncian-la-11ma-edicion-del-culinary-u-weekend-experience\/#primaryimage"},"datePublished":"2024-09-18T23:58:27+00:00","dateModified":"2024-09-19T00:21:45+00:00","author":{"@id":"https:\/\/lax.fm\/portal\/#\/schema\/person\/dffa89146b1fa98303668501e8ae48b8"},"breadcrumb":{"@id":"https:\/\/lax.fm\/portal\/comunicados\/anuncian-la-11ma-edicion-del-culinary-u-weekend-experience\/#breadcrumb"},"inLanguage":"en-US","potentialAction":[{"@type":"ReadAction","target":["https:\/\/lax.fm\/portal\/comunicados\/anuncian-la-11ma-edicion-del-culinary-u-weekend-experience\/"]}]},{"@type":"BreadcrumbList","@id":"https:\/\/lax.fm\/portal\/comunicados\/anuncian-la-11ma-edicion-del-culinary-u-weekend-experience\/#breadcrumb","itemListElement":[{"@type":"ListItem","position":1,"name":"Home","item":"https:\/\/lax.fm\/portal\/"},{"@type":"ListItem","position":2,"name":"Anuncian la 11ma edici\u00f3n del Culinary U Weekend Experience"}]},{"@type":"Person","@id":"https:\/\/lax.fm\/portal\/#\/schema\/person\/dffa89146b1fa98303668501e8ae48b8","name":"La X","image":{"@type":"ImageObject","@id":"https:\/\/lax.fm\/portal\/#personlogo","inLanguage":"en-US","url":"https:\/\/secure.gravatar.com\/avatar\/bd4bc52f18ab67b6950c7667e82f4b83?s=96&d=mm&r=g","contentUrl":"https:\/\/secure.gravatar.com\/avatar\/bd4bc52f18ab67b6950c7667e82f4b83?s=96&d=mm&r=g","caption":"La X"},"sameAs":["http:\/\/www.lax.fm","http:\/\/www.facebook.com\/laxpr","https:\/\/twitter.com\/http:\/\/www.twitter.com\/laxpr"],"url":"https:\/\/lax.fm\/portal\/author\/la-x\/"}]}},"_links":{"self":[{"href":"https:\/\/lax.fm\/portal\/wp-json\/wp\/v2\/posts\/6337"}],"collection":[{"href":"https:\/\/lax.fm\/portal\/wp-json\/wp\/v2\/posts"}],"about":[{"href":"https:\/\/lax.fm\/portal\/wp-json\/wp\/v2\/types\/post"}],"author":[{"embeddable":true,"href":"https:\/\/lax.fm\/portal\/wp-json\/wp\/v2\/users\/56"}],"replies":[{"embeddable":true,"href":"https:\/\/lax.fm\/portal\/wp-json\/wp\/v2\/comments?post=6337"}],"version-history":[{"count":2,"href":"https:\/\/lax.fm\/portal\/wp-json\/wp\/v2\/posts\/6337\/revisions"}],"predecessor-version":[{"id":6340,"href":"https:\/\/lax.fm\/portal\/wp-json\/wp\/v2\/posts\/6337\/revisions\/6340"}],"wp:featuredmedia":[{"embeddable":true,"href":"https:\/\/lax.fm\/portal\/wp-json\/wp\/v2\/media\/6339"}],"wp:attachment":[{"href":"https:\/\/lax.fm\/portal\/wp-json\/wp\/v2\/media?parent=6337"}],"wp:term":[{"taxonomy":"category","embeddable":true,"href":"https:\/\/lax.fm\/portal\/wp-json\/wp\/v2\/categories?post=6337"},{"taxonomy":"post_tag","embeddable":true,"href":"https:\/\/lax.fm\/portal\/wp-json\/wp\/v2\/tags?post=6337"}],"curies":[{"name":"wp","href":"https:\/\/api.w.org\/{rel}","templated":true}]}}