{"id":5946,"date":"2023-11-15T21:23:17","date_gmt":"2023-11-16T01:23:17","guid":{"rendered":"https:\/\/lax.fm\/portal\/?p=5946"},"modified":"2023-11-15T21:23:31","modified_gmt":"2023-11-16T01:23:31","slug":"regala-alimento-para-la-piel-en-esta-navidad-con-la-nueva-coleccion-de-la-chef-del-jabon","status":"publish","type":"post","link":"https:\/\/lax.fm\/portal\/comunicados\/regala-alimento-para-la-piel-en-esta-navidad-con-la-nueva-coleccion-de-la-chef-del-jabon\/","title":{"rendered":"Regala alimento para la piel en esta Navidad con la nueva colecci\u00f3n de la Chef del Jab\u00f3n"},"content":{"rendered":"\n<p><strong>Bayam\u00f3n, Puerto Rico<\/strong> \u2013 La temporada navide\u00f1a est\u00e1 a punto de comenzar, y la \u2018Chef del Jab\u00f3n\u2019 de Madre Tierra Jabones by Isabel\u2019 est\u00e1 emocionada de presentar su \u00faltima creaci\u00f3n: una l\u00ednea exquisita de productos para alimentar y nutrir la piel, como un regalo perfecto para esta Navidad. Los&nbsp; clientes pueden apreciar y conseguir estas creaciones en la tienda f\u00edsica en Bayam\u00f3n y a trav\u00e9s de la plataforma <a href=\"https:\/\/madretierrabyisabel.com\/\">madretierrabyisabel.com<\/a>.<\/p>\n\n\n\n<p>Este a\u00f1o, la \u2018Chef del Jab\u00f3n\u2019 prepar\u00f3 una l\u00ednea de seis aromas navide\u00f1os irresistibles, que incluyen las encantadoras creaciones de barras de jab\u00f3n \u2018Huele a Navidad\u2019, \u2018Berry Xmas\u2019,\u00a0 \u2018Tembleque\u2019 y \u2018Grinch\u2019, junto con las dos nuevas incorporaciones: \u2018Harry Christmas\u2019 y \u2018Celebrate\u2019. Cada uno de estos productos est\u00e1 meticulosamente elaborado y empacado a mano, con ingredientes org\u00e1nicos y locales, para ofrecer un aut\u00e9ntico alimento para el cuidado de la piel.<\/p>\n\n\n\n<figure class=\"wp-block-gallery columns-3 is-cropped\"><ul class=\"blocks-gallery-grid\"><li class=\"blocks-gallery-item\"><figure><img loading=\"lazy\" width=\"590\" height=\"787\" src=\"https:\/\/lax.fm\/portal\/wp-content\/uploads\/2023\/11\/Barra-de-jabon-en-forma-de-arbol-de-Navidad-2-590x787.jpg\" alt=\"\" data-id=\"5950\" data-full-url=\"https:\/\/lax.fm\/portal\/wp-content\/uploads\/2023\/11\/Barra-de-jabon-en-forma-de-arbol-de-Navidad-2.jpg\" data-link=\"https:\/\/lax.fm\/portal\/?attachment_id=5950\" class=\"wp-image-5950\" srcset=\"https:\/\/lax.fm\/portal\/wp-content\/uploads\/2023\/11\/Barra-de-jabon-en-forma-de-arbol-de-Navidad-2-590x787.jpg 590w, https:\/\/lax.fm\/portal\/wp-content\/uploads\/2023\/11\/Barra-de-jabon-en-forma-de-arbol-de-Navidad-2-225x300.jpg 225w, https:\/\/lax.fm\/portal\/wp-content\/uploads\/2023\/11\/Barra-de-jabon-en-forma-de-arbol-de-Navidad-2-768x1024.jpg 768w, https:\/\/lax.fm\/portal\/wp-content\/uploads\/2023\/11\/Barra-de-jabon-en-forma-de-arbol-de-Navidad-2-1152x1536.jpg 1152w, https:\/\/lax.fm\/portal\/wp-content\/uploads\/2023\/11\/Barra-de-jabon-en-forma-de-arbol-de-Navidad-2-263x350.jpg 263w, https:\/\/lax.fm\/portal\/wp-content\/uploads\/2023\/11\/Barra-de-jabon-en-forma-de-arbol-de-Navidad-2-600x800.jpg 600w, https:\/\/lax.fm\/portal\/wp-content\/uploads\/2023\/11\/Barra-de-jabon-en-forma-de-arbol-de-Navidad-2.jpg 1200w\" sizes=\"(max-width: 590px) 100vw, 590px\" \/><\/figure><\/li><li class=\"blocks-gallery-item\"><figure><img loading=\"lazy\" width=\"590\" height=\"787\" src=\"https:\/\/lax.fm\/portal\/wp-content\/uploads\/2023\/11\/Barra-de-jabon-en-forma-de-arbol-de-Navidad-590x787.jpg\" alt=\"\" data-id=\"5951\" data-full-url=\"https:\/\/lax.fm\/portal\/wp-content\/uploads\/2023\/11\/Barra-de-jabon-en-forma-de-arbol-de-Navidad.jpg\" data-link=\"https:\/\/lax.fm\/portal\/?attachment_id=5951\" class=\"wp-image-5951\" srcset=\"https:\/\/lax.fm\/portal\/wp-content\/uploads\/2023\/11\/Barra-de-jabon-en-forma-de-arbol-de-Navidad-590x787.jpg 590w, https:\/\/lax.fm\/portal\/wp-content\/uploads\/2023\/11\/Barra-de-jabon-en-forma-de-arbol-de-Navidad-225x300.jpg 225w, https:\/\/lax.fm\/portal\/wp-content\/uploads\/2023\/11\/Barra-de-jabon-en-forma-de-arbol-de-Navidad-768x1024.jpg 768w, https:\/\/lax.fm\/portal\/wp-content\/uploads\/2023\/11\/Barra-de-jabon-en-forma-de-arbol-de-Navidad-1152x1536.jpg 1152w, https:\/\/lax.fm\/portal\/wp-content\/uploads\/2023\/11\/Barra-de-jabon-en-forma-de-arbol-de-Navidad-263x350.jpg 263w, https:\/\/lax.fm\/portal\/wp-content\/uploads\/2023\/11\/Barra-de-jabon-en-forma-de-arbol-de-Navidad-600x800.jpg 600w, https:\/\/lax.fm\/portal\/wp-content\/uploads\/2023\/11\/Barra-de-jabon-en-forma-de-arbol-de-Navidad.jpg 1200w\" sizes=\"(max-width: 590px) 100vw, 590px\" \/><\/figure><\/li><li class=\"blocks-gallery-item\"><figure><img loading=\"lazy\" width=\"590\" height=\"787\" src=\"https:\/\/lax.fm\/portal\/wp-content\/uploads\/2023\/11\/Barra-de-jabon-Grinch-590x787.jpg\" alt=\"\" data-id=\"5952\" data-full-url=\"https:\/\/lax.fm\/portal\/wp-content\/uploads\/2023\/11\/Barra-de-jabon-Grinch.jpg\" data-link=\"https:\/\/lax.fm\/portal\/?attachment_id=5952\" class=\"wp-image-5952\" srcset=\"https:\/\/lax.fm\/portal\/wp-content\/uploads\/2023\/11\/Barra-de-jabon-Grinch-590x787.jpg 590w, https:\/\/lax.fm\/portal\/wp-content\/uploads\/2023\/11\/Barra-de-jabon-Grinch-225x300.jpg 225w, https:\/\/lax.fm\/portal\/wp-content\/uploads\/2023\/11\/Barra-de-jabon-Grinch-768x1024.jpg 768w, https:\/\/lax.fm\/portal\/wp-content\/uploads\/2023\/11\/Barra-de-jabon-Grinch-1152x1536.jpg 1152w, https:\/\/lax.fm\/portal\/wp-content\/uploads\/2023\/11\/Barra-de-jabon-Grinch-263x350.jpg 263w, https:\/\/lax.fm\/portal\/wp-content\/uploads\/2023\/11\/Barra-de-jabon-Grinch-600x800.jpg 600w, https:\/\/lax.fm\/portal\/wp-content\/uploads\/2023\/11\/Barra-de-jabon-Grinch.jpg 1200w\" sizes=\"(max-width: 590px) 100vw, 590px\" \/><\/figure><\/li><li class=\"blocks-gallery-item\"><figure><img loading=\"lazy\" width=\"590\" height=\"787\" src=\"https:\/\/lax.fm\/portal\/wp-content\/uploads\/2023\/11\/Barra-de-jabon-Gingerbread-590x787.jpg\" alt=\"\" data-id=\"5953\" data-full-url=\"https:\/\/lax.fm\/portal\/wp-content\/uploads\/2023\/11\/Barra-de-jabon-Gingerbread.jpg\" data-link=\"https:\/\/lax.fm\/portal\/?attachment_id=5953\" class=\"wp-image-5953\" srcset=\"https:\/\/lax.fm\/portal\/wp-content\/uploads\/2023\/11\/Barra-de-jabon-Gingerbread-590x787.jpg 590w, https:\/\/lax.fm\/portal\/wp-content\/uploads\/2023\/11\/Barra-de-jabon-Gingerbread-225x300.jpg 225w, https:\/\/lax.fm\/portal\/wp-content\/uploads\/2023\/11\/Barra-de-jabon-Gingerbread-768x1024.jpg 768w, https:\/\/lax.fm\/portal\/wp-content\/uploads\/2023\/11\/Barra-de-jabon-Gingerbread-1152x1536.jpg 1152w, https:\/\/lax.fm\/portal\/wp-content\/uploads\/2023\/11\/Barra-de-jabon-Gingerbread-263x350.jpg 263w, https:\/\/lax.fm\/portal\/wp-content\/uploads\/2023\/11\/Barra-de-jabon-Gingerbread-600x800.jpg 600w, https:\/\/lax.fm\/portal\/wp-content\/uploads\/2023\/11\/Barra-de-jabon-Gingerbread.jpg 1200w\" sizes=\"(max-width: 590px) 100vw, 590px\" \/><\/figure><\/li><li class=\"blocks-gallery-item\"><figure><img loading=\"lazy\" width=\"590\" height=\"787\" src=\"https:\/\/lax.fm\/portal\/wp-content\/uploads\/2023\/11\/Barras-de-jabon-de-la-coleccion-de-Navidad-Huele-a-Navidad-590x787.jpg\" alt=\"\" data-id=\"5954\" data-full-url=\"https:\/\/lax.fm\/portal\/wp-content\/uploads\/2023\/11\/Barras-de-jabon-de-la-coleccion-de-Navidad-Huele-a-Navidad.jpg\" data-link=\"https:\/\/lax.fm\/portal\/?attachment_id=5954\" class=\"wp-image-5954\" srcset=\"https:\/\/lax.fm\/portal\/wp-content\/uploads\/2023\/11\/Barras-de-jabon-de-la-coleccion-de-Navidad-Huele-a-Navidad-590x787.jpg 590w, https:\/\/lax.fm\/portal\/wp-content\/uploads\/2023\/11\/Barras-de-jabon-de-la-coleccion-de-Navidad-Huele-a-Navidad-225x300.jpg 225w, https:\/\/lax.fm\/portal\/wp-content\/uploads\/2023\/11\/Barras-de-jabon-de-la-coleccion-de-Navidad-Huele-a-Navidad-768x1024.jpg 768w, https:\/\/lax.fm\/portal\/wp-content\/uploads\/2023\/11\/Barras-de-jabon-de-la-coleccion-de-Navidad-Huele-a-Navidad-1152x1536.jpg 1152w, https:\/\/lax.fm\/portal\/wp-content\/uploads\/2023\/11\/Barras-de-jabon-de-la-coleccion-de-Navidad-Huele-a-Navidad-263x350.jpg 263w, https:\/\/lax.fm\/portal\/wp-content\/uploads\/2023\/11\/Barras-de-jabon-de-la-coleccion-de-Navidad-Huele-a-Navidad-600x800.jpg 600w, https:\/\/lax.fm\/portal\/wp-content\/uploads\/2023\/11\/Barras-de-jabon-de-la-coleccion-de-Navidad-Huele-a-Navidad.jpg 1200w\" sizes=\"(max-width: 590px) 100vw, 590px\" \/><\/figure><\/li><li class=\"blocks-gallery-item\"><figure><img loading=\"lazy\" width=\"590\" height=\"666\" src=\"https:\/\/lax.fm\/portal\/wp-content\/uploads\/2023\/11\/Barras-de-jabon-de-la-coleccion-de-Navidad-Tembleque-590x666.jpg\" alt=\"\" data-id=\"5955\" data-full-url=\"https:\/\/lax.fm\/portal\/wp-content\/uploads\/2023\/11\/Barras-de-jabon-de-la-coleccion-de-Navidad-Tembleque.jpg\" data-link=\"https:\/\/lax.fm\/portal\/?attachment_id=5955\" class=\"wp-image-5955\" srcset=\"https:\/\/lax.fm\/portal\/wp-content\/uploads\/2023\/11\/Barras-de-jabon-de-la-coleccion-de-Navidad-Tembleque-590x666.jpg 590w, https:\/\/lax.fm\/portal\/wp-content\/uploads\/2023\/11\/Barras-de-jabon-de-la-coleccion-de-Navidad-Tembleque-266x300.jpg 266w, https:\/\/lax.fm\/portal\/wp-content\/uploads\/2023\/11\/Barras-de-jabon-de-la-coleccion-de-Navidad-Tembleque-768x867.jpg 768w, https:\/\/lax.fm\/portal\/wp-content\/uploads\/2023\/11\/Barras-de-jabon-de-la-coleccion-de-Navidad-Tembleque-1361x1536.jpg 1361w, https:\/\/lax.fm\/portal\/wp-content\/uploads\/2023\/11\/Barras-de-jabon-de-la-coleccion-de-Navidad-Tembleque-310x350.jpg 310w, https:\/\/lax.fm\/portal\/wp-content\/uploads\/2023\/11\/Barras-de-jabon-de-la-coleccion-de-Navidad-Tembleque-709x800.jpg 709w, https:\/\/lax.fm\/portal\/wp-content\/uploads\/2023\/11\/Barras-de-jabon-de-la-coleccion-de-Navidad-Tembleque.jpg 1418w\" sizes=\"(max-width: 590px) 100vw, 590px\" \/><\/figure><\/li><li class=\"blocks-gallery-item\"><figure><img loading=\"lazy\" width=\"590\" height=\"734\" src=\"https:\/\/lax.fm\/portal\/wp-content\/uploads\/2023\/11\/Cajas-de-regalo-coleccion-de-Navidad-Berry-Xmas-590x734.jpg\" alt=\"\" data-id=\"5956\" data-full-url=\"https:\/\/lax.fm\/portal\/wp-content\/uploads\/2023\/11\/Cajas-de-regalo-coleccion-de-Navidad-Berry-Xmas.jpg\" data-link=\"https:\/\/lax.fm\/portal\/?attachment_id=5956\" class=\"wp-image-5956\" srcset=\"https:\/\/lax.fm\/portal\/wp-content\/uploads\/2023\/11\/Cajas-de-regalo-coleccion-de-Navidad-Berry-Xmas-590x734.jpg 590w, https:\/\/lax.fm\/portal\/wp-content\/uploads\/2023\/11\/Cajas-de-regalo-coleccion-de-Navidad-Berry-Xmas-241x300.jpg 241w, https:\/\/lax.fm\/portal\/wp-content\/uploads\/2023\/11\/Cajas-de-regalo-coleccion-de-Navidad-Berry-Xmas-768x956.jpg 768w, https:\/\/lax.fm\/portal\/wp-content\/uploads\/2023\/11\/Cajas-de-regalo-coleccion-de-Navidad-Berry-Xmas-1235x1536.jpg 1235w, https:\/\/lax.fm\/portal\/wp-content\/uploads\/2023\/11\/Cajas-de-regalo-coleccion-de-Navidad-Berry-Xmas-281x350.jpg 281w, https:\/\/lax.fm\/portal\/wp-content\/uploads\/2023\/11\/Cajas-de-regalo-coleccion-de-Navidad-Berry-Xmas-643x800.jpg 643w, https:\/\/lax.fm\/portal\/wp-content\/uploads\/2023\/11\/Cajas-de-regalo-coleccion-de-Navidad-Berry-Xmas.jpg 1286w\" sizes=\"(max-width: 590px) 100vw, 590px\" \/><\/figure><\/li><li class=\"blocks-gallery-item\"><figure><img loading=\"lazy\" width=\"590\" height=\"787\" src=\"https:\/\/lax.fm\/portal\/wp-content\/uploads\/2023\/11\/Cajas-de-regalo-coleccion-de-Navidad-Tembleque-590x787.jpg\" alt=\"\" data-id=\"5957\" data-full-url=\"https:\/\/lax.fm\/portal\/wp-content\/uploads\/2023\/11\/Cajas-de-regalo-coleccion-de-Navidad-Tembleque.jpg\" data-link=\"https:\/\/lax.fm\/portal\/?attachment_id=5957\" class=\"wp-image-5957\" srcset=\"https:\/\/lax.fm\/portal\/wp-content\/uploads\/2023\/11\/Cajas-de-regalo-coleccion-de-Navidad-Tembleque-590x787.jpg 590w, https:\/\/lax.fm\/portal\/wp-content\/uploads\/2023\/11\/Cajas-de-regalo-coleccion-de-Navidad-Tembleque-225x300.jpg 225w, https:\/\/lax.fm\/portal\/wp-content\/uploads\/2023\/11\/Cajas-de-regalo-coleccion-de-Navidad-Tembleque-768x1024.jpg 768w, https:\/\/lax.fm\/portal\/wp-content\/uploads\/2023\/11\/Cajas-de-regalo-coleccion-de-Navidad-Tembleque-1152x1536.jpg 1152w, https:\/\/lax.fm\/portal\/wp-content\/uploads\/2023\/11\/Cajas-de-regalo-coleccion-de-Navidad-Tembleque-263x350.jpg 263w, https:\/\/lax.fm\/portal\/wp-content\/uploads\/2023\/11\/Cajas-de-regalo-coleccion-de-Navidad-Tembleque-600x800.jpg 600w, https:\/\/lax.fm\/portal\/wp-content\/uploads\/2023\/11\/Cajas-de-regalo-coleccion-de-Navidad-Tembleque.jpg 1200w\" sizes=\"(max-width: 590px) 100vw, 590px\" \/><\/figure><\/li><li class=\"blocks-gallery-item\"><figure><img loading=\"lazy\" width=\"590\" height=\"787\" src=\"https:\/\/lax.fm\/portal\/wp-content\/uploads\/2023\/11\/Linea-Max-para-mascotas-2-590x787.jpg\" alt=\"\" data-id=\"5958\" data-full-url=\"https:\/\/lax.fm\/portal\/wp-content\/uploads\/2023\/11\/Linea-Max-para-mascotas-2.jpg\" data-link=\"https:\/\/lax.fm\/portal\/?attachment_id=5958\" class=\"wp-image-5958\" srcset=\"https:\/\/lax.fm\/portal\/wp-content\/uploads\/2023\/11\/Linea-Max-para-mascotas-2-590x787.jpg 590w, https:\/\/lax.fm\/portal\/wp-content\/uploads\/2023\/11\/Linea-Max-para-mascotas-2-225x300.jpg 225w, https:\/\/lax.fm\/portal\/wp-content\/uploads\/2023\/11\/Linea-Max-para-mascotas-2-768x1024.jpg 768w, https:\/\/lax.fm\/portal\/wp-content\/uploads\/2023\/11\/Linea-Max-para-mascotas-2-1152x1536.jpg 1152w, https:\/\/lax.fm\/portal\/wp-content\/uploads\/2023\/11\/Linea-Max-para-mascotas-2-263x350.jpg 263w, https:\/\/lax.fm\/portal\/wp-content\/uploads\/2023\/11\/Linea-Max-para-mascotas-2-600x800.jpg 600w, https:\/\/lax.fm\/portal\/wp-content\/uploads\/2023\/11\/Linea-Max-para-mascotas-2.jpg 1200w\" sizes=\"(max-width: 590px) 100vw, 590px\" \/><\/figure><\/li><li class=\"blocks-gallery-item\"><figure><img loading=\"lazy\" width=\"590\" height=\"787\" src=\"https:\/\/lax.fm\/portal\/wp-content\/uploads\/2023\/11\/Linea-Max-para-las-mascotas-590x787.jpg\" alt=\"\" data-id=\"5959\" data-full-url=\"https:\/\/lax.fm\/portal\/wp-content\/uploads\/2023\/11\/Linea-Max-para-las-mascotas.jpg\" data-link=\"https:\/\/lax.fm\/portal\/?attachment_id=5959\" class=\"wp-image-5959\" srcset=\"https:\/\/lax.fm\/portal\/wp-content\/uploads\/2023\/11\/Linea-Max-para-las-mascotas-590x787.jpg 590w, https:\/\/lax.fm\/portal\/wp-content\/uploads\/2023\/11\/Linea-Max-para-las-mascotas-225x300.jpg 225w, https:\/\/lax.fm\/portal\/wp-content\/uploads\/2023\/11\/Linea-Max-para-las-mascotas-768x1024.jpg 768w, https:\/\/lax.fm\/portal\/wp-content\/uploads\/2023\/11\/Linea-Max-para-las-mascotas-1152x1536.jpg 1152w, https:\/\/lax.fm\/portal\/wp-content\/uploads\/2023\/11\/Linea-Max-para-las-mascotas-263x350.jpg 263w, https:\/\/lax.fm\/portal\/wp-content\/uploads\/2023\/11\/Linea-Max-para-las-mascotas-600x800.jpg 600w, https:\/\/lax.fm\/portal\/wp-content\/uploads\/2023\/11\/Linea-Max-para-las-mascotas.jpg 1200w\" sizes=\"(max-width: 590px) 100vw, 590px\" \/><\/figure><\/li><li class=\"blocks-gallery-item\"><figure><img loading=\"lazy\" width=\"590\" height=\"590\" src=\"https:\/\/lax.fm\/portal\/wp-content\/uploads\/2023\/11\/Linea-Max-para-mascotas-3-590x590.jpg\" alt=\"\" data-id=\"5960\" data-full-url=\"https:\/\/lax.fm\/portal\/wp-content\/uploads\/2023\/11\/Linea-Max-para-mascotas-3.jpg\" data-link=\"https:\/\/lax.fm\/portal\/?attachment_id=5960\" class=\"wp-image-5960\" srcset=\"https:\/\/lax.fm\/portal\/wp-content\/uploads\/2023\/11\/Linea-Max-para-mascotas-3-590x590.jpg 590w, https:\/\/lax.fm\/portal\/wp-content\/uploads\/2023\/11\/Linea-Max-para-mascotas-3-300x300.jpg 300w, https:\/\/lax.fm\/portal\/wp-content\/uploads\/2023\/11\/Linea-Max-para-mascotas-3-150x150.jpg 150w, https:\/\/lax.fm\/portal\/wp-content\/uploads\/2023\/11\/Linea-Max-para-mascotas-3-768x768.jpg 768w, https:\/\/lax.fm\/portal\/wp-content\/uploads\/2023\/11\/Linea-Max-para-mascotas-3-1536x1536.jpg 1536w, https:\/\/lax.fm\/portal\/wp-content\/uploads\/2023\/11\/Linea-Max-para-mascotas-3-140x140.jpg 140w, https:\/\/lax.fm\/portal\/wp-content\/uploads\/2023\/11\/Linea-Max-para-mascotas-3-350x350.jpg 350w, https:\/\/lax.fm\/portal\/wp-content\/uploads\/2023\/11\/Linea-Max-para-mascotas-3-51x51.jpg 51w, https:\/\/lax.fm\/portal\/wp-content\/uploads\/2023\/11\/Linea-Max-para-mascotas-3-800x800.jpg 800w, https:\/\/lax.fm\/portal\/wp-content\/uploads\/2023\/11\/Linea-Max-para-mascotas-3.jpg 1600w\" sizes=\"(max-width: 590px) 100vw, 590px\" \/><\/figure><\/li><li class=\"blocks-gallery-item\"><figure><img loading=\"lazy\" width=\"590\" height=\"787\" src=\"https:\/\/lax.fm\/portal\/wp-content\/uploads\/2023\/11\/Velas-aromaticas--590x787.jpg\" alt=\"\" data-id=\"5962\" data-full-url=\"https:\/\/lax.fm\/portal\/wp-content\/uploads\/2023\/11\/Velas-aromaticas-.jpg\" data-link=\"https:\/\/lax.fm\/portal\/?attachment_id=5962\" class=\"wp-image-5962\" srcset=\"https:\/\/lax.fm\/portal\/wp-content\/uploads\/2023\/11\/Velas-aromaticas--590x787.jpg 590w, https:\/\/lax.fm\/portal\/wp-content\/uploads\/2023\/11\/Velas-aromaticas--225x300.jpg 225w, https:\/\/lax.fm\/portal\/wp-content\/uploads\/2023\/11\/Velas-aromaticas--768x1024.jpg 768w, https:\/\/lax.fm\/portal\/wp-content\/uploads\/2023\/11\/Velas-aromaticas--1152x1536.jpg 1152w, https:\/\/lax.fm\/portal\/wp-content\/uploads\/2023\/11\/Velas-aromaticas--263x350.jpg 263w, https:\/\/lax.fm\/portal\/wp-content\/uploads\/2023\/11\/Velas-aromaticas--600x800.jpg 600w, https:\/\/lax.fm\/portal\/wp-content\/uploads\/2023\/11\/Velas-aromaticas-.jpg 1200w\" sizes=\"(max-width: 590px) 100vw, 590px\" \/><\/figure><\/li><li class=\"blocks-gallery-item\"><figure><img loading=\"lazy\" width=\"590\" height=\"787\" src=\"https:\/\/lax.fm\/portal\/wp-content\/uploads\/2023\/11\/Opciones-de-regalos-590x787.jpg\" alt=\"\" data-id=\"5961\" data-full-url=\"https:\/\/lax.fm\/portal\/wp-content\/uploads\/2023\/11\/Opciones-de-regalos.jpg\" data-link=\"https:\/\/lax.fm\/portal\/?attachment_id=5961\" class=\"wp-image-5961\" srcset=\"https:\/\/lax.fm\/portal\/wp-content\/uploads\/2023\/11\/Opciones-de-regalos-590x787.jpg 590w, https:\/\/lax.fm\/portal\/wp-content\/uploads\/2023\/11\/Opciones-de-regalos-225x300.jpg 225w, https:\/\/lax.fm\/portal\/wp-content\/uploads\/2023\/11\/Opciones-de-regalos-768x1024.jpg 768w, https:\/\/lax.fm\/portal\/wp-content\/uploads\/2023\/11\/Opciones-de-regalos-1152x1536.jpg 1152w, https:\/\/lax.fm\/portal\/wp-content\/uploads\/2023\/11\/Opciones-de-regalos-263x350.jpg 263w, https:\/\/lax.fm\/portal\/wp-content\/uploads\/2023\/11\/Opciones-de-regalos-600x800.jpg 600w, https:\/\/lax.fm\/portal\/wp-content\/uploads\/2023\/11\/Opciones-de-regalos.jpg 1200w\" sizes=\"(max-width: 590px) 100vw, 590px\" \/><\/figure><\/li><\/ul><\/figure>\n\n\n\n<p>Adem\u00e1s de las barras de jab\u00f3n individuales, la Chef del Jab\u00f3n tambi\u00e9n cre\u00f3 cajitas de regalo que contienen loci\u00f3n hidratante, jab\u00f3n en forma de arbolito, \u2018lip balm\u2019 y exfoliante para la piel con los aromas de la temporada. Estos sets son un anticipo navide\u00f1o para los clientes y son ideales para complacer a toda la familia, as\u00ed como una opci\u00f3n de regalo corporativo perfecto para clientes, colegas y seres queridos durante estas fiestas.<\/p>\n\n\n\n<p>&#8220;En Madre Tierra Jabones by Isabel, nuestra misi\u00f3n es ofrecer no solo productos para el cuidado de la piel, sino uno aut\u00e9ntico alimento espumoso para el cuerpo y el alma, que despierta nuestros sentidos. Cada uno de nuestros productos est\u00e1 elaborado con amor y dedicaci\u00f3n, utilizando m\u00e9todos artesanales, junto a una combinaci\u00f3n de colores, texturas, dise\u00f1os y empaques creativos que hacen que nuestra marca sea \u00fanica en el mercado\u201d, expres\u00f3 Isabel Gonz\u00e1lez P\u00e9rez, propietaria de Madre Tierra y mejor conocida como&nbsp; la Chef del Jab\u00f3n.<\/p>\n\n\n\n<p>\u201c Esta Navidad, regala no solo un producto, sino una experiencia de spa en la casa que nutre y cuida el \u00f3rgano m\u00e1s grande del cuerpo, que es la piel, as\u00ed como consciente a ese ser especial como lo har\u00edas en tu mesa festiva&#8221;, puntualiz\u00f3 la Chef del Jab\u00f3n.<\/p>\n\n\n\n<h3>Regalos perfectos para toda la familia<\/h3>\n\n\n\n<p>Con la marca de \u2018Madre Tierra Jabones by Isabel\u2019, la Chef del Jab\u00f3n cuenta, durante todo el a\u00f1o, con un men\u00fa completo de jabones en barras, lociones hidratantes, exfoliantes, aceites para masajes, velas y mascarillas para hidratar la piel confeccionados con los mejores ingredientes naturales y org\u00e1nicos que pueden ser usados por todo tipo de piel. &nbsp;Y para consentir a sus clientes y celebrar con ellos el tercer aniversario de la tienda, la Chef incluir\u00e1 en su oferta especial de \u2018mi\u00e9rcoles de spa\u2019 en noviembre, un producto gratis de la colecci\u00f3n de Navidad.<\/p>\n\n\n\n<p>Asimismo, en \u2018Madre Tierra Jabones by Isabel\u2019 hay disponible una l\u00ednea de productos de spa para caballeros y la l\u00ednea nueva de productos para el cuidado de mascotas llamada, Max. Est\u00e1 colecci\u00f3n para las mascotas incluye jab\u00f3n en barra, champ\u00fa y acondicionador, \u2018paw balm\u2019 y un \u2018spray\u2019 para calmar el picor, todos con aroma a avena y lavanda.<\/p>\n\n\n\n<p>Desde su apertura en 2018, las creaciones de la Chef del Jab\u00f3n han tenido una gran aceptaci\u00f3n, despuntando sus ventas entre clientes locales y muchos residentes en Estados Unidos, gracias a que su cartera de productos est\u00e1 dise\u00f1ada para todo tipo de p\u00fablico: ni\u00f1os, mujeres, caballeros y ahora mascotas.<\/p>\n\n\n\n<p>La boutique \u2018Madre Tierra, Jabones by Isabel\u2019 de la \u2018Chef del Jab\u00f3n\u2019 se ubica en la urbanizaci\u00f3n Forest Hills, Local B-3 en la carretera 167, en Bayam\u00f3n y est\u00e1 abierta de martes a s\u00e1bado, en horario de 9:00 a.m. a 6:00 p.m.<\/p>\n\n\n\n<p>Los interesados, pueden ver la colecci\u00f3n de la Chef del Jab\u00f3n accediendo a <a href=\"https:\/\/madretierrabyisabel.com\/\" target=\"_blank\" rel=\"noreferrer noopener\">madretierrabyisabel.com<\/a>, desde donde se pueden realizar \u00f3rdenes de compra para env\u00edo por correo o recogido en la tienda f\u00edsica. Adem\u00e1s, puede seguir las colecciones de la \u2018Chef del Jab\u00f3n\u2019 en las redes sociales de <a href=\"https:\/\/www.facebook.com\/madretierrabyIsabel\" target=\"_blank\" rel=\"noreferrer noopener\">Facebook<\/a> e <a href=\"https:\/\/www.instagram.com\/madretierrabyisabel\/\" target=\"_blank\" rel=\"noreferrer noopener\">Instagram<\/a> bajo el nombre de Madre Tierra by Isabel.<\/p>\n","protected":false},"excerpt":{"rendered":"<p>Bayam\u00f3n, Puerto Rico \u2013 La temporada navide\u00f1a est\u00e1 a punto de comenzar, y la \u2018Chef del Jab\u00f3n\u2019 de Madre Tierra Jabones by Isabel\u2019 est\u00e1 emocionada de presentar su \u00faltima creaci\u00f3n: una l\u00ednea exquisita de productos para alimentar y nutrir la piel, como un regalo perfecto para esta Navidad. Los&nbsp; clientes pueden apreciar y conseguir estas [&#8230;]<\/p>\n","protected":false},"author":56,"featured_media":5947,"comment_status":"open","ping_status":"open","sticky":false,"template":"","format":"standard","meta":{"_monsterinsights_skip_tracking":false,"_monsterinsights_sitenote_active":false,"_monsterinsights_sitenote_note":"","_monsterinsights_sitenote_category":0},"categories":[481],"tags":[820,1136,1137],"yoast_head":"<!-- This site is optimized with the Yoast SEO plugin v18.2 - https:\/\/yoast.com\/wordpress\/plugins\/seo\/ -->\n<meta name=\"robots\" content=\"index, follow, max-snippet:-1, max-image-preview:large, max-video-preview:-1\" \/>\n<link rel=\"canonical\" href=\"https:\/\/lax.fm\/portal\/comunicados\/regala-alimento-para-la-piel-en-esta-navidad-con-la-nueva-coleccion-de-la-chef-del-jabon\/\" \/>\n<meta property=\"og:locale\" content=\"en_US\" \/>\n<meta property=\"og:type\" content=\"article\" \/>\n<meta property=\"og:title\" content=\"Regala alimento para la piel en esta Navidad con la nueva colecci\u00f3n de la Chef del Jab\u00f3n - La-X - Gente con la m\u00fasica por dentro\" \/>\n<meta property=\"og:description\" content=\"Bayam\u00f3n, Puerto Rico \u2013 La temporada navide\u00f1a est\u00e1 a punto de comenzar, y la \u2018Chef del Jab\u00f3n\u2019 de Madre Tierra Jabones by Isabel\u2019 est\u00e1 emocionada de presentar su \u00faltima creaci\u00f3n: una l\u00ednea exquisita de productos para alimentar y nutrir la piel, como un regalo perfecto para esta Navidad. Los&nbsp; clientes pueden apreciar y conseguir estas [...]\" \/>\n<meta property=\"og:url\" content=\"https:\/\/lax.fm\/portal\/comunicados\/regala-alimento-para-la-piel-en-esta-navidad-con-la-nueva-coleccion-de-la-chef-del-jabon\/\" \/>\n<meta property=\"og:site_name\" content=\"La-X - Gente con la m\u00fasica por dentro\" \/>\n<meta property=\"article:publisher\" content=\"http:\/\/www.facebook.com\/laxpr\" \/>\n<meta property=\"article:author\" content=\"http:\/\/www.facebook.com\/laxpr\" \/>\n<meta property=\"article:published_time\" content=\"2023-11-16T01:23:17+00:00\" \/>\n<meta property=\"article:modified_time\" content=\"2023-11-16T01:23:31+00:00\" \/>\n<meta property=\"og:image\" content=\"http:\/\/lax.fm\/portal\/wp-content\/uploads\/2023\/11\/chef-del-jabon.jpg\" \/>\n\t<meta property=\"og:image:width\" content=\"1000\" \/>\n\t<meta property=\"og:image:height\" content=\"500\" \/>\n\t<meta property=\"og:image:type\" content=\"image\/jpeg\" \/>\n<meta name=\"twitter:card\" content=\"summary\" \/>\n<meta name=\"twitter:creator\" content=\"@http:\/\/www.twitter.com\/laxpr\" \/>\n<meta name=\"twitter:site\" content=\"@laxpr\" \/>\n<meta name=\"twitter:label1\" content=\"Written by\" \/>\n\t<meta name=\"twitter:data1\" content=\"La X\" \/>\n\t<meta name=\"twitter:label2\" content=\"Est. reading time\" \/>\n\t<meta name=\"twitter:data2\" content=\"6 minutes\" \/>\n<script type=\"application\/ld+json\" class=\"yoast-schema-graph\">{\"@context\":\"https:\/\/schema.org\",\"@graph\":[{\"@type\":\"WebSite\",\"@id\":\"https:\/\/lax.fm\/portal\/#website\",\"url\":\"https:\/\/lax.fm\/portal\/\",\"name\":\"La-X - Gente con la m\u00fasica por dentro\",\"description\":\"Radio Visual\",\"potentialAction\":[{\"@type\":\"SearchAction\",\"target\":{\"@type\":\"EntryPoint\",\"urlTemplate\":\"https:\/\/lax.fm\/portal\/?s={search_term_string}\"},\"query-input\":\"required name=search_term_string\"}],\"inLanguage\":\"en-US\"},{\"@type\":\"ImageObject\",\"@id\":\"https:\/\/lax.fm\/portal\/comunicados\/regala-alimento-para-la-piel-en-esta-navidad-con-la-nueva-coleccion-de-la-chef-del-jabon\/#primaryimage\",\"inLanguage\":\"en-US\",\"url\":\"https:\/\/lax.fm\/portal\/wp-content\/uploads\/2023\/11\/chef-del-jabon.jpg\",\"contentUrl\":\"https:\/\/lax.fm\/portal\/wp-content\/uploads\/2023\/11\/chef-del-jabon.jpg\",\"width\":1000,\"height\":500,\"caption\":\"productos de la chef del jabon\"},{\"@type\":\"WebPage\",\"@id\":\"https:\/\/lax.fm\/portal\/comunicados\/regala-alimento-para-la-piel-en-esta-navidad-con-la-nueva-coleccion-de-la-chef-del-jabon\/#webpage\",\"url\":\"https:\/\/lax.fm\/portal\/comunicados\/regala-alimento-para-la-piel-en-esta-navidad-con-la-nueva-coleccion-de-la-chef-del-jabon\/\",\"name\":\"Regala alimento para la piel en esta Navidad con la nueva colecci\u00f3n de la Chef del Jab\u00f3n - La-X - Gente con la m\u00fasica por dentro\",\"isPartOf\":{\"@id\":\"https:\/\/lax.fm\/portal\/#website\"},\"primaryImageOfPage\":{\"@id\":\"https:\/\/lax.fm\/portal\/comunicados\/regala-alimento-para-la-piel-en-esta-navidad-con-la-nueva-coleccion-de-la-chef-del-jabon\/#primaryimage\"},\"datePublished\":\"2023-11-16T01:23:17+00:00\",\"dateModified\":\"2023-11-16T01:23:31+00:00\",\"author\":{\"@id\":\"https:\/\/lax.fm\/portal\/#\/schema\/person\/dffa89146b1fa98303668501e8ae48b8\"},\"breadcrumb\":{\"@id\":\"https:\/\/lax.fm\/portal\/comunicados\/regala-alimento-para-la-piel-en-esta-navidad-con-la-nueva-coleccion-de-la-chef-del-jabon\/#breadcrumb\"},\"inLanguage\":\"en-US\",\"potentialAction\":[{\"@type\":\"ReadAction\",\"target\":[\"https:\/\/lax.fm\/portal\/comunicados\/regala-alimento-para-la-piel-en-esta-navidad-con-la-nueva-coleccion-de-la-chef-del-jabon\/\"]}]},{\"@type\":\"BreadcrumbList\",\"@id\":\"https:\/\/lax.fm\/portal\/comunicados\/regala-alimento-para-la-piel-en-esta-navidad-con-la-nueva-coleccion-de-la-chef-del-jabon\/#breadcrumb\",\"itemListElement\":[{\"@type\":\"ListItem\",\"position\":1,\"name\":\"Home\",\"item\":\"https:\/\/lax.fm\/portal\/\"},{\"@type\":\"ListItem\",\"position\":2,\"name\":\"Regala alimento para la piel en esta Navidad con la nueva colecci\u00f3n de la Chef del Jab\u00f3n\"}]},{\"@type\":\"Person\",\"@id\":\"https:\/\/lax.fm\/portal\/#\/schema\/person\/dffa89146b1fa98303668501e8ae48b8\",\"name\":\"La X\",\"image\":{\"@type\":\"ImageObject\",\"@id\":\"https:\/\/lax.fm\/portal\/#personlogo\",\"inLanguage\":\"en-US\",\"url\":\"https:\/\/secure.gravatar.com\/avatar\/bd4bc52f18ab67b6950c7667e82f4b83?s=96&d=mm&r=g\",\"contentUrl\":\"https:\/\/secure.gravatar.com\/avatar\/bd4bc52f18ab67b6950c7667e82f4b83?s=96&d=mm&r=g\",\"caption\":\"La X\"},\"sameAs\":[\"http:\/\/www.lax.fm\",\"http:\/\/www.facebook.com\/laxpr\",\"https:\/\/twitter.com\/http:\/\/www.twitter.com\/laxpr\"],\"url\":\"https:\/\/lax.fm\/portal\/author\/la-x\/\"}]}<\/script>\n<!-- \/ Yoast SEO plugin. -->","yoast_head_json":{"robots":{"index":"index","follow":"follow","max-snippet":"max-snippet:-1","max-image-preview":"max-image-preview:large","max-video-preview":"max-video-preview:-1"},"canonical":"https:\/\/lax.fm\/portal\/comunicados\/regala-alimento-para-la-piel-en-esta-navidad-con-la-nueva-coleccion-de-la-chef-del-jabon\/","og_locale":"en_US","og_type":"article","og_title":"Regala alimento para la piel en esta Navidad con la nueva colecci\u00f3n de la Chef del Jab\u00f3n - La-X - Gente con la m\u00fasica por dentro","og_description":"Bayam\u00f3n, Puerto Rico \u2013 La temporada navide\u00f1a est\u00e1 a punto de comenzar, y la \u2018Chef del Jab\u00f3n\u2019 de Madre Tierra Jabones by Isabel\u2019 est\u00e1 emocionada de presentar su \u00faltima creaci\u00f3n: una l\u00ednea exquisita de productos para alimentar y nutrir la piel, como un regalo perfecto para esta Navidad. Los&nbsp; clientes pueden apreciar y conseguir estas [...]","og_url":"https:\/\/lax.fm\/portal\/comunicados\/regala-alimento-para-la-piel-en-esta-navidad-con-la-nueva-coleccion-de-la-chef-del-jabon\/","og_site_name":"La-X - Gente con la m\u00fasica por dentro","article_publisher":"http:\/\/www.facebook.com\/laxpr","article_author":"http:\/\/www.facebook.com\/laxpr","article_published_time":"2023-11-16T01:23:17+00:00","article_modified_time":"2023-11-16T01:23:31+00:00","og_image":[{"width":1000,"height":500,"url":"http:\/\/lax.fm\/portal\/wp-content\/uploads\/2023\/11\/chef-del-jabon.jpg","type":"image\/jpeg"}],"twitter_card":"summary","twitter_creator":"@http:\/\/www.twitter.com\/laxpr","twitter_site":"@laxpr","twitter_misc":{"Written by":"La X","Est. reading time":"6 minutes"},"schema":{"@context":"https:\/\/schema.org","@graph":[{"@type":"WebSite","@id":"https:\/\/lax.fm\/portal\/#website","url":"https:\/\/lax.fm\/portal\/","name":"La-X - Gente con la m\u00fasica por dentro","description":"Radio Visual","potentialAction":[{"@type":"SearchAction","target":{"@type":"EntryPoint","urlTemplate":"https:\/\/lax.fm\/portal\/?s={search_term_string}"},"query-input":"required name=search_term_string"}],"inLanguage":"en-US"},{"@type":"ImageObject","@id":"https:\/\/lax.fm\/portal\/comunicados\/regala-alimento-para-la-piel-en-esta-navidad-con-la-nueva-coleccion-de-la-chef-del-jabon\/#primaryimage","inLanguage":"en-US","url":"https:\/\/lax.fm\/portal\/wp-content\/uploads\/2023\/11\/chef-del-jabon.jpg","contentUrl":"https:\/\/lax.fm\/portal\/wp-content\/uploads\/2023\/11\/chef-del-jabon.jpg","width":1000,"height":500,"caption":"productos de la chef del jabon"},{"@type":"WebPage","@id":"https:\/\/lax.fm\/portal\/comunicados\/regala-alimento-para-la-piel-en-esta-navidad-con-la-nueva-coleccion-de-la-chef-del-jabon\/#webpage","url":"https:\/\/lax.fm\/portal\/comunicados\/regala-alimento-para-la-piel-en-esta-navidad-con-la-nueva-coleccion-de-la-chef-del-jabon\/","name":"Regala alimento para la piel en esta Navidad con la nueva colecci\u00f3n de la Chef del Jab\u00f3n - La-X - Gente con la m\u00fasica por dentro","isPartOf":{"@id":"https:\/\/lax.fm\/portal\/#website"},"primaryImageOfPage":{"@id":"https:\/\/lax.fm\/portal\/comunicados\/regala-alimento-para-la-piel-en-esta-navidad-con-la-nueva-coleccion-de-la-chef-del-jabon\/#primaryimage"},"datePublished":"2023-11-16T01:23:17+00:00","dateModified":"2023-11-16T01:23:31+00:00","author":{"@id":"https:\/\/lax.fm\/portal\/#\/schema\/person\/dffa89146b1fa98303668501e8ae48b8"},"breadcrumb":{"@id":"https:\/\/lax.fm\/portal\/comunicados\/regala-alimento-para-la-piel-en-esta-navidad-con-la-nueva-coleccion-de-la-chef-del-jabon\/#breadcrumb"},"inLanguage":"en-US","potentialAction":[{"@type":"ReadAction","target":["https:\/\/lax.fm\/portal\/comunicados\/regala-alimento-para-la-piel-en-esta-navidad-con-la-nueva-coleccion-de-la-chef-del-jabon\/"]}]},{"@type":"BreadcrumbList","@id":"https:\/\/lax.fm\/portal\/comunicados\/regala-alimento-para-la-piel-en-esta-navidad-con-la-nueva-coleccion-de-la-chef-del-jabon\/#breadcrumb","itemListElement":[{"@type":"ListItem","position":1,"name":"Home","item":"https:\/\/lax.fm\/portal\/"},{"@type":"ListItem","position":2,"name":"Regala alimento para la piel en esta Navidad con la nueva colecci\u00f3n de la Chef del Jab\u00f3n"}]},{"@type":"Person","@id":"https:\/\/lax.fm\/portal\/#\/schema\/person\/dffa89146b1fa98303668501e8ae48b8","name":"La X","image":{"@type":"ImageObject","@id":"https:\/\/lax.fm\/portal\/#personlogo","inLanguage":"en-US","url":"https:\/\/secure.gravatar.com\/avatar\/bd4bc52f18ab67b6950c7667e82f4b83?s=96&d=mm&r=g","contentUrl":"https:\/\/secure.gravatar.com\/avatar\/bd4bc52f18ab67b6950c7667e82f4b83?s=96&d=mm&r=g","caption":"La X"},"sameAs":["http:\/\/www.lax.fm","http:\/\/www.facebook.com\/laxpr","https:\/\/twitter.com\/http:\/\/www.twitter.com\/laxpr"],"url":"https:\/\/lax.fm\/portal\/author\/la-x\/"}]}},"_links":{"self":[{"href":"https:\/\/lax.fm\/portal\/wp-json\/wp\/v2\/posts\/5946"}],"collection":[{"href":"https:\/\/lax.fm\/portal\/wp-json\/wp\/v2\/posts"}],"about":[{"href":"https:\/\/lax.fm\/portal\/wp-json\/wp\/v2\/types\/post"}],"author":[{"embeddable":true,"href":"https:\/\/lax.fm\/portal\/wp-json\/wp\/v2\/users\/56"}],"replies":[{"embeddable":true,"href":"https:\/\/lax.fm\/portal\/wp-json\/wp\/v2\/comments?post=5946"}],"version-history":[{"count":2,"href":"https:\/\/lax.fm\/portal\/wp-json\/wp\/v2\/posts\/5946\/revisions"}],"predecessor-version":[{"id":5963,"href":"https:\/\/lax.fm\/portal\/wp-json\/wp\/v2\/posts\/5946\/revisions\/5963"}],"wp:featuredmedia":[{"embeddable":true,"href":"https:\/\/lax.fm\/portal\/wp-json\/wp\/v2\/media\/5947"}],"wp:attachment":[{"href":"https:\/\/lax.fm\/portal\/wp-json\/wp\/v2\/media?parent=5946"}],"wp:term":[{"taxonomy":"category","embeddable":true,"href":"https:\/\/lax.fm\/portal\/wp-json\/wp\/v2\/categories?post=5946"},{"taxonomy":"post_tag","embeddable":true,"href":"https:\/\/lax.fm\/portal\/wp-json\/wp\/v2\/tags?post=5946"}],"curies":[{"name":"wp","href":"https:\/\/api.w.org\/{rel}","templated":true}]}}