{"id":5814,"date":"2023-09-14T18:50:33","date_gmt":"2023-09-14T22:50:33","guid":{"rendered":"https:\/\/lax.fm\/portal\/?p=5814"},"modified":"2023-09-14T18:50:47","modified_gmt":"2023-09-14T22:50:47","slug":"unete-al-movimiento-the-market-brunch-y-celebra-la-semana-del-bienestar-en-la-edicion-green","status":"publish","type":"post","link":"https:\/\/lax.fm\/portal\/comunicados\/unete-al-movimiento-the-market-brunch-y-celebra-la-semana-del-bienestar-en-la-edicion-green\/","title":{"rendered":"\u00danete al Movimiento The Market Brunch y celebra la semana del bienestar en la edici\u00f3n Green"},"content":{"rendered":"\n<p><strong>5 de septiembre de 2023, SAN JUAN, PUERTO RICO<\/strong> \u2013 El evento liderado por Unbox en esta edici\u00f3n Green es m\u00e1s que una experiencia, es un movimiento que abraza la sostenibilidad y el bienestar local. \u00danete a The Market Brunch el domingo 17 de septiembre en el ic\u00f3nico Caribe Hilton desde las 9 am hasta las 5 pm en el Caribar.<\/p>\n\n\n\n<p>Descubre las creaciones innovadoras de dise\u00f1adores, artistas y artesanos locales en un Marketplace de acceso gratuito. Adem\u00e1s, disfruta de pasarelas de moda, artistas de henna, terapias hol\u00edsticas, masajes, lecturas de tarot y muchas otras sorpresas.<\/p>\n\n\n\n<p>Si eres un amante de la comida, saborea un brunch extraordinario preparado por el Chef Ejecutivo H\u00e9ctor Prieto del Caribe Hilton, con ingredientes frescos de agricultores locales. Refr\u00e9scate con c\u00f3cteles vibrantes, espumosos y jugos naturales.<\/p>\n\n\n\n<p>Entre los invitados especiales contar\u00e1n con una de las pioneras del Yoga y Pilates en Puerto Rico, Lara Tapia, quien lanzar\u00e1 su libro &#8220;Transformaci\u00f3n en 69&#8221; y dirigir\u00e1 una clase de yoga frente al mar llamada &#8220;YOGAtransforma por Lara Tapia&#8221; y quien busca reencontrarse con su comunidad despu\u00e9s de varios a\u00f1os de ausencia en la isla. Adem\u00e1s, el artista puertorrique\u00f1o Adri\u00e1n N\u00fa\u00f1ez de Sana Vibra y facilitador de Sound Healing, animar\u00e1 el evento e impartir\u00e1 dos sesiones de esta maravillosa pr\u00e1ctica.<\/p>\n\n\n\n<figure class=\"wp-block-image size-large\"><a href=\"https:\/\/boletos.prticket.com\/events\/en\/tickets-the-market-brunch\" target=\"_blank\" rel=\"noopener\"><img loading=\"lazy\" width=\"590\" height=\"983\" src=\"https:\/\/lax.fm\/portal\/wp-content\/uploads\/2023\/09\/The-Market-Brunch-edicion-Green-poster-590x983.jpg\" alt=\"\" class=\"wp-image-5818\" srcset=\"https:\/\/lax.fm\/portal\/wp-content\/uploads\/2023\/09\/The-Market-Brunch-edicion-Green-poster-590x983.jpg 590w, https:\/\/lax.fm\/portal\/wp-content\/uploads\/2023\/09\/The-Market-Brunch-edicion-Green-poster-180x300.jpg 180w, https:\/\/lax.fm\/portal\/wp-content\/uploads\/2023\/09\/The-Market-Brunch-edicion-Green-poster-768x1280.jpg 768w, https:\/\/lax.fm\/portal\/wp-content\/uploads\/2023\/09\/The-Market-Brunch-edicion-Green-poster-922x1536.jpg 922w, https:\/\/lax.fm\/portal\/wp-content\/uploads\/2023\/09\/The-Market-Brunch-edicion-Green-poster-210x350.jpg 210w, https:\/\/lax.fm\/portal\/wp-content\/uploads\/2023\/09\/The-Market-Brunch-edicion-Green-poster-480x800.jpg 480w, https:\/\/lax.fm\/portal\/wp-content\/uploads\/2023\/09\/The-Market-Brunch-edicion-Green-poster.jpg 1200w\" sizes=\"(max-width: 590px) 100vw, 590px\" \/><\/a><\/figure>\n\n\n\n<p>La m\u00fasica estar\u00e1 a cargo de Dj Dimitri La Bruxa, llev\u00e1ndote a un viaje sonoro de altas vibraciones.<\/p>\n\n\n\n<p>La experiencia del brunch para adultos es de $69 e incluye una copa de vino espumoso, clase de yoga, Sound Healing m\u00e1s IVU y cargos por servicio.&nbsp;<\/p>\n\n\n\n<p>La experiencia del brunch para los ni\u00f1os (6-11 a\u00f1os) es de $39 &nbsp;e incluye clase de yoga y sound healing en compa\u00f1\u00eda de un adulto, m\u00e1s IVU y cargos por servicio.<\/p>\n\n\n\n<p>La experiencia &#8220;YOGATransforma con Lara Tapia + Sound Healing con Adri\u00e1n N\u00fa\u00f1ez&#8221; tiene un costo de $22, m\u00e1s IVU y cargos por servicio.<\/p>\n\n\n\n<p>Adquiere tus boletos en prticket.com y asegura tu lugar <strong><a href=\"https:\/\/bit.ly\/45EZcpT\" target=\"_blank\" rel=\"noreferrer noopener\">https:\/\/bit.ly\/45EZcpT<\/a><\/strong><\/p>\n\n\n\n<p>El evento es abierto para el p\u00fablico en general, as\u00ed que invita a tu tribu y reg\u00edstrate gratis en el siguiente enlace <strong><a href=\"https:\/\/bit.ly\/3ODSNUN\" target=\"_blank\" rel=\"noreferrer noopener\">https:\/\/bit.ly\/3ODSNUN<\/a><\/strong><\/p>\n\n\n\n<p>Las primeras 100 personas en llegar recibir\u00e1n un c\u00f3ctel cortes\u00eda de Grey Goose Essences.<\/p>\n\n\n\n<p>Las bebidas tendr\u00e1n un cargo adicional, al igual que el self-parking, que estar\u00e1 disponible por $15 en el multipisos y Valet Parking por $28.<\/p>\n\n\n\n<p>Para obtener m\u00e1s informaci\u00f3n, cont\u00e1ctanos en info@unboxpr.com o s\u00edguenos en nuestras redes sociales en <strong><a href=\"https:\/\/www.facebook.com\/themarketbrunch\" target=\"_blank\" rel=\"noreferrer noopener\">https:\/\/www.facebook.com\/themarketbrunch<\/a><\/strong> e i<strong><a href=\"https:\/\/instagram.com\/marketbrunch\" target=\"_blank\" rel=\"noreferrer noopener\">nstagram.com\/marketbrunch<\/a><\/strong>.\u00a0<\/p>\n","protected":false},"excerpt":{"rendered":"<p>5 de septiembre de 2023, SAN JUAN, PUERTO RICO \u2013 El evento liderado por Unbox en esta edici\u00f3n Green es m\u00e1s que una experiencia, es un movimiento que abraza la sostenibilidad y el bienestar local. \u00danete a The Market Brunch el domingo 17 de septiembre en el ic\u00f3nico Caribe Hilton desde las 9 am hasta [&#8230;]<\/p>\n","protected":false},"author":56,"featured_media":5816,"comment_status":"open","ping_status":"open","sticky":false,"template":"","format":"standard","meta":{"_monsterinsights_skip_tracking":false,"_monsterinsights_sitenote_active":false,"_monsterinsights_sitenote_note":"","_monsterinsights_sitenote_category":0},"categories":[481],"tags":[820,1082],"yoast_head":"<!-- This site is optimized with the Yoast SEO plugin v18.2 - https:\/\/yoast.com\/wordpress\/plugins\/seo\/ -->\n<meta name=\"robots\" content=\"index, follow, max-snippet:-1, max-image-preview:large, max-video-preview:-1\" \/>\n<link rel=\"canonical\" href=\"https:\/\/lax.fm\/portal\/comunicados\/unete-al-movimiento-the-market-brunch-y-celebra-la-semana-del-bienestar-en-la-edicion-green\/\" \/>\n<meta property=\"og:locale\" content=\"en_US\" \/>\n<meta property=\"og:type\" content=\"article\" \/>\n<meta property=\"og:title\" content=\"\u00danete al Movimiento The Market Brunch y celebra la semana del bienestar en la edici\u00f3n Green - La-X - Gente con la m\u00fasica por dentro\" \/>\n<meta property=\"og:description\" content=\"5 de septiembre de 2023, SAN JUAN, PUERTO RICO \u2013 El evento liderado por Unbox en esta edici\u00f3n Green es m\u00e1s que una experiencia, es un movimiento que abraza la sostenibilidad y el bienestar local. \u00danete a The Market Brunch el domingo 17 de septiembre en el ic\u00f3nico Caribe Hilton desde las 9 am hasta [...]\" \/>\n<meta property=\"og:url\" content=\"https:\/\/lax.fm\/portal\/comunicados\/unete-al-movimiento-the-market-brunch-y-celebra-la-semana-del-bienestar-en-la-edicion-green\/\" \/>\n<meta property=\"og:site_name\" content=\"La-X - Gente con la m\u00fasica por dentro\" \/>\n<meta property=\"article:publisher\" content=\"http:\/\/www.facebook.com\/laxpr\" \/>\n<meta property=\"article:author\" content=\"http:\/\/www.facebook.com\/laxpr\" \/>\n<meta property=\"article:published_time\" content=\"2023-09-14T22:50:33+00:00\" \/>\n<meta property=\"article:modified_time\" content=\"2023-09-14T22:50:47+00:00\" \/>\n<meta property=\"og:image\" content=\"http:\/\/lax.fm\/portal\/wp-content\/uploads\/2023\/09\/The-Market-Brunch-edicion-Green.jpg\" \/>\n\t<meta property=\"og:image:width\" content=\"1000\" \/>\n\t<meta property=\"og:image:height\" content=\"500\" \/>\n\t<meta property=\"og:image:type\" content=\"image\/jpeg\" \/>\n<meta name=\"twitter:card\" content=\"summary\" \/>\n<meta name=\"twitter:creator\" content=\"@http:\/\/www.twitter.com\/laxpr\" \/>\n<meta name=\"twitter:site\" content=\"@laxpr\" \/>\n<meta name=\"twitter:label1\" content=\"Written by\" \/>\n\t<meta name=\"twitter:data1\" content=\"La X\" \/>\n\t<meta name=\"twitter:label2\" content=\"Est. reading time\" \/>\n\t<meta name=\"twitter:data2\" content=\"2 minutes\" \/>\n<script type=\"application\/ld+json\" class=\"yoast-schema-graph\">{\"@context\":\"https:\/\/schema.org\",\"@graph\":[{\"@type\":\"WebSite\",\"@id\":\"https:\/\/lax.fm\/portal\/#website\",\"url\":\"https:\/\/lax.fm\/portal\/\",\"name\":\"La-X - Gente con la m\u00fasica por dentro\",\"description\":\"Radio Visual\",\"potentialAction\":[{\"@type\":\"SearchAction\",\"target\":{\"@type\":\"EntryPoint\",\"urlTemplate\":\"https:\/\/lax.fm\/portal\/?s={search_term_string}\"},\"query-input\":\"required name=search_term_string\"}],\"inLanguage\":\"en-US\"},{\"@type\":\"ImageObject\",\"@id\":\"https:\/\/lax.fm\/portal\/comunicados\/unete-al-movimiento-the-market-brunch-y-celebra-la-semana-del-bienestar-en-la-edicion-green\/#primaryimage\",\"inLanguage\":\"en-US\",\"url\":\"https:\/\/lax.fm\/portal\/wp-content\/uploads\/2023\/09\/The-Market-Brunch-edicion-Green.jpg\",\"contentUrl\":\"https:\/\/lax.fm\/portal\/wp-content\/uploads\/2023\/09\/The-Market-Brunch-edicion-Green.jpg\",\"width\":1000,\"height\":500,\"caption\":\"The Market Brunch edici\u00f3n Green\"},{\"@type\":\"WebPage\",\"@id\":\"https:\/\/lax.fm\/portal\/comunicados\/unete-al-movimiento-the-market-brunch-y-celebra-la-semana-del-bienestar-en-la-edicion-green\/#webpage\",\"url\":\"https:\/\/lax.fm\/portal\/comunicados\/unete-al-movimiento-the-market-brunch-y-celebra-la-semana-del-bienestar-en-la-edicion-green\/\",\"name\":\"\u00danete al Movimiento The Market Brunch y celebra la semana del bienestar en la edici\u00f3n Green - La-X - Gente con la m\u00fasica por dentro\",\"isPartOf\":{\"@id\":\"https:\/\/lax.fm\/portal\/#website\"},\"primaryImageOfPage\":{\"@id\":\"https:\/\/lax.fm\/portal\/comunicados\/unete-al-movimiento-the-market-brunch-y-celebra-la-semana-del-bienestar-en-la-edicion-green\/#primaryimage\"},\"datePublished\":\"2023-09-14T22:50:33+00:00\",\"dateModified\":\"2023-09-14T22:50:47+00:00\",\"author\":{\"@id\":\"https:\/\/lax.fm\/portal\/#\/schema\/person\/dffa89146b1fa98303668501e8ae48b8\"},\"breadcrumb\":{\"@id\":\"https:\/\/lax.fm\/portal\/comunicados\/unete-al-movimiento-the-market-brunch-y-celebra-la-semana-del-bienestar-en-la-edicion-green\/#breadcrumb\"},\"inLanguage\":\"en-US\",\"potentialAction\":[{\"@type\":\"ReadAction\",\"target\":[\"https:\/\/lax.fm\/portal\/comunicados\/unete-al-movimiento-the-market-brunch-y-celebra-la-semana-del-bienestar-en-la-edicion-green\/\"]}]},{\"@type\":\"BreadcrumbList\",\"@id\":\"https:\/\/lax.fm\/portal\/comunicados\/unete-al-movimiento-the-market-brunch-y-celebra-la-semana-del-bienestar-en-la-edicion-green\/#breadcrumb\",\"itemListElement\":[{\"@type\":\"ListItem\",\"position\":1,\"name\":\"Home\",\"item\":\"https:\/\/lax.fm\/portal\/\"},{\"@type\":\"ListItem\",\"position\":2,\"name\":\"\u00danete al Movimiento The Market Brunch y celebra la semana del bienestar en la edici\u00f3n Green\"}]},{\"@type\":\"Person\",\"@id\":\"https:\/\/lax.fm\/portal\/#\/schema\/person\/dffa89146b1fa98303668501e8ae48b8\",\"name\":\"La X\",\"image\":{\"@type\":\"ImageObject\",\"@id\":\"https:\/\/lax.fm\/portal\/#personlogo\",\"inLanguage\":\"en-US\",\"url\":\"https:\/\/secure.gravatar.com\/avatar\/bd4bc52f18ab67b6950c7667e82f4b83?s=96&d=mm&r=g\",\"contentUrl\":\"https:\/\/secure.gravatar.com\/avatar\/bd4bc52f18ab67b6950c7667e82f4b83?s=96&d=mm&r=g\",\"caption\":\"La X\"},\"sameAs\":[\"http:\/\/www.lax.fm\",\"http:\/\/www.facebook.com\/laxpr\",\"https:\/\/twitter.com\/http:\/\/www.twitter.com\/laxpr\"],\"url\":\"https:\/\/lax.fm\/portal\/author\/la-x\/\"}]}<\/script>\n<!-- \/ Yoast SEO plugin. -->","yoast_head_json":{"robots":{"index":"index","follow":"follow","max-snippet":"max-snippet:-1","max-image-preview":"max-image-preview:large","max-video-preview":"max-video-preview:-1"},"canonical":"https:\/\/lax.fm\/portal\/comunicados\/unete-al-movimiento-the-market-brunch-y-celebra-la-semana-del-bienestar-en-la-edicion-green\/","og_locale":"en_US","og_type":"article","og_title":"\u00danete al Movimiento The Market Brunch y celebra la semana del bienestar en la edici\u00f3n Green - La-X - Gente con la m\u00fasica por dentro","og_description":"5 de septiembre de 2023, SAN JUAN, PUERTO RICO \u2013 El evento liderado por Unbox en esta edici\u00f3n Green es m\u00e1s que una experiencia, es un movimiento que abraza la sostenibilidad y el bienestar local. \u00danete a The Market Brunch el domingo 17 de septiembre en el ic\u00f3nico Caribe Hilton desde las 9 am hasta [...]","og_url":"https:\/\/lax.fm\/portal\/comunicados\/unete-al-movimiento-the-market-brunch-y-celebra-la-semana-del-bienestar-en-la-edicion-green\/","og_site_name":"La-X - Gente con la m\u00fasica por dentro","article_publisher":"http:\/\/www.facebook.com\/laxpr","article_author":"http:\/\/www.facebook.com\/laxpr","article_published_time":"2023-09-14T22:50:33+00:00","article_modified_time":"2023-09-14T22:50:47+00:00","og_image":[{"width":1000,"height":500,"url":"http:\/\/lax.fm\/portal\/wp-content\/uploads\/2023\/09\/The-Market-Brunch-edicion-Green.jpg","type":"image\/jpeg"}],"twitter_card":"summary","twitter_creator":"@http:\/\/www.twitter.com\/laxpr","twitter_site":"@laxpr","twitter_misc":{"Written by":"La X","Est. reading time":"2 minutes"},"schema":{"@context":"https:\/\/schema.org","@graph":[{"@type":"WebSite","@id":"https:\/\/lax.fm\/portal\/#website","url":"https:\/\/lax.fm\/portal\/","name":"La-X - Gente con la m\u00fasica por dentro","description":"Radio Visual","potentialAction":[{"@type":"SearchAction","target":{"@type":"EntryPoint","urlTemplate":"https:\/\/lax.fm\/portal\/?s={search_term_string}"},"query-input":"required name=search_term_string"}],"inLanguage":"en-US"},{"@type":"ImageObject","@id":"https:\/\/lax.fm\/portal\/comunicados\/unete-al-movimiento-the-market-brunch-y-celebra-la-semana-del-bienestar-en-la-edicion-green\/#primaryimage","inLanguage":"en-US","url":"https:\/\/lax.fm\/portal\/wp-content\/uploads\/2023\/09\/The-Market-Brunch-edicion-Green.jpg","contentUrl":"https:\/\/lax.fm\/portal\/wp-content\/uploads\/2023\/09\/The-Market-Brunch-edicion-Green.jpg","width":1000,"height":500,"caption":"The Market Brunch edici\u00f3n Green"},{"@type":"WebPage","@id":"https:\/\/lax.fm\/portal\/comunicados\/unete-al-movimiento-the-market-brunch-y-celebra-la-semana-del-bienestar-en-la-edicion-green\/#webpage","url":"https:\/\/lax.fm\/portal\/comunicados\/unete-al-movimiento-the-market-brunch-y-celebra-la-semana-del-bienestar-en-la-edicion-green\/","name":"\u00danete al Movimiento The Market Brunch y celebra la semana del bienestar en la edici\u00f3n Green - La-X - Gente con la m\u00fasica por dentro","isPartOf":{"@id":"https:\/\/lax.fm\/portal\/#website"},"primaryImageOfPage":{"@id":"https:\/\/lax.fm\/portal\/comunicados\/unete-al-movimiento-the-market-brunch-y-celebra-la-semana-del-bienestar-en-la-edicion-green\/#primaryimage"},"datePublished":"2023-09-14T22:50:33+00:00","dateModified":"2023-09-14T22:50:47+00:00","author":{"@id":"https:\/\/lax.fm\/portal\/#\/schema\/person\/dffa89146b1fa98303668501e8ae48b8"},"breadcrumb":{"@id":"https:\/\/lax.fm\/portal\/comunicados\/unete-al-movimiento-the-market-brunch-y-celebra-la-semana-del-bienestar-en-la-edicion-green\/#breadcrumb"},"inLanguage":"en-US","potentialAction":[{"@type":"ReadAction","target":["https:\/\/lax.fm\/portal\/comunicados\/unete-al-movimiento-the-market-brunch-y-celebra-la-semana-del-bienestar-en-la-edicion-green\/"]}]},{"@type":"BreadcrumbList","@id":"https:\/\/lax.fm\/portal\/comunicados\/unete-al-movimiento-the-market-brunch-y-celebra-la-semana-del-bienestar-en-la-edicion-green\/#breadcrumb","itemListElement":[{"@type":"ListItem","position":1,"name":"Home","item":"https:\/\/lax.fm\/portal\/"},{"@type":"ListItem","position":2,"name":"\u00danete al Movimiento The Market Brunch y celebra la semana del bienestar en la edici\u00f3n Green"}]},{"@type":"Person","@id":"https:\/\/lax.fm\/portal\/#\/schema\/person\/dffa89146b1fa98303668501e8ae48b8","name":"La X","image":{"@type":"ImageObject","@id":"https:\/\/lax.fm\/portal\/#personlogo","inLanguage":"en-US","url":"https:\/\/secure.gravatar.com\/avatar\/bd4bc52f18ab67b6950c7667e82f4b83?s=96&d=mm&r=g","contentUrl":"https:\/\/secure.gravatar.com\/avatar\/bd4bc52f18ab67b6950c7667e82f4b83?s=96&d=mm&r=g","caption":"La X"},"sameAs":["http:\/\/www.lax.fm","http:\/\/www.facebook.com\/laxpr","https:\/\/twitter.com\/http:\/\/www.twitter.com\/laxpr"],"url":"https:\/\/lax.fm\/portal\/author\/la-x\/"}]}},"_links":{"self":[{"href":"https:\/\/lax.fm\/portal\/wp-json\/wp\/v2\/posts\/5814"}],"collection":[{"href":"https:\/\/lax.fm\/portal\/wp-json\/wp\/v2\/posts"}],"about":[{"href":"https:\/\/lax.fm\/portal\/wp-json\/wp\/v2\/types\/post"}],"author":[{"embeddable":true,"href":"https:\/\/lax.fm\/portal\/wp-json\/wp\/v2\/users\/56"}],"replies":[{"embeddable":true,"href":"https:\/\/lax.fm\/portal\/wp-json\/wp\/v2\/comments?post=5814"}],"version-history":[{"count":2,"href":"https:\/\/lax.fm\/portal\/wp-json\/wp\/v2\/posts\/5814\/revisions"}],"predecessor-version":[{"id":5819,"href":"https:\/\/lax.fm\/portal\/wp-json\/wp\/v2\/posts\/5814\/revisions\/5819"}],"wp:featuredmedia":[{"embeddable":true,"href":"https:\/\/lax.fm\/portal\/wp-json\/wp\/v2\/media\/5816"}],"wp:attachment":[{"href":"https:\/\/lax.fm\/portal\/wp-json\/wp\/v2\/media?parent=5814"}],"wp:term":[{"taxonomy":"category","embeddable":true,"href":"https:\/\/lax.fm\/portal\/wp-json\/wp\/v2\/categories?post=5814"},{"taxonomy":"post_tag","embeddable":true,"href":"https:\/\/lax.fm\/portal\/wp-json\/wp\/v2\/tags?post=5814"}],"curies":[{"name":"wp","href":"https:\/\/api.w.org\/{rel}","templated":true}]}}