{"id":5811,"date":"2023-09-14T18:29:20","date_gmt":"2023-09-14T22:29:20","guid":{"rendered":"https:\/\/lax.fm\/portal\/?p=5811"},"modified":"2023-09-14T18:29:33","modified_gmt":"2023-09-14T22:29:33","slug":"dia-nacional-de-comer-en-casa-y-en-familia","status":"publish","type":"post","link":"https:\/\/lax.fm\/portal\/comunicados\/dia-nacional-de-comer-en-casa-y-en-familia\/","title":{"rendered":"D\u00eda Nacional de Comer en Casa y en Familia"},"content":{"rendered":"\n<p><strong><a href=\"https:\/\/www.facebook.com\/goyapuertorico\" target=\"_blank\" rel=\"noreferrer noopener\">Goya de Puerto Rico, Inc.<\/a><\/strong> Invita a todas las familias a que se unan a la celebraci\u00f3n del D\u00eda Nacional de Comer en Casa y en Familia.\u00a0 La fecha es \u00a0el 25 de septiembre de 2023, el cuarto lunes de septiembre.\u00a0 Ya son 12 a\u00f1os que se conmemora el Comer en Casa y en Familia y que se destaca la importancia de seguir fomentando los valores y la sana alimentaci\u00f3n de nuestro pueblo.<\/p>\n\n\n\n<p>Nuestra manera de vivir como pueblo cambi\u00f3 despu\u00e9s de la pandemia, pero la misma nos confirma que el valorar la familia es lo primordial. El comer en casa es, sin duda, una manera de mantenernos juntos en familia. Mantenemos la buena comunicaci\u00f3n e incluimos a todos en los preparativos de sentarnos a la mesa a disfrutar la comida.&nbsp; Son muchos los beneficiosos que se obtienen al sentarnos a comer en casa y en familia.<\/p>\n\n\n\n<p><strong>\u201c<em>Como empresa fomentamos&nbsp; y destacamos la importancia de la familia, los valores y la sana alimentaci\u00f3n en todo lo que hacemos, ese es nuestro mayor compromiso. El preocuparnos por mantener una sana alimentaci\u00f3n, hacer una buena selecci\u00f3n de los alimentos que va a ingerir nuestra familia y&nbsp; el compartir en la mesa como familia debe ser siempre una prioridad. Es en casa donde se imparten &nbsp;valores\u201d. Destac\u00f3 Nydia Ramos.<\/em><\/strong><\/p>\n\n\n\n<p>Queremos como compa\u00f1\u00eda, seguir motivando, especialmente a las nuevas generaciones, &nbsp;que vean la cocina y la creaci\u00f3n de recetas como algo f\u00e1cil y divertido.&nbsp; &nbsp;<\/p>\n\n\n\n<p>Tanto en Estados Unidos (2005), como en Puerto Rico, el cuarto lunes de septiembre se celebra el \u201cD\u00eda de la Familia en la Mesa\u201d, (ley 269 en Puerto Rico, 2006).&nbsp; Tenemos el genuino compromiso para que todas las familias puetorrique\u00f1as se unan una vez m\u00e1s a conmemorar el cuarto lunes del mes de septiembre de cada a\u00f1o como el D\u00eda Nacional de Comer en Casa y en Familia.<\/p>\n\n\n\n<p>Como parte de este esfuerzo, durante el mes de septiembre, Goya visitar\u00e1 el Instituto Psicopedag\u00f3gico &nbsp;y &nbsp;Casa Ruth, donde se compartir\u00e1 con ellos un almuerzo y sano entretenimiento.&nbsp; Los Chefs de Goya compartir\u00e1n recetas en televisi\u00f3n y redes sociales.&nbsp; Tendremos concursos donde regalaremos cenas familiares confeccionadas por ellos. Repartiremos informaci\u00f3n actualizada por la Comisi\u00f3n de Alimentaci\u00f3n y Nutrici\u00f3n de PR, Campa\u00f1a Mu\u00e9vete Al Son de MIPlato, para seguir promoviendo los buenos h\u00e1bitos alimentarios. Lanzaremos nuestro nuevo recetario que incluye: recetas Veganas, para Diab\u00e9ticos,&nbsp; y para confecci\u00f3n en \u201cAir Fryers\u201d, entre otras.<\/p>\n\n\n\n<p>Estaremos integrando todos los medios de comunicaci\u00f3n local para seguir difundiendo este importante mensaje para nuestro pa\u00eds. Utilizaremos televisi\u00f3n, radio, prensa, \u201cInfluencers\u201d, redes sociales y material promocional en todos nuestros supermercados.<\/p>\n\n\n\n<p>Agradecemos&nbsp; a cada uno de ustedes por su continuo apoyo a esta campa\u00f1a.&nbsp; Esta campa\u00f1a nos une a todos como familia, la base fundamental de nuestra sociedad.&nbsp;<\/p>\n\n\n\n<p>Comer en Casa y en Familia, \u00a1ES LO MEJOR!<\/p>\n\n\n\n<p>Si es Goya\u2026tiene que ser bueno.<\/p>\n","protected":false},"excerpt":{"rendered":"<p>Goya de Puerto Rico, Inc. Invita a todas las familias a que se unan a la celebraci\u00f3n del D\u00eda Nacional de Comer en Casa y en Familia.\u00a0 La fecha es \u00a0el 25 de septiembre de 2023, el cuarto lunes de septiembre.\u00a0 Ya son 12 a\u00f1os que se conmemora el Comer en Casa y en Familia [&#8230;]<\/p>\n","protected":false},"author":56,"featured_media":5812,"comment_status":"open","ping_status":"open","sticky":false,"template":"","format":"standard","meta":{"_monsterinsights_skip_tracking":false,"_monsterinsights_sitenote_active":false,"_monsterinsights_sitenote_note":"","_monsterinsights_sitenote_category":0},"categories":[481],"tags":[820,1081],"yoast_head":"<!-- This site is optimized with the Yoast SEO plugin v18.2 - https:\/\/yoast.com\/wordpress\/plugins\/seo\/ -->\n<meta name=\"robots\" content=\"index, follow, max-snippet:-1, max-image-preview:large, max-video-preview:-1\" \/>\n<link rel=\"canonical\" href=\"https:\/\/lax.fm\/portal\/comunicados\/dia-nacional-de-comer-en-casa-y-en-familia\/\" \/>\n<meta property=\"og:locale\" content=\"en_US\" \/>\n<meta property=\"og:type\" content=\"article\" \/>\n<meta property=\"og:title\" content=\"D\u00eda Nacional de Comer en Casa y en Familia - La-X - Gente con la m\u00fasica por dentro\" \/>\n<meta property=\"og:description\" content=\"Goya de Puerto Rico, Inc. Invita a todas las familias a que se unan a la celebraci\u00f3n del D\u00eda Nacional de Comer en Casa y en Familia.\u00a0 La fecha es \u00a0el 25 de septiembre de 2023, el cuarto lunes de septiembre.\u00a0 Ya son 12 a\u00f1os que se conmemora el Comer en Casa y en Familia [...]\" \/>\n<meta property=\"og:url\" content=\"https:\/\/lax.fm\/portal\/comunicados\/dia-nacional-de-comer-en-casa-y-en-familia\/\" \/>\n<meta property=\"og:site_name\" content=\"La-X - Gente con la m\u00fasica por dentro\" \/>\n<meta property=\"article:publisher\" content=\"http:\/\/www.facebook.com\/laxpr\" \/>\n<meta property=\"article:author\" content=\"http:\/\/www.facebook.com\/laxpr\" \/>\n<meta property=\"article:published_time\" content=\"2023-09-14T22:29:20+00:00\" \/>\n<meta property=\"article:modified_time\" content=\"2023-09-14T22:29:33+00:00\" \/>\n<meta property=\"og:image\" content=\"http:\/\/lax.fm\/portal\/wp-content\/uploads\/2023\/09\/dia-de-comer-en-casa-goya.jpg\" \/>\n\t<meta property=\"og:image:width\" content=\"1000\" \/>\n\t<meta property=\"og:image:height\" content=\"500\" \/>\n\t<meta property=\"og:image:type\" content=\"image\/jpeg\" \/>\n<meta name=\"twitter:card\" content=\"summary\" \/>\n<meta name=\"twitter:creator\" content=\"@http:\/\/www.twitter.com\/laxpr\" \/>\n<meta name=\"twitter:site\" content=\"@laxpr\" \/>\n<meta name=\"twitter:label1\" content=\"Written by\" \/>\n\t<meta name=\"twitter:data1\" content=\"La X\" \/>\n\t<meta name=\"twitter:label2\" content=\"Est. reading time\" \/>\n\t<meta name=\"twitter:data2\" content=\"3 minutes\" \/>\n<script type=\"application\/ld+json\" class=\"yoast-schema-graph\">{\"@context\":\"https:\/\/schema.org\",\"@graph\":[{\"@type\":\"WebSite\",\"@id\":\"https:\/\/lax.fm\/portal\/#website\",\"url\":\"https:\/\/lax.fm\/portal\/\",\"name\":\"La-X - Gente con la m\u00fasica por dentro\",\"description\":\"Radio Visual\",\"potentialAction\":[{\"@type\":\"SearchAction\",\"target\":{\"@type\":\"EntryPoint\",\"urlTemplate\":\"https:\/\/lax.fm\/portal\/?s={search_term_string}\"},\"query-input\":\"required name=search_term_string\"}],\"inLanguage\":\"en-US\"},{\"@type\":\"ImageObject\",\"@id\":\"https:\/\/lax.fm\/portal\/comunicados\/dia-nacional-de-comer-en-casa-y-en-familia\/#primaryimage\",\"inLanguage\":\"en-US\",\"url\":\"https:\/\/lax.fm\/portal\/wp-content\/uploads\/2023\/09\/dia-de-comer-en-casa-goya.jpg\",\"contentUrl\":\"https:\/\/lax.fm\/portal\/wp-content\/uploads\/2023\/09\/dia-de-comer-en-casa-goya.jpg\",\"width\":1000,\"height\":500,\"caption\":\"D\u00eda Nacional de Comer en Casa y en Familia\"},{\"@type\":\"WebPage\",\"@id\":\"https:\/\/lax.fm\/portal\/comunicados\/dia-nacional-de-comer-en-casa-y-en-familia\/#webpage\",\"url\":\"https:\/\/lax.fm\/portal\/comunicados\/dia-nacional-de-comer-en-casa-y-en-familia\/\",\"name\":\"D\u00eda Nacional de Comer en Casa y en Familia - La-X - Gente con la m\u00fasica por dentro\",\"isPartOf\":{\"@id\":\"https:\/\/lax.fm\/portal\/#website\"},\"primaryImageOfPage\":{\"@id\":\"https:\/\/lax.fm\/portal\/comunicados\/dia-nacional-de-comer-en-casa-y-en-familia\/#primaryimage\"},\"datePublished\":\"2023-09-14T22:29:20+00:00\",\"dateModified\":\"2023-09-14T22:29:33+00:00\",\"author\":{\"@id\":\"https:\/\/lax.fm\/portal\/#\/schema\/person\/dffa89146b1fa98303668501e8ae48b8\"},\"breadcrumb\":{\"@id\":\"https:\/\/lax.fm\/portal\/comunicados\/dia-nacional-de-comer-en-casa-y-en-familia\/#breadcrumb\"},\"inLanguage\":\"en-US\",\"potentialAction\":[{\"@type\":\"ReadAction\",\"target\":[\"https:\/\/lax.fm\/portal\/comunicados\/dia-nacional-de-comer-en-casa-y-en-familia\/\"]}]},{\"@type\":\"BreadcrumbList\",\"@id\":\"https:\/\/lax.fm\/portal\/comunicados\/dia-nacional-de-comer-en-casa-y-en-familia\/#breadcrumb\",\"itemListElement\":[{\"@type\":\"ListItem\",\"position\":1,\"name\":\"Home\",\"item\":\"https:\/\/lax.fm\/portal\/\"},{\"@type\":\"ListItem\",\"position\":2,\"name\":\"D\u00eda Nacional de Comer en Casa y en Familia\"}]},{\"@type\":\"Person\",\"@id\":\"https:\/\/lax.fm\/portal\/#\/schema\/person\/dffa89146b1fa98303668501e8ae48b8\",\"name\":\"La X\",\"image\":{\"@type\":\"ImageObject\",\"@id\":\"https:\/\/lax.fm\/portal\/#personlogo\",\"inLanguage\":\"en-US\",\"url\":\"https:\/\/secure.gravatar.com\/avatar\/bd4bc52f18ab67b6950c7667e82f4b83?s=96&d=mm&r=g\",\"contentUrl\":\"https:\/\/secure.gravatar.com\/avatar\/bd4bc52f18ab67b6950c7667e82f4b83?s=96&d=mm&r=g\",\"caption\":\"La X\"},\"sameAs\":[\"http:\/\/www.lax.fm\",\"http:\/\/www.facebook.com\/laxpr\",\"https:\/\/twitter.com\/http:\/\/www.twitter.com\/laxpr\"],\"url\":\"https:\/\/lax.fm\/portal\/author\/la-x\/\"}]}<\/script>\n<!-- \/ Yoast SEO plugin. -->","yoast_head_json":{"robots":{"index":"index","follow":"follow","max-snippet":"max-snippet:-1","max-image-preview":"max-image-preview:large","max-video-preview":"max-video-preview:-1"},"canonical":"https:\/\/lax.fm\/portal\/comunicados\/dia-nacional-de-comer-en-casa-y-en-familia\/","og_locale":"en_US","og_type":"article","og_title":"D\u00eda Nacional de Comer en Casa y en Familia - La-X - Gente con la m\u00fasica por dentro","og_description":"Goya de Puerto Rico, Inc. Invita a todas las familias a que se unan a la celebraci\u00f3n del D\u00eda Nacional de Comer en Casa y en Familia.\u00a0 La fecha es \u00a0el 25 de septiembre de 2023, el cuarto lunes de septiembre.\u00a0 Ya son 12 a\u00f1os que se conmemora el Comer en Casa y en Familia [...]","og_url":"https:\/\/lax.fm\/portal\/comunicados\/dia-nacional-de-comer-en-casa-y-en-familia\/","og_site_name":"La-X - Gente con la m\u00fasica por dentro","article_publisher":"http:\/\/www.facebook.com\/laxpr","article_author":"http:\/\/www.facebook.com\/laxpr","article_published_time":"2023-09-14T22:29:20+00:00","article_modified_time":"2023-09-14T22:29:33+00:00","og_image":[{"width":1000,"height":500,"url":"http:\/\/lax.fm\/portal\/wp-content\/uploads\/2023\/09\/dia-de-comer-en-casa-goya.jpg","type":"image\/jpeg"}],"twitter_card":"summary","twitter_creator":"@http:\/\/www.twitter.com\/laxpr","twitter_site":"@laxpr","twitter_misc":{"Written by":"La X","Est. reading time":"3 minutes"},"schema":{"@context":"https:\/\/schema.org","@graph":[{"@type":"WebSite","@id":"https:\/\/lax.fm\/portal\/#website","url":"https:\/\/lax.fm\/portal\/","name":"La-X - Gente con la m\u00fasica por dentro","description":"Radio Visual","potentialAction":[{"@type":"SearchAction","target":{"@type":"EntryPoint","urlTemplate":"https:\/\/lax.fm\/portal\/?s={search_term_string}"},"query-input":"required name=search_term_string"}],"inLanguage":"en-US"},{"@type":"ImageObject","@id":"https:\/\/lax.fm\/portal\/comunicados\/dia-nacional-de-comer-en-casa-y-en-familia\/#primaryimage","inLanguage":"en-US","url":"https:\/\/lax.fm\/portal\/wp-content\/uploads\/2023\/09\/dia-de-comer-en-casa-goya.jpg","contentUrl":"https:\/\/lax.fm\/portal\/wp-content\/uploads\/2023\/09\/dia-de-comer-en-casa-goya.jpg","width":1000,"height":500,"caption":"D\u00eda Nacional de Comer en Casa y en Familia"},{"@type":"WebPage","@id":"https:\/\/lax.fm\/portal\/comunicados\/dia-nacional-de-comer-en-casa-y-en-familia\/#webpage","url":"https:\/\/lax.fm\/portal\/comunicados\/dia-nacional-de-comer-en-casa-y-en-familia\/","name":"D\u00eda Nacional de Comer en Casa y en Familia - La-X - Gente con la m\u00fasica por dentro","isPartOf":{"@id":"https:\/\/lax.fm\/portal\/#website"},"primaryImageOfPage":{"@id":"https:\/\/lax.fm\/portal\/comunicados\/dia-nacional-de-comer-en-casa-y-en-familia\/#primaryimage"},"datePublished":"2023-09-14T22:29:20+00:00","dateModified":"2023-09-14T22:29:33+00:00","author":{"@id":"https:\/\/lax.fm\/portal\/#\/schema\/person\/dffa89146b1fa98303668501e8ae48b8"},"breadcrumb":{"@id":"https:\/\/lax.fm\/portal\/comunicados\/dia-nacional-de-comer-en-casa-y-en-familia\/#breadcrumb"},"inLanguage":"en-US","potentialAction":[{"@type":"ReadAction","target":["https:\/\/lax.fm\/portal\/comunicados\/dia-nacional-de-comer-en-casa-y-en-familia\/"]}]},{"@type":"BreadcrumbList","@id":"https:\/\/lax.fm\/portal\/comunicados\/dia-nacional-de-comer-en-casa-y-en-familia\/#breadcrumb","itemListElement":[{"@type":"ListItem","position":1,"name":"Home","item":"https:\/\/lax.fm\/portal\/"},{"@type":"ListItem","position":2,"name":"D\u00eda Nacional de Comer en Casa y en Familia"}]},{"@type":"Person","@id":"https:\/\/lax.fm\/portal\/#\/schema\/person\/dffa89146b1fa98303668501e8ae48b8","name":"La X","image":{"@type":"ImageObject","@id":"https:\/\/lax.fm\/portal\/#personlogo","inLanguage":"en-US","url":"https:\/\/secure.gravatar.com\/avatar\/bd4bc52f18ab67b6950c7667e82f4b83?s=96&d=mm&r=g","contentUrl":"https:\/\/secure.gravatar.com\/avatar\/bd4bc52f18ab67b6950c7667e82f4b83?s=96&d=mm&r=g","caption":"La X"},"sameAs":["http:\/\/www.lax.fm","http:\/\/www.facebook.com\/laxpr","https:\/\/twitter.com\/http:\/\/www.twitter.com\/laxpr"],"url":"https:\/\/lax.fm\/portal\/author\/la-x\/"}]}},"_links":{"self":[{"href":"https:\/\/lax.fm\/portal\/wp-json\/wp\/v2\/posts\/5811"}],"collection":[{"href":"https:\/\/lax.fm\/portal\/wp-json\/wp\/v2\/posts"}],"about":[{"href":"https:\/\/lax.fm\/portal\/wp-json\/wp\/v2\/types\/post"}],"author":[{"embeddable":true,"href":"https:\/\/lax.fm\/portal\/wp-json\/wp\/v2\/users\/56"}],"replies":[{"embeddable":true,"href":"https:\/\/lax.fm\/portal\/wp-json\/wp\/v2\/comments?post=5811"}],"version-history":[{"count":1,"href":"https:\/\/lax.fm\/portal\/wp-json\/wp\/v2\/posts\/5811\/revisions"}],"predecessor-version":[{"id":5813,"href":"https:\/\/lax.fm\/portal\/wp-json\/wp\/v2\/posts\/5811\/revisions\/5813"}],"wp:featuredmedia":[{"embeddable":true,"href":"https:\/\/lax.fm\/portal\/wp-json\/wp\/v2\/media\/5812"}],"wp:attachment":[{"href":"https:\/\/lax.fm\/portal\/wp-json\/wp\/v2\/media?parent=5811"}],"wp:term":[{"taxonomy":"category","embeddable":true,"href":"https:\/\/lax.fm\/portal\/wp-json\/wp\/v2\/categories?post=5811"},{"taxonomy":"post_tag","embeddable":true,"href":"https:\/\/lax.fm\/portal\/wp-json\/wp\/v2\/tags?post=5811"}],"curies":[{"name":"wp","href":"https:\/\/api.w.org\/{rel}","templated":true}]}}