{"id":5409,"date":"2022-11-21T19:26:16","date_gmt":"2022-11-21T23:26:16","guid":{"rendered":"https:\/\/lax.fm\/portal\/?p=5409"},"modified":"2022-11-21T19:27:01","modified_gmt":"2022-11-21T23:27:01","slug":"coquito-de-almendras","status":"publish","type":"post","link":"https:\/\/lax.fm\/portal\/recetas\/coquito-de-almendras\/","title":{"rendered":"Coquito de almendras"},"content":{"rendered":"\n<p>Para esta \u00e9poca festiva, qu\u00e9 mejor que disfrutar un sabroso <strong>Coquito de almendras<\/strong>.<\/p>\n\n\n\n<p><strong>INGREDIENTES<\/strong><br>1 lata de Leche de coco<br>1 lata de Crema de coco<br>1 lata de Leche evaporada<br>1 lata de Leche condensada<br>1 taza de Almendras<br>2 cucharaditas de extracto de almendras<br>1 cucharadita de Canela molida<br>1\/2 tz. Ron<br>1\/4 tz. Fr\u00e1ngelico<\/p>\n\n\n\n<p><strong>PREPARACI\u00d3N<\/strong><br>En una licuadora coloque todos los ingredientes. Bata hasta que las almendras queden bien trituradas y todos los ingredientes est\u00e9n bien mezclados. Sirva en la botella de su predilecci\u00f3n. Reserve en nevera.<br>*Pueden hacer esta receta sin alcohol.<\/p>\n\n\n\n<p>\u00a1Salud!<br>Bendiciones<br>Chef Sol\u00f3rzano<\/p>\n\n\n\n<p>Recuerda si vas a beber, pasa la llave.<\/p>\n\n\n\n<figure class=\"wp-block-image size-thumbnail\"><img loading=\"lazy\" width=\"150\" height=\"150\" src=\"https:\/\/lax.fm\/portal\/wp-content\/uploads\/2022\/08\/Betis-web-150x150.jpg\" alt=\"\" class=\"wp-image-5206\" srcset=\"https:\/\/lax.fm\/portal\/wp-content\/uploads\/2022\/08\/Betis-web-150x150.jpg 150w, https:\/\/lax.fm\/portal\/wp-content\/uploads\/2022\/08\/Betis-web-140x140.jpg 140w, https:\/\/lax.fm\/portal\/wp-content\/uploads\/2022\/08\/Betis-web-51x51.jpg 51w\" sizes=\"(max-width: 150px) 100vw, 150px\" \/><\/figure>\n","protected":false},"excerpt":{"rendered":"<p>Para esta \u00e9poca festiva, qu\u00e9 mejor que disfrutar un sabroso Coquito de almendras.<\/p>\n<p>INGREDIENTES1 lata de Leche de coco1 lata de Crema de coco1 lata de Leche evaporada1 lata de Leche condensada1 taza de Almendras2 cucharaditas de extracto de almendras1 cucharadita de Canela molida1\/2 tz. Ron1\/4 tz. Fr\u00e1ngelico<\/p>\n<p>PREPARACI\u00d3NEn una licuadora coloque todos los ingredientes. Bata hasta [&#8230;]<\/p>\n","protected":false},"author":56,"featured_media":5412,"comment_status":"open","ping_status":"open","sticky":false,"template":"","format":"standard","meta":{"_monsterinsights_skip_tracking":false,"_monsterinsights_sitenote_active":false,"_monsterinsights_sitenote_note":"","_monsterinsights_sitenote_category":0},"categories":[213],"tags":[820,990,993,925,932],"yoast_head":"<!-- This site is optimized with the Yoast SEO plugin v18.2 - https:\/\/yoast.com\/wordpress\/plugins\/seo\/ -->\n<meta name=\"robots\" content=\"index, follow, max-snippet:-1, max-image-preview:large, max-video-preview:-1\" \/>\n<link rel=\"canonical\" href=\"https:\/\/lax.fm\/portal\/recetas\/coquito-de-almendras\/\" \/>\n<meta property=\"og:locale\" content=\"en_US\" \/>\n<meta property=\"og:type\" content=\"article\" \/>\n<meta property=\"og:title\" content=\"Coquito de almendras - La-X - Gente con la m\u00fasica por dentro\" \/>\n<meta property=\"og:description\" content=\"Para esta \u00e9poca festiva, qu\u00e9 mejor que disfrutar un sabroso Coquito de almendras.  INGREDIENTES1 lata de Leche de coco1 lata de Crema de coco1 lata de Leche evaporada1 lata de Leche condensada1 taza de Almendras2 cucharaditas de extracto de almendras1 cucharadita de Canela molida1\/2 tz. Ron1\/4 tz. Fr\u00e1ngelico  PREPARACI\u00d3NEn una licuadora coloque todos los ingredientes. Bata hasta [...]\" \/>\n<meta property=\"og:url\" content=\"https:\/\/lax.fm\/portal\/recetas\/coquito-de-almendras\/\" \/>\n<meta property=\"og:site_name\" content=\"La-X - Gente con la m\u00fasica por dentro\" \/>\n<meta property=\"article:publisher\" content=\"http:\/\/www.facebook.com\/laxpr\" \/>\n<meta property=\"article:author\" content=\"http:\/\/www.facebook.com\/laxpr\" \/>\n<meta property=\"article:published_time\" content=\"2022-11-21T23:26:16+00:00\" \/>\n<meta property=\"article:modified_time\" content=\"2022-11-21T23:27:01+00:00\" \/>\n<meta property=\"og:image\" content=\"http:\/\/lax.fm\/portal\/wp-content\/uploads\/2022\/11\/coquito-de-almendras.jpg\" \/>\n\t<meta property=\"og:image:width\" content=\"1000\" \/>\n\t<meta property=\"og:image:height\" content=\"500\" \/>\n\t<meta property=\"og:image:type\" content=\"image\/jpeg\" \/>\n<meta name=\"twitter:card\" content=\"summary\" \/>\n<meta name=\"twitter:creator\" content=\"@http:\/\/www.twitter.com\/laxpr\" \/>\n<meta name=\"twitter:site\" content=\"@laxpr\" \/>\n<meta name=\"twitter:label1\" content=\"Written by\" \/>\n\t<meta name=\"twitter:data1\" content=\"La X\" \/>\n\t<meta name=\"twitter:label2\" content=\"Est. reading time\" \/>\n\t<meta name=\"twitter:data2\" content=\"1 minute\" \/>\n<script type=\"application\/ld+json\" class=\"yoast-schema-graph\">{\"@context\":\"https:\/\/schema.org\",\"@graph\":[{\"@type\":\"WebSite\",\"@id\":\"https:\/\/lax.fm\/portal\/#website\",\"url\":\"https:\/\/lax.fm\/portal\/\",\"name\":\"La-X - Gente con la m\u00fasica por dentro\",\"description\":\"Radio Visual\",\"potentialAction\":[{\"@type\":\"SearchAction\",\"target\":{\"@type\":\"EntryPoint\",\"urlTemplate\":\"https:\/\/lax.fm\/portal\/?s={search_term_string}\"},\"query-input\":\"required name=search_term_string\"}],\"inLanguage\":\"en-US\"},{\"@type\":\"ImageObject\",\"@id\":\"https:\/\/lax.fm\/portal\/recetas\/coquito-de-almendras\/#primaryimage\",\"inLanguage\":\"en-US\",\"url\":\"https:\/\/lax.fm\/portal\/wp-content\/uploads\/2022\/11\/coquito-de-almendras.jpg\",\"contentUrl\":\"https:\/\/lax.fm\/portal\/wp-content\/uploads\/2022\/11\/coquito-de-almendras.jpg\",\"width\":1000,\"height\":500,\"caption\":\"Coquito de almendras\"},{\"@type\":\"WebPage\",\"@id\":\"https:\/\/lax.fm\/portal\/recetas\/coquito-de-almendras\/#webpage\",\"url\":\"https:\/\/lax.fm\/portal\/recetas\/coquito-de-almendras\/\",\"name\":\"Coquito de almendras - La-X - Gente con la m\u00fasica por dentro\",\"isPartOf\":{\"@id\":\"https:\/\/lax.fm\/portal\/#website\"},\"primaryImageOfPage\":{\"@id\":\"https:\/\/lax.fm\/portal\/recetas\/coquito-de-almendras\/#primaryimage\"},\"datePublished\":\"2022-11-21T23:26:16+00:00\",\"dateModified\":\"2022-11-21T23:27:01+00:00\",\"author\":{\"@id\":\"https:\/\/lax.fm\/portal\/#\/schema\/person\/dffa89146b1fa98303668501e8ae48b8\"},\"breadcrumb\":{\"@id\":\"https:\/\/lax.fm\/portal\/recetas\/coquito-de-almendras\/#breadcrumb\"},\"inLanguage\":\"en-US\",\"potentialAction\":[{\"@type\":\"ReadAction\",\"target\":[\"https:\/\/lax.fm\/portal\/recetas\/coquito-de-almendras\/\"]}]},{\"@type\":\"BreadcrumbList\",\"@id\":\"https:\/\/lax.fm\/portal\/recetas\/coquito-de-almendras\/#breadcrumb\",\"itemListElement\":[{\"@type\":\"ListItem\",\"position\":1,\"name\":\"Home\",\"item\":\"https:\/\/lax.fm\/portal\/\"},{\"@type\":\"ListItem\",\"position\":2,\"name\":\"Coquito de almendras\"}]},{\"@type\":\"Person\",\"@id\":\"https:\/\/lax.fm\/portal\/#\/schema\/person\/dffa89146b1fa98303668501e8ae48b8\",\"name\":\"La X\",\"image\":{\"@type\":\"ImageObject\",\"@id\":\"https:\/\/lax.fm\/portal\/#personlogo\",\"inLanguage\":\"en-US\",\"url\":\"https:\/\/secure.gravatar.com\/avatar\/bd4bc52f18ab67b6950c7667e82f4b83?s=96&d=mm&r=g\",\"contentUrl\":\"https:\/\/secure.gravatar.com\/avatar\/bd4bc52f18ab67b6950c7667e82f4b83?s=96&d=mm&r=g\",\"caption\":\"La X\"},\"sameAs\":[\"http:\/\/www.lax.fm\",\"http:\/\/www.facebook.com\/laxpr\",\"https:\/\/twitter.com\/http:\/\/www.twitter.com\/laxpr\"],\"url\":\"https:\/\/lax.fm\/portal\/author\/la-x\/\"}]}<\/script>\n<!-- \/ Yoast SEO plugin. -->","yoast_head_json":{"robots":{"index":"index","follow":"follow","max-snippet":"max-snippet:-1","max-image-preview":"max-image-preview:large","max-video-preview":"max-video-preview:-1"},"canonical":"https:\/\/lax.fm\/portal\/recetas\/coquito-de-almendras\/","og_locale":"en_US","og_type":"article","og_title":"Coquito de almendras - La-X - Gente con la m\u00fasica por dentro","og_description":"Para esta \u00e9poca festiva, qu\u00e9 mejor que disfrutar un sabroso Coquito de almendras.  INGREDIENTES1 lata de Leche de coco1 lata de Crema de coco1 lata de Leche evaporada1 lata de Leche condensada1 taza de Almendras2 cucharaditas de extracto de almendras1 cucharadita de Canela molida1\/2 tz. Ron1\/4 tz. Fr\u00e1ngelico  PREPARACI\u00d3NEn una licuadora coloque todos los ingredientes. Bata hasta [...]","og_url":"https:\/\/lax.fm\/portal\/recetas\/coquito-de-almendras\/","og_site_name":"La-X - Gente con la m\u00fasica por dentro","article_publisher":"http:\/\/www.facebook.com\/laxpr","article_author":"http:\/\/www.facebook.com\/laxpr","article_published_time":"2022-11-21T23:26:16+00:00","article_modified_time":"2022-11-21T23:27:01+00:00","og_image":[{"width":1000,"height":500,"url":"http:\/\/lax.fm\/portal\/wp-content\/uploads\/2022\/11\/coquito-de-almendras.jpg","type":"image\/jpeg"}],"twitter_card":"summary","twitter_creator":"@http:\/\/www.twitter.com\/laxpr","twitter_site":"@laxpr","twitter_misc":{"Written by":"La X","Est. reading time":"1 minute"},"schema":{"@context":"https:\/\/schema.org","@graph":[{"@type":"WebSite","@id":"https:\/\/lax.fm\/portal\/#website","url":"https:\/\/lax.fm\/portal\/","name":"La-X - Gente con la m\u00fasica por dentro","description":"Radio Visual","potentialAction":[{"@type":"SearchAction","target":{"@type":"EntryPoint","urlTemplate":"https:\/\/lax.fm\/portal\/?s={search_term_string}"},"query-input":"required name=search_term_string"}],"inLanguage":"en-US"},{"@type":"ImageObject","@id":"https:\/\/lax.fm\/portal\/recetas\/coquito-de-almendras\/#primaryimage","inLanguage":"en-US","url":"https:\/\/lax.fm\/portal\/wp-content\/uploads\/2022\/11\/coquito-de-almendras.jpg","contentUrl":"https:\/\/lax.fm\/portal\/wp-content\/uploads\/2022\/11\/coquito-de-almendras.jpg","width":1000,"height":500,"caption":"Coquito de almendras"},{"@type":"WebPage","@id":"https:\/\/lax.fm\/portal\/recetas\/coquito-de-almendras\/#webpage","url":"https:\/\/lax.fm\/portal\/recetas\/coquito-de-almendras\/","name":"Coquito de almendras - La-X - Gente con la m\u00fasica por dentro","isPartOf":{"@id":"https:\/\/lax.fm\/portal\/#website"},"primaryImageOfPage":{"@id":"https:\/\/lax.fm\/portal\/recetas\/coquito-de-almendras\/#primaryimage"},"datePublished":"2022-11-21T23:26:16+00:00","dateModified":"2022-11-21T23:27:01+00:00","author":{"@id":"https:\/\/lax.fm\/portal\/#\/schema\/person\/dffa89146b1fa98303668501e8ae48b8"},"breadcrumb":{"@id":"https:\/\/lax.fm\/portal\/recetas\/coquito-de-almendras\/#breadcrumb"},"inLanguage":"en-US","potentialAction":[{"@type":"ReadAction","target":["https:\/\/lax.fm\/portal\/recetas\/coquito-de-almendras\/"]}]},{"@type":"BreadcrumbList","@id":"https:\/\/lax.fm\/portal\/recetas\/coquito-de-almendras\/#breadcrumb","itemListElement":[{"@type":"ListItem","position":1,"name":"Home","item":"https:\/\/lax.fm\/portal\/"},{"@type":"ListItem","position":2,"name":"Coquito de almendras"}]},{"@type":"Person","@id":"https:\/\/lax.fm\/portal\/#\/schema\/person\/dffa89146b1fa98303668501e8ae48b8","name":"La X","image":{"@type":"ImageObject","@id":"https:\/\/lax.fm\/portal\/#personlogo","inLanguage":"en-US","url":"https:\/\/secure.gravatar.com\/avatar\/bd4bc52f18ab67b6950c7667e82f4b83?s=96&d=mm&r=g","contentUrl":"https:\/\/secure.gravatar.com\/avatar\/bd4bc52f18ab67b6950c7667e82f4b83?s=96&d=mm&r=g","caption":"La X"},"sameAs":["http:\/\/www.lax.fm","http:\/\/www.facebook.com\/laxpr","https:\/\/twitter.com\/http:\/\/www.twitter.com\/laxpr"],"url":"https:\/\/lax.fm\/portal\/author\/la-x\/"}]}},"_links":{"self":[{"href":"https:\/\/lax.fm\/portal\/wp-json\/wp\/v2\/posts\/5409"}],"collection":[{"href":"https:\/\/lax.fm\/portal\/wp-json\/wp\/v2\/posts"}],"about":[{"href":"https:\/\/lax.fm\/portal\/wp-json\/wp\/v2\/types\/post"}],"author":[{"embeddable":true,"href":"https:\/\/lax.fm\/portal\/wp-json\/wp\/v2\/users\/56"}],"replies":[{"embeddable":true,"href":"https:\/\/lax.fm\/portal\/wp-json\/wp\/v2\/comments?post=5409"}],"version-history":[{"count":2,"href":"https:\/\/lax.fm\/portal\/wp-json\/wp\/v2\/posts\/5409\/revisions"}],"predecessor-version":[{"id":5411,"href":"https:\/\/lax.fm\/portal\/wp-json\/wp\/v2\/posts\/5409\/revisions\/5411"}],"wp:featuredmedia":[{"embeddable":true,"href":"https:\/\/lax.fm\/portal\/wp-json\/wp\/v2\/media\/5412"}],"wp:attachment":[{"href":"https:\/\/lax.fm\/portal\/wp-json\/wp\/v2\/media?parent=5409"}],"wp:term":[{"taxonomy":"category","embeddable":true,"href":"https:\/\/lax.fm\/portal\/wp-json\/wp\/v2\/categories?post=5409"},{"taxonomy":"post_tag","embeddable":true,"href":"https:\/\/lax.fm\/portal\/wp-json\/wp\/v2\/tags?post=5409"}],"curies":[{"name":"wp","href":"https:\/\/api.w.org\/{rel}","templated":true}]}}