{"id":4181,"date":"2020-08-24T10:46:44","date_gmt":"2020-08-24T14:46:44","guid":{"rendered":"http:\/\/lax.fm\/portal\/?p=4181"},"modified":"2020-08-24T10:46:44","modified_gmt":"2020-08-24T14:46:44","slug":"shamar-llega-a-la-x-con-shamar-radio","status":"publish","type":"post","link":"https:\/\/lax.fm\/portal\/comunicados\/shamar-llega-a-la-x-con-shamar-radio\/","title":{"rendered":"Shamar llega a La X con Shamar Radio"},"content":{"rendered":"<p>La aplicaci\u00f3n digital m\u00f3vil Shamar se uni\u00f3 a La X Radio Visual, con el fin de brindarle un espacio a los artistas emergentes para presentar sus propuestas a trav\u00e9s del segmento <a href=\"http:\/\/lax.fm\/portal\/programas\/estudio-x\/\" target=\"_blank\" rel=\"noopener\">Shamar Radio en Estudio X<\/a>. A trav\u00e9s del junte, los artistas en crecimiento tendr\u00e1n la oportunidad de interactuar con la comunidad de radioescuchas y cibernautas que buscan escuchar lo mejor de la m\u00fasica.<\/p>\n<p>Para el CEO de Shamar, Angelo D\u00edaz, el apoyo que se le brinda a un artista durante las primeras etapas de su carrera es vital y es por ello que cre\u00f3 la aplicaci\u00f3n digital Shamar. \u201cLa diferencia entre un artista sin talento pero con \u00e9xito, de una persona talentosa pero sin \u00e9xito, radica en sus recursos y oportunidades\u201d, puntualiz\u00f3.<\/p>\n<p>D\u00edaz indic\u00f3 que la alianza es otra forma de amplificar la exposici\u00f3n que tienen los artistas a trav\u00e9s de la aplicaci\u00f3n Shamar, compartiendo en espacios que forman parte integral de su proceso de desarrollo.<\/p>\n<p>\u201cEstas oportunidades de exposici\u00f3n en la aplicaci\u00f3n Shamar y en el segmento Shamar Radio hacen que los artistas tengan un mayor alcance y puedan crecer su base de fan\u00e1ticos y seguidores\u201d, a\u00f1adi\u00f3 D\u00edaz.<\/p>\n<p>La aplicaci\u00f3n digital Shamar es una plataforma hecha en Puerto Rico para que toda aquella persona talentosa demuestre sus destrezas a trav\u00e9s de la grabaci\u00f3n o publicaci\u00f3n de un video de hasta un minuto de duraci\u00f3n-, el cual podr\u00e1 compartir para que los fan\u00e1ticos voten por el mejor talento y este se convierta en la nueva estrella de Shamar.<\/p>\n<p>Aquellos que les guste cantar (tiene diferentes g\u00e9neros musicales), bailar, modelar, tocar un instrumento, entre otros, podr\u00e1n acceder de manera gratuita la aplicaci\u00f3n que se encuentra disponible para los usuarios de los sistemas operativos Android y iOS (Apple).<\/p>\n<p>\u201cVivimos en una era donde predominan los adelantos tecnol\u00f3gicos y las redes sociales, por ello quisimos insertarnos en ese ecosistema y compartir con el mundo lo que muchos tienen que ofrecer. Lo bueno de la aplicaci\u00f3n es que no tienes que buscar en diferentes redes para encontrar personas talentosas, sino que aqu\u00ed lo tienes todo en un solo lugar\u201d, destac\u00f3 D\u00edaz.<\/p>\n<p>Para m\u00e1s informaci\u00f3n pueden acceder a <a href=\"https:\/\/www.shamarawards.com\/\" target=\"_blank\" rel=\"noopener\">www.shamarawards.com<\/a> o pueden visitar la p\u00e1gina de <a href=\"https:\/\/www.facebook.com\/shamarawards\/\" target=\"_blank\" rel=\"noopener\">Facebook @shamarawards<\/a>.<\/p>\n","protected":false},"excerpt":{"rendered":"<p>La aplicaci\u00f3n digital m\u00f3vil Shamar se uni\u00f3 a La X Radio Visual, con el fin de brindarle un espacio a los artistas emergentes para presentar sus propuestas a trav\u00e9s del segmento Shamar Radio en Estudio X. A trav\u00e9s del junte, los artistas en crecimiento tendr\u00e1n la oportunidad de interactuar con la comunidad de radioescuchas y [&#8230;]<\/p>\n","protected":false},"author":56,"featured_media":4182,"comment_status":"open","ping_status":"open","sticky":false,"template":"","format":"standard","meta":{"_monsterinsights_skip_tracking":false,"_monsterinsights_sitenote_active":false,"_monsterinsights_sitenote_note":"","_monsterinsights_sitenote_category":0},"categories":[481],"tags":[75,731,732,730],"yoast_head":"<!-- This site is optimized with the Yoast SEO plugin v18.2 - https:\/\/yoast.com\/wordpress\/plugins\/seo\/ -->\n<meta name=\"robots\" content=\"index, follow, max-snippet:-1, max-image-preview:large, max-video-preview:-1\" \/>\n<link rel=\"canonical\" href=\"https:\/\/lax.fm\/portal\/comunicados\/shamar-llega-a-la-x-con-shamar-radio\/\" \/>\n<meta property=\"og:locale\" content=\"en_US\" \/>\n<meta property=\"og:type\" content=\"article\" \/>\n<meta property=\"og:title\" content=\"Shamar llega a La X con Shamar Radio - La-X - Gente con la m\u00fasica por dentro\" \/>\n<meta property=\"og:description\" content=\"La aplicaci\u00f3n digital m\u00f3vil Shamar se uni\u00f3 a La X Radio Visual, con el fin de brindarle un espacio a los artistas emergentes para presentar sus propuestas a trav\u00e9s del segmento Shamar Radio en Estudio X. A trav\u00e9s del junte, los artistas en crecimiento tendr\u00e1n la oportunidad de interactuar con la comunidad de radioescuchas y [...]\" \/>\n<meta property=\"og:url\" content=\"https:\/\/lax.fm\/portal\/comunicados\/shamar-llega-a-la-x-con-shamar-radio\/\" \/>\n<meta property=\"og:site_name\" content=\"La-X - Gente con la m\u00fasica por dentro\" \/>\n<meta property=\"article:publisher\" content=\"http:\/\/www.facebook.com\/laxpr\" \/>\n<meta property=\"article:author\" content=\"http:\/\/www.facebook.com\/laxpr\" \/>\n<meta property=\"article:published_time\" content=\"2020-08-24T14:46:44+00:00\" \/>\n<meta property=\"og:image\" content=\"https:\/\/lax.fm\/portal\/wp-content\/uploads\/2020\/08\/shamar-web-featured.jpg\" \/>\n\t<meta property=\"og:image:width\" content=\"1000\" \/>\n\t<meta property=\"og:image:height\" content=\"500\" \/>\n\t<meta property=\"og:image:type\" content=\"image\/jpeg\" \/>\n<meta name=\"twitter:card\" content=\"summary\" \/>\n<meta name=\"twitter:creator\" content=\"@http:\/\/www.twitter.com\/laxpr\" \/>\n<meta name=\"twitter:site\" content=\"@laxpr\" \/>\n<meta name=\"twitter:label1\" content=\"Written by\" \/>\n\t<meta name=\"twitter:data1\" content=\"La X\" \/>\n\t<meta name=\"twitter:label2\" content=\"Est. reading time\" \/>\n\t<meta name=\"twitter:data2\" content=\"2 minutes\" \/>\n<script type=\"application\/ld+json\" class=\"yoast-schema-graph\">{\"@context\":\"https:\/\/schema.org\",\"@graph\":[{\"@type\":\"WebSite\",\"@id\":\"https:\/\/lax.fm\/portal\/#website\",\"url\":\"https:\/\/lax.fm\/portal\/\",\"name\":\"La-X - Gente con la m\u00fasica por dentro\",\"description\":\"Radio Visual\",\"potentialAction\":[{\"@type\":\"SearchAction\",\"target\":{\"@type\":\"EntryPoint\",\"urlTemplate\":\"https:\/\/lax.fm\/portal\/?s={search_term_string}\"},\"query-input\":\"required name=search_term_string\"}],\"inLanguage\":\"en-US\"},{\"@type\":\"ImageObject\",\"@id\":\"https:\/\/lax.fm\/portal\/comunicados\/shamar-llega-a-la-x-con-shamar-radio\/#primaryimage\",\"inLanguage\":\"en-US\",\"url\":\"https:\/\/lax.fm\/portal\/wp-content\/uploads\/2020\/08\/shamar-web-featured.jpg\",\"contentUrl\":\"https:\/\/lax.fm\/portal\/wp-content\/uploads\/2020\/08\/shamar-web-featured.jpg\",\"width\":1000,\"height\":500,\"caption\":\"shamar star\"},{\"@type\":\"WebPage\",\"@id\":\"https:\/\/lax.fm\/portal\/comunicados\/shamar-llega-a-la-x-con-shamar-radio\/#webpage\",\"url\":\"https:\/\/lax.fm\/portal\/comunicados\/shamar-llega-a-la-x-con-shamar-radio\/\",\"name\":\"Shamar llega a La X con Shamar Radio - La-X - Gente con la m\u00fasica por dentro\",\"isPartOf\":{\"@id\":\"https:\/\/lax.fm\/portal\/#website\"},\"primaryImageOfPage\":{\"@id\":\"https:\/\/lax.fm\/portal\/comunicados\/shamar-llega-a-la-x-con-shamar-radio\/#primaryimage\"},\"datePublished\":\"2020-08-24T14:46:44+00:00\",\"dateModified\":\"2020-08-24T14:46:44+00:00\",\"author\":{\"@id\":\"https:\/\/lax.fm\/portal\/#\/schema\/person\/dffa89146b1fa98303668501e8ae48b8\"},\"breadcrumb\":{\"@id\":\"https:\/\/lax.fm\/portal\/comunicados\/shamar-llega-a-la-x-con-shamar-radio\/#breadcrumb\"},\"inLanguage\":\"en-US\",\"potentialAction\":[{\"@type\":\"ReadAction\",\"target\":[\"https:\/\/lax.fm\/portal\/comunicados\/shamar-llega-a-la-x-con-shamar-radio\/\"]}]},{\"@type\":\"BreadcrumbList\",\"@id\":\"https:\/\/lax.fm\/portal\/comunicados\/shamar-llega-a-la-x-con-shamar-radio\/#breadcrumb\",\"itemListElement\":[{\"@type\":\"ListItem\",\"position\":1,\"name\":\"Home\",\"item\":\"https:\/\/lax.fm\/portal\/\"},{\"@type\":\"ListItem\",\"position\":2,\"name\":\"Shamar llega a La X con Shamar Radio\"}]},{\"@type\":\"Person\",\"@id\":\"https:\/\/lax.fm\/portal\/#\/schema\/person\/dffa89146b1fa98303668501e8ae48b8\",\"name\":\"La X\",\"image\":{\"@type\":\"ImageObject\",\"@id\":\"https:\/\/lax.fm\/portal\/#personlogo\",\"inLanguage\":\"en-US\",\"url\":\"https:\/\/secure.gravatar.com\/avatar\/bd4bc52f18ab67b6950c7667e82f4b83?s=96&d=mm&r=g\",\"contentUrl\":\"https:\/\/secure.gravatar.com\/avatar\/bd4bc52f18ab67b6950c7667e82f4b83?s=96&d=mm&r=g\",\"caption\":\"La X\"},\"sameAs\":[\"http:\/\/www.lax.fm\",\"http:\/\/www.facebook.com\/laxpr\",\"https:\/\/twitter.com\/http:\/\/www.twitter.com\/laxpr\"],\"url\":\"https:\/\/lax.fm\/portal\/author\/la-x\/\"}]}<\/script>\n<!-- \/ Yoast SEO plugin. -->","yoast_head_json":{"robots":{"index":"index","follow":"follow","max-snippet":"max-snippet:-1","max-image-preview":"max-image-preview:large","max-video-preview":"max-video-preview:-1"},"canonical":"https:\/\/lax.fm\/portal\/comunicados\/shamar-llega-a-la-x-con-shamar-radio\/","og_locale":"en_US","og_type":"article","og_title":"Shamar llega a La X con Shamar Radio - La-X - Gente con la m\u00fasica por dentro","og_description":"La aplicaci\u00f3n digital m\u00f3vil Shamar se uni\u00f3 a La X Radio Visual, con el fin de brindarle un espacio a los artistas emergentes para presentar sus propuestas a trav\u00e9s del segmento Shamar Radio en Estudio X. A trav\u00e9s del junte, los artistas en crecimiento tendr\u00e1n la oportunidad de interactuar con la comunidad de radioescuchas y [...]","og_url":"https:\/\/lax.fm\/portal\/comunicados\/shamar-llega-a-la-x-con-shamar-radio\/","og_site_name":"La-X - Gente con la m\u00fasica por dentro","article_publisher":"http:\/\/www.facebook.com\/laxpr","article_author":"http:\/\/www.facebook.com\/laxpr","article_published_time":"2020-08-24T14:46:44+00:00","og_image":[{"width":1000,"height":500,"url":"https:\/\/lax.fm\/portal\/wp-content\/uploads\/2020\/08\/shamar-web-featured.jpg","type":"image\/jpeg"}],"twitter_card":"summary","twitter_creator":"@http:\/\/www.twitter.com\/laxpr","twitter_site":"@laxpr","twitter_misc":{"Written by":"La X","Est. reading time":"2 minutes"},"schema":{"@context":"https:\/\/schema.org","@graph":[{"@type":"WebSite","@id":"https:\/\/lax.fm\/portal\/#website","url":"https:\/\/lax.fm\/portal\/","name":"La-X - Gente con la m\u00fasica por dentro","description":"Radio Visual","potentialAction":[{"@type":"SearchAction","target":{"@type":"EntryPoint","urlTemplate":"https:\/\/lax.fm\/portal\/?s={search_term_string}"},"query-input":"required name=search_term_string"}],"inLanguage":"en-US"},{"@type":"ImageObject","@id":"https:\/\/lax.fm\/portal\/comunicados\/shamar-llega-a-la-x-con-shamar-radio\/#primaryimage","inLanguage":"en-US","url":"https:\/\/lax.fm\/portal\/wp-content\/uploads\/2020\/08\/shamar-web-featured.jpg","contentUrl":"https:\/\/lax.fm\/portal\/wp-content\/uploads\/2020\/08\/shamar-web-featured.jpg","width":1000,"height":500,"caption":"shamar star"},{"@type":"WebPage","@id":"https:\/\/lax.fm\/portal\/comunicados\/shamar-llega-a-la-x-con-shamar-radio\/#webpage","url":"https:\/\/lax.fm\/portal\/comunicados\/shamar-llega-a-la-x-con-shamar-radio\/","name":"Shamar llega a La X con Shamar Radio - La-X - Gente con la m\u00fasica por dentro","isPartOf":{"@id":"https:\/\/lax.fm\/portal\/#website"},"primaryImageOfPage":{"@id":"https:\/\/lax.fm\/portal\/comunicados\/shamar-llega-a-la-x-con-shamar-radio\/#primaryimage"},"datePublished":"2020-08-24T14:46:44+00:00","dateModified":"2020-08-24T14:46:44+00:00","author":{"@id":"https:\/\/lax.fm\/portal\/#\/schema\/person\/dffa89146b1fa98303668501e8ae48b8"},"breadcrumb":{"@id":"https:\/\/lax.fm\/portal\/comunicados\/shamar-llega-a-la-x-con-shamar-radio\/#breadcrumb"},"inLanguage":"en-US","potentialAction":[{"@type":"ReadAction","target":["https:\/\/lax.fm\/portal\/comunicados\/shamar-llega-a-la-x-con-shamar-radio\/"]}]},{"@type":"BreadcrumbList","@id":"https:\/\/lax.fm\/portal\/comunicados\/shamar-llega-a-la-x-con-shamar-radio\/#breadcrumb","itemListElement":[{"@type":"ListItem","position":1,"name":"Home","item":"https:\/\/lax.fm\/portal\/"},{"@type":"ListItem","position":2,"name":"Shamar llega a La X con Shamar Radio"}]},{"@type":"Person","@id":"https:\/\/lax.fm\/portal\/#\/schema\/person\/dffa89146b1fa98303668501e8ae48b8","name":"La X","image":{"@type":"ImageObject","@id":"https:\/\/lax.fm\/portal\/#personlogo","inLanguage":"en-US","url":"https:\/\/secure.gravatar.com\/avatar\/bd4bc52f18ab67b6950c7667e82f4b83?s=96&d=mm&r=g","contentUrl":"https:\/\/secure.gravatar.com\/avatar\/bd4bc52f18ab67b6950c7667e82f4b83?s=96&d=mm&r=g","caption":"La X"},"sameAs":["http:\/\/www.lax.fm","http:\/\/www.facebook.com\/laxpr","https:\/\/twitter.com\/http:\/\/www.twitter.com\/laxpr"],"url":"https:\/\/lax.fm\/portal\/author\/la-x\/"}]}},"_links":{"self":[{"href":"https:\/\/lax.fm\/portal\/wp-json\/wp\/v2\/posts\/4181"}],"collection":[{"href":"https:\/\/lax.fm\/portal\/wp-json\/wp\/v2\/posts"}],"about":[{"href":"https:\/\/lax.fm\/portal\/wp-json\/wp\/v2\/types\/post"}],"author":[{"embeddable":true,"href":"https:\/\/lax.fm\/portal\/wp-json\/wp\/v2\/users\/56"}],"replies":[{"embeddable":true,"href":"https:\/\/lax.fm\/portal\/wp-json\/wp\/v2\/comments?post=4181"}],"version-history":[{"count":1,"href":"https:\/\/lax.fm\/portal\/wp-json\/wp\/v2\/posts\/4181\/revisions"}],"predecessor-version":[{"id":4183,"href":"https:\/\/lax.fm\/portal\/wp-json\/wp\/v2\/posts\/4181\/revisions\/4183"}],"wp:featuredmedia":[{"embeddable":true,"href":"https:\/\/lax.fm\/portal\/wp-json\/wp\/v2\/media\/4182"}],"wp:attachment":[{"href":"https:\/\/lax.fm\/portal\/wp-json\/wp\/v2\/media?parent=4181"}],"wp:term":[{"taxonomy":"category","embeddable":true,"href":"https:\/\/lax.fm\/portal\/wp-json\/wp\/v2\/categories?post=4181"},{"taxonomy":"post_tag","embeddable":true,"href":"https:\/\/lax.fm\/portal\/wp-json\/wp\/v2\/tags?post=4181"}],"curies":[{"name":"wp","href":"https:\/\/api.w.org\/{rel}","templated":true}]}}