{"id":3904,"date":"2020-04-20T19:50:58","date_gmt":"2020-04-20T23:50:58","guid":{"rendered":"http:\/\/lax.fm\/portal\/?p=3904"},"modified":"2020-04-20T19:51:10","modified_gmt":"2020-04-20T23:51:10","slug":"cannabis-medicinal-que-es-legal-y-que-no-lo-es","status":"publish","type":"post","link":"https:\/\/lax.fm\/portal\/podcasts\/el-relajo-de-la-x\/cannabis-medicinal-que-es-legal-y-que-no-lo-es\/","title":{"rendered":"Qu\u00e9 es legal y qu\u00e9 no lo es"},"content":{"rendered":"<p>Conoce todo sobre los aspectos legales sobre el cannabis medicinal en todas sus vertientes con la Lcda. Gabriela Rodr\u00edguez. Escucha las preguntas de nuestros seguidores para que aprendas de las respuestas de nuestra experta.<\/p>\n<p>\u00a1Dale play y ent\u00e9rate!<\/p>\n<p><iframe loading=\"lazy\" src=\"https:\/\/anchor.fm\/elrelajodelax\/embed\/episodes\/Qu-es-legal-y-qu-no-lo-es-ed1ss3\" width=\"400px\" height=\"102px\" frameborder=\"0\" scrolling=\"no\"><\/iframe><\/p>\n<h3>Suscr\u00edbete a nuestro canal de podcast desde tu plataforma de audio favorita:<\/h3>\n<p><a href=\"https:\/\/itunes.apple.com\/us\/podcast\/el-relajo-de-la-x\/id1449097473?mt=2&amp;uo=4\" target=\"_blank\" rel=\"https:\/\/itunes.apple.com\/us\/podcast\/el-relajo-de-la-x\/id1449097473?mt=2&amp;uo=4 noopener\"><img loading=\"lazy\" class=\"alignnone wp-image-3209 size-full\" src=\"http:\/\/lax.fm\/portal\/wp-content\/uploads\/2019\/03\/Apple-podcasts.jpg\" alt=\"Apple podcasts\" width=\"200\" height=\"53\" \/><\/a><\/p>\n<p><a href=\"https:\/\/open.spotify.com\/show\/4onzHCUDYA1iqCiwDViQjk\" target=\"_blank\" rel=\"https:\/\/open.spotify.com\/show\/4onzHCUDYA1iqCiwDViQjk noopener\"><img loading=\"lazy\" class=\"alignnone wp-image-3211 size-full\" src=\"http:\/\/lax.fm\/portal\/wp-content\/uploads\/2019\/03\/spotify-podcasts.jpg\" alt=\"\" width=\"200\" height=\"53\" \/><\/a><\/p>\n<p><a href=\"https:\/\/www.google.com\/podcasts?feed=aHR0cHM6Ly9hbmNob3IuZm0vcy84N2NjYzU0L3BvZGNhc3QvcnNz\" target=\"_blank\" rel=\"https:\/\/www.google.com\/podcasts?feed=aHR0cHM6Ly9hbmNob3IuZm0vcy84N2NjYzU0L3BvZGNhc3QvcnNz noopener\"><img loading=\"lazy\" class=\"alignnone wp-image-3213 size-full\" src=\"http:\/\/lax.fm\/portal\/wp-content\/uploads\/2019\/03\/Google-Podcasts.jpg\" alt=\"Google Podcasts\" width=\"200\" height=\"53\" \/><\/a><\/p>\n<p><a href=\"https:\/\/www.stitcher.com\/podcast\/anchor-podcasts\/el-relajo-de-la-x\" target=\"_blank\" rel=\"https:\/\/www.stitcher.com\/podcast\/anchor-podcasts\/el-relajo-de-la-x noopener\"><img loading=\"lazy\" class=\"alignnone wp-image-3214 size-full\" src=\"http:\/\/lax.fm\/portal\/wp-content\/uploads\/2019\/03\/Stitcher-podcasts.jpg\" alt=\"Stitcher podcasts\" width=\"200\" height=\"53\" \/><\/a><\/p>\n<p><a href=\"https:\/\/anchor.fm\/elrelajodelax\" target=\"_blank\" rel=\"https:\/\/anchor.fm\/elrelajodelax noopener\"><img loading=\"lazy\" class=\"alignnone wp-image-3217 size-full\" src=\"http:\/\/lax.fm\/portal\/wp-content\/uploads\/2019\/03\/anchor-podcasts.jpg\" alt=\"anchor podcasts\" width=\"200\" height=\"53\" \/><\/a><\/p>\n<p><a href=\"https:\/\/www.breaker.audio\/el-relajo-de-la-x\" target=\"_blank\" rel=\"https:\/\/www.breaker.audio\/el-relajo-de-la-x noopener\"><img loading=\"lazy\" class=\"alignnone wp-image-3218 size-full\" src=\"http:\/\/lax.fm\/portal\/wp-content\/uploads\/2019\/03\/Breaker-podcasts.jpg\" alt=\"Breaker podcasts\" width=\"200\" height=\"53\" \/><\/a><\/p>\n<p><a href=\"https:\/\/pca.st\/W99R\" target=\"_blank\" rel=\"https:\/\/pca.st\/W99R noopener\"><img loading=\"lazy\" class=\"alignnone wp-image-3222 size-full\" src=\"http:\/\/lax.fm\/portal\/wp-content\/uploads\/2019\/03\/Pocket-Cast-Podcasts.jpg\" alt=\"Pocket Cast Podcasts\" width=\"200\" height=\"53\" \/><\/a><\/p>\n<p><a href=\"https:\/\/overcast.fm\/itunes1449097473\/el-relajo-de-la-x\" target=\"_blank\" rel=\"https:\/\/overcast.fm\/itunes1449097473\/el-relajo-de-la-x noopener\"><img loading=\"lazy\" class=\"alignnone wp-image-3221 size-full\" src=\"http:\/\/lax.fm\/portal\/wp-content\/uploads\/2019\/03\/Overcast-Podcasts.jpg\" alt=\"Overcast Podcasts\" width=\"200\" height=\"53\" \/><\/a><\/p>\n<p><a href=\"https:\/\/radiopublic.com\/el-relajo-de-la-x-WaVmgM\" target=\"_blank\" rel=\"https:\/\/radiopublic.com\/el-relajo-de-la-x-WaVmgM noopener\"><img loading=\"lazy\" class=\"alignnone wp-image-3223 size-full\" src=\"http:\/\/lax.fm\/portal\/wp-content\/uploads\/2019\/03\/radiopublic-podcasts.jpg\" alt=\"radiopublic podcasts\" width=\"200\" height=\"53\" \/><\/a><\/p>\n<p>&nbsp;<\/p>\n","protected":false},"excerpt":{"rendered":"<p>Conoce todo sobre los aspectos legales sobre el cannabis medicinal en todas sus vertientes con la Lcda. Gabriela Rodr\u00edguez. Escucha las preguntas de nuestros seguidores para que aprendas de las respuestas de nuestra experta.<br \/>\n\u00a1Dale play y ent\u00e9rate!<\/p>\n<p>Suscr\u00edbete a nuestro canal de podcast desde tu plataforma de audio favorita:<\/p>\n<p>&nbsp;<\/p>\n","protected":false},"author":56,"featured_media":3907,"comment_status":"open","ping_status":"open","sticky":false,"template":"","format":"standard","meta":{"_monsterinsights_skip_tracking":false,"_monsterinsights_sitenote_active":false,"_monsterinsights_sitenote_note":"","_monsterinsights_sitenote_category":0},"categories":[397],"tags":[660,662,661,404,399],"yoast_head":"<!-- This site is optimized with the Yoast SEO plugin v18.2 - https:\/\/yoast.com\/wordpress\/plugins\/seo\/ -->\n<meta name=\"robots\" content=\"index, follow, max-snippet:-1, max-image-preview:large, max-video-preview:-1\" \/>\n<link rel=\"canonical\" href=\"https:\/\/lax.fm\/portal\/podcasts\/el-relajo-de-la-x\/cannabis-medicinal-que-es-legal-y-que-no-lo-es\/\" \/>\n<meta property=\"og:locale\" content=\"en_US\" \/>\n<meta property=\"og:type\" content=\"article\" \/>\n<meta property=\"og:title\" content=\"Qu\u00e9 es legal y qu\u00e9 no lo es - La-X - Gente con la m\u00fasica por dentro\" \/>\n<meta property=\"og:description\" content=\"Conoce todo sobre los aspectos legales sobre el cannabis medicinal en todas sus vertientes con la Lcda. Gabriela Rodr\u00edguez. Escucha las preguntas de nuestros seguidores para que aprendas de las respuestas de nuestra experta. \u00a1Dale play y ent\u00e9rate! Suscr\u00edbete a nuestro canal de podcast desde tu plataforma de audio favorita:     &nbsp;\" \/>\n<meta property=\"og:url\" content=\"https:\/\/lax.fm\/portal\/podcasts\/el-relajo-de-la-x\/cannabis-medicinal-que-es-legal-y-que-no-lo-es\/\" \/>\n<meta property=\"og:site_name\" content=\"La-X - Gente con la m\u00fasica por dentro\" \/>\n<meta property=\"article:publisher\" content=\"http:\/\/www.facebook.com\/laxpr\" \/>\n<meta property=\"article:author\" content=\"http:\/\/www.facebook.com\/laxpr\" \/>\n<meta property=\"article:published_time\" content=\"2020-04-20T23:50:58+00:00\" \/>\n<meta property=\"article:modified_time\" content=\"2020-04-20T23:51:10+00:00\" \/>\n<meta property=\"og:image\" content=\"https:\/\/lax.fm\/portal\/wp-content\/uploads\/2020\/04\/4-20-cannabis.jpg\" \/>\n\t<meta property=\"og:image:width\" content=\"1000\" \/>\n\t<meta property=\"og:image:height\" content=\"500\" \/>\n\t<meta property=\"og:image:type\" content=\"image\/jpeg\" \/>\n<meta name=\"twitter:card\" content=\"summary\" \/>\n<meta name=\"twitter:creator\" content=\"@http:\/\/www.twitter.com\/laxpr\" \/>\n<meta name=\"twitter:site\" content=\"@laxpr\" \/>\n<meta name=\"twitter:label1\" content=\"Written by\" \/>\n\t<meta name=\"twitter:data1\" content=\"La X\" \/>\n<script type=\"application\/ld+json\" class=\"yoast-schema-graph\">{\"@context\":\"https:\/\/schema.org\",\"@graph\":[{\"@type\":\"WebSite\",\"@id\":\"https:\/\/lax.fm\/portal\/#website\",\"url\":\"https:\/\/lax.fm\/portal\/\",\"name\":\"La-X - Gente con la m\u00fasica por dentro\",\"description\":\"Radio Visual\",\"potentialAction\":[{\"@type\":\"SearchAction\",\"target\":{\"@type\":\"EntryPoint\",\"urlTemplate\":\"https:\/\/lax.fm\/portal\/?s={search_term_string}\"},\"query-input\":\"required name=search_term_string\"}],\"inLanguage\":\"en-US\"},{\"@type\":\"ImageObject\",\"@id\":\"https:\/\/lax.fm\/portal\/podcasts\/el-relajo-de-la-x\/cannabis-medicinal-que-es-legal-y-que-no-lo-es\/#primaryimage\",\"inLanguage\":\"en-US\",\"url\":\"https:\/\/lax.fm\/portal\/wp-content\/uploads\/2020\/04\/4-20-cannabis.jpg\",\"contentUrl\":\"https:\/\/lax.fm\/portal\/wp-content\/uploads\/2020\/04\/4-20-cannabis.jpg\",\"width\":1000,\"height\":500,\"caption\":\"cannabis medicinal\"},{\"@type\":\"WebPage\",\"@id\":\"https:\/\/lax.fm\/portal\/podcasts\/el-relajo-de-la-x\/cannabis-medicinal-que-es-legal-y-que-no-lo-es\/#webpage\",\"url\":\"https:\/\/lax.fm\/portal\/podcasts\/el-relajo-de-la-x\/cannabis-medicinal-que-es-legal-y-que-no-lo-es\/\",\"name\":\"Qu\u00e9 es legal y qu\u00e9 no lo es - La-X - Gente con la m\u00fasica por dentro\",\"isPartOf\":{\"@id\":\"https:\/\/lax.fm\/portal\/#website\"},\"primaryImageOfPage\":{\"@id\":\"https:\/\/lax.fm\/portal\/podcasts\/el-relajo-de-la-x\/cannabis-medicinal-que-es-legal-y-que-no-lo-es\/#primaryimage\"},\"datePublished\":\"2020-04-20T23:50:58+00:00\",\"dateModified\":\"2020-04-20T23:51:10+00:00\",\"author\":{\"@id\":\"https:\/\/lax.fm\/portal\/#\/schema\/person\/dffa89146b1fa98303668501e8ae48b8\"},\"breadcrumb\":{\"@id\":\"https:\/\/lax.fm\/portal\/podcasts\/el-relajo-de-la-x\/cannabis-medicinal-que-es-legal-y-que-no-lo-es\/#breadcrumb\"},\"inLanguage\":\"en-US\",\"potentialAction\":[{\"@type\":\"ReadAction\",\"target\":[\"https:\/\/lax.fm\/portal\/podcasts\/el-relajo-de-la-x\/cannabis-medicinal-que-es-legal-y-que-no-lo-es\/\"]}]},{\"@type\":\"BreadcrumbList\",\"@id\":\"https:\/\/lax.fm\/portal\/podcasts\/el-relajo-de-la-x\/cannabis-medicinal-que-es-legal-y-que-no-lo-es\/#breadcrumb\",\"itemListElement\":[{\"@type\":\"ListItem\",\"position\":1,\"name\":\"Home\",\"item\":\"https:\/\/lax.fm\/portal\/\"},{\"@type\":\"ListItem\",\"position\":2,\"name\":\"Qu\u00e9 es legal y qu\u00e9 no lo es\"}]},{\"@type\":\"Person\",\"@id\":\"https:\/\/lax.fm\/portal\/#\/schema\/person\/dffa89146b1fa98303668501e8ae48b8\",\"name\":\"La X\",\"image\":{\"@type\":\"ImageObject\",\"@id\":\"https:\/\/lax.fm\/portal\/#personlogo\",\"inLanguage\":\"en-US\",\"url\":\"https:\/\/secure.gravatar.com\/avatar\/bd4bc52f18ab67b6950c7667e82f4b83?s=96&d=mm&r=g\",\"contentUrl\":\"https:\/\/secure.gravatar.com\/avatar\/bd4bc52f18ab67b6950c7667e82f4b83?s=96&d=mm&r=g\",\"caption\":\"La X\"},\"sameAs\":[\"http:\/\/www.lax.fm\",\"http:\/\/www.facebook.com\/laxpr\",\"https:\/\/twitter.com\/http:\/\/www.twitter.com\/laxpr\"],\"url\":\"https:\/\/lax.fm\/portal\/author\/la-x\/\"}]}<\/script>\n<!-- \/ Yoast SEO plugin. -->","yoast_head_json":{"robots":{"index":"index","follow":"follow","max-snippet":"max-snippet:-1","max-image-preview":"max-image-preview:large","max-video-preview":"max-video-preview:-1"},"canonical":"https:\/\/lax.fm\/portal\/podcasts\/el-relajo-de-la-x\/cannabis-medicinal-que-es-legal-y-que-no-lo-es\/","og_locale":"en_US","og_type":"article","og_title":"Qu\u00e9 es legal y qu\u00e9 no lo es - La-X - Gente con la m\u00fasica por dentro","og_description":"Conoce todo sobre los aspectos legales sobre el cannabis medicinal en todas sus vertientes con la Lcda. Gabriela Rodr\u00edguez. Escucha las preguntas de nuestros seguidores para que aprendas de las respuestas de nuestra experta. \u00a1Dale play y ent\u00e9rate! Suscr\u00edbete a nuestro canal de podcast desde tu plataforma de audio favorita:     &nbsp;","og_url":"https:\/\/lax.fm\/portal\/podcasts\/el-relajo-de-la-x\/cannabis-medicinal-que-es-legal-y-que-no-lo-es\/","og_site_name":"La-X - Gente con la m\u00fasica por dentro","article_publisher":"http:\/\/www.facebook.com\/laxpr","article_author":"http:\/\/www.facebook.com\/laxpr","article_published_time":"2020-04-20T23:50:58+00:00","article_modified_time":"2020-04-20T23:51:10+00:00","og_image":[{"width":1000,"height":500,"url":"https:\/\/lax.fm\/portal\/wp-content\/uploads\/2020\/04\/4-20-cannabis.jpg","type":"image\/jpeg"}],"twitter_card":"summary","twitter_creator":"@http:\/\/www.twitter.com\/laxpr","twitter_site":"@laxpr","twitter_misc":{"Written by":"La X"},"schema":{"@context":"https:\/\/schema.org","@graph":[{"@type":"WebSite","@id":"https:\/\/lax.fm\/portal\/#website","url":"https:\/\/lax.fm\/portal\/","name":"La-X - Gente con la m\u00fasica por dentro","description":"Radio Visual","potentialAction":[{"@type":"SearchAction","target":{"@type":"EntryPoint","urlTemplate":"https:\/\/lax.fm\/portal\/?s={search_term_string}"},"query-input":"required name=search_term_string"}],"inLanguage":"en-US"},{"@type":"ImageObject","@id":"https:\/\/lax.fm\/portal\/podcasts\/el-relajo-de-la-x\/cannabis-medicinal-que-es-legal-y-que-no-lo-es\/#primaryimage","inLanguage":"en-US","url":"https:\/\/lax.fm\/portal\/wp-content\/uploads\/2020\/04\/4-20-cannabis.jpg","contentUrl":"https:\/\/lax.fm\/portal\/wp-content\/uploads\/2020\/04\/4-20-cannabis.jpg","width":1000,"height":500,"caption":"cannabis medicinal"},{"@type":"WebPage","@id":"https:\/\/lax.fm\/portal\/podcasts\/el-relajo-de-la-x\/cannabis-medicinal-que-es-legal-y-que-no-lo-es\/#webpage","url":"https:\/\/lax.fm\/portal\/podcasts\/el-relajo-de-la-x\/cannabis-medicinal-que-es-legal-y-que-no-lo-es\/","name":"Qu\u00e9 es legal y qu\u00e9 no lo es - La-X - Gente con la m\u00fasica por dentro","isPartOf":{"@id":"https:\/\/lax.fm\/portal\/#website"},"primaryImageOfPage":{"@id":"https:\/\/lax.fm\/portal\/podcasts\/el-relajo-de-la-x\/cannabis-medicinal-que-es-legal-y-que-no-lo-es\/#primaryimage"},"datePublished":"2020-04-20T23:50:58+00:00","dateModified":"2020-04-20T23:51:10+00:00","author":{"@id":"https:\/\/lax.fm\/portal\/#\/schema\/person\/dffa89146b1fa98303668501e8ae48b8"},"breadcrumb":{"@id":"https:\/\/lax.fm\/portal\/podcasts\/el-relajo-de-la-x\/cannabis-medicinal-que-es-legal-y-que-no-lo-es\/#breadcrumb"},"inLanguage":"en-US","potentialAction":[{"@type":"ReadAction","target":["https:\/\/lax.fm\/portal\/podcasts\/el-relajo-de-la-x\/cannabis-medicinal-que-es-legal-y-que-no-lo-es\/"]}]},{"@type":"BreadcrumbList","@id":"https:\/\/lax.fm\/portal\/podcasts\/el-relajo-de-la-x\/cannabis-medicinal-que-es-legal-y-que-no-lo-es\/#breadcrumb","itemListElement":[{"@type":"ListItem","position":1,"name":"Home","item":"https:\/\/lax.fm\/portal\/"},{"@type":"ListItem","position":2,"name":"Qu\u00e9 es legal y qu\u00e9 no lo es"}]},{"@type":"Person","@id":"https:\/\/lax.fm\/portal\/#\/schema\/person\/dffa89146b1fa98303668501e8ae48b8","name":"La X","image":{"@type":"ImageObject","@id":"https:\/\/lax.fm\/portal\/#personlogo","inLanguage":"en-US","url":"https:\/\/secure.gravatar.com\/avatar\/bd4bc52f18ab67b6950c7667e82f4b83?s=96&d=mm&r=g","contentUrl":"https:\/\/secure.gravatar.com\/avatar\/bd4bc52f18ab67b6950c7667e82f4b83?s=96&d=mm&r=g","caption":"La X"},"sameAs":["http:\/\/www.lax.fm","http:\/\/www.facebook.com\/laxpr","https:\/\/twitter.com\/http:\/\/www.twitter.com\/laxpr"],"url":"https:\/\/lax.fm\/portal\/author\/la-x\/"}]}},"_links":{"self":[{"href":"https:\/\/lax.fm\/portal\/wp-json\/wp\/v2\/posts\/3904"}],"collection":[{"href":"https:\/\/lax.fm\/portal\/wp-json\/wp\/v2\/posts"}],"about":[{"href":"https:\/\/lax.fm\/portal\/wp-json\/wp\/v2\/types\/post"}],"author":[{"embeddable":true,"href":"https:\/\/lax.fm\/portal\/wp-json\/wp\/v2\/users\/56"}],"replies":[{"embeddable":true,"href":"https:\/\/lax.fm\/portal\/wp-json\/wp\/v2\/comments?post=3904"}],"version-history":[{"count":4,"href":"https:\/\/lax.fm\/portal\/wp-json\/wp\/v2\/posts\/3904\/revisions"}],"predecessor-version":[{"id":3909,"href":"https:\/\/lax.fm\/portal\/wp-json\/wp\/v2\/posts\/3904\/revisions\/3909"}],"wp:featuredmedia":[{"embeddable":true,"href":"https:\/\/lax.fm\/portal\/wp-json\/wp\/v2\/media\/3907"}],"wp:attachment":[{"href":"https:\/\/lax.fm\/portal\/wp-json\/wp\/v2\/media?parent=3904"}],"wp:term":[{"taxonomy":"category","embeddable":true,"href":"https:\/\/lax.fm\/portal\/wp-json\/wp\/v2\/categories?post=3904"},{"taxonomy":"post_tag","embeddable":true,"href":"https:\/\/lax.fm\/portal\/wp-json\/wp\/v2\/tags?post=3904"}],"curies":[{"name":"wp","href":"https:\/\/api.w.org\/{rel}","templated":true}]}}