{"id":3292,"date":"2019-05-22T17:55:22","date_gmt":"2019-05-22T21:55:22","guid":{"rendered":"http:\/\/lax.fm\/portal\/?p=3292"},"modified":"2019-05-22T17:55:22","modified_gmt":"2019-05-22T21:55:22","slug":"alianza-entre-coors-light-y-nba-trae-nueva-campana-publicitaria-con-latas-conmemorativas","status":"publish","type":"post","link":"https:\/\/lax.fm\/portal\/promociones\/alianza-entre-coors-light-y-nba-trae-nueva-campana-publicitaria-con-latas-conmemorativas\/","title":{"rendered":"Alianza entre Coors Light y NBA trae nueva campa\u00f1a publicitaria con latas conmemorativas"},"content":{"rendered":"<div class=\"backstretch\"><strong>Conoce a Dominique Wilkins y Robert Horry en NBA Game Night<\/strong><\/div>\n<p>Con motivo de la celebraci\u00f3n de la final de los juegos de la \u201cNational Basketball Asociation\u201d (NBA, por sus siglas en ingl\u00e9s) la cerveza Coors Light lanz\u00f3 al mercado una colecci\u00f3n exclusiva de latas conmemorativas, con la cual introducen su nueva campa\u00f1a publicitaria y el evento \u201cNBA Game Night\u201d.<\/p>\n<p>La colecci\u00f3n de latas exhibe los logotipos de los seis equipos con mayor lealtad entre la fanaticada local, entre los que se encuentran los Chicago Bulls, Boston Celtics, Miami Heat, Los Angeles Lakers, Houston Rockets y Golden State Warriors.<\/p>\n<p>\u201cPensando en las preferencias de nuestros consumidores, seleccionamos y dise\u00f1amos las seis latas exclusivas de Coors Light dentro de la alianza que tenemos con la liga. Quer\u00edamos conectar con los consumidores apelando a la pasi\u00f3n que sienten por su equipo favorito. Los invitamos a que pasen por su establecimiento favorito y las coleccionen\u201d, coment\u00f3 Linette Morales, gerente de mercadeo de Molson Coors International.<\/p>\n<p>La campa\u00f1a publicitaria NBA Game Night se produjo totalmente en la isla por la agencia VMLY&amp;R. La filmaci\u00f3n dur\u00f3 dos d\u00edas en diferentes localizaciones del Viejo San Juan y La Perla. Incluye estrategias 360, la participaci\u00f3n de sobre 70 talentos locales y una inversi\u00f3n que supera el medio mill\u00f3n de d\u00f3lares. El anuncio de TV se exportar\u00e1 a diferentes mercados como M\u00e9xico, Santo Domingo y Australia, entre otros.<\/p>\n<p>La nueva colecci\u00f3n de la NBA se encuentra disponibles en su empaque de seis latas de 10 onzas en establecimientos y supermercados a trav\u00e9s de toda la Isla. Para mayor informaci\u00f3n visite: f<a href=\"http:\/\/acebook.com\/CoorsLightPR\/\" target=\"_blank\" rel=\"noopener\">acebook.com\/CoorsLightPR\/<\/a>, <a href=\"http:\/\/www.coorslightpr.com\" target=\"_blank\" rel=\"noopener\">www.coorslightpr.com<\/a> o <a href=\"http:\/\/instagram.com\/coorslightpr\/\" target=\"_blank\" rel=\"noopener\">instagram.com\/coorslightpr\/<\/a>.<\/p>\n<p><img loading=\"lazy\" class=\"aligncenter size-large wp-image-3289\" src=\"http:\/\/lax.fm\/portal\/wp-content\/uploads\/2019\/05\/6-latas-coors-590x332.jpg\" alt=\"\" width=\"590\" height=\"332\" srcset=\"https:\/\/lax.fm\/portal\/wp-content\/uploads\/2019\/05\/6-latas-coors-590x332.jpg 590w, https:\/\/lax.fm\/portal\/wp-content\/uploads\/2019\/05\/6-latas-coors-300x169.jpg 300w, https:\/\/lax.fm\/portal\/wp-content\/uploads\/2019\/05\/6-latas-coors-768x432.jpg 768w, https:\/\/lax.fm\/portal\/wp-content\/uploads\/2019\/05\/6-latas-coors-620x350.jpg 620w, https:\/\/lax.fm\/portal\/wp-content\/uploads\/2019\/05\/6-latas-coors-350x197.jpg 350w, https:\/\/lax.fm\/portal\/wp-content\/uploads\/2019\/05\/6-latas-coors-1100x619.jpg 1100w, https:\/\/lax.fm\/portal\/wp-content\/uploads\/2019\/05\/6-latas-coors.jpg 1920w\" sizes=\"(max-width: 590px) 100vw, 590px\" \/><\/p>\n<h3>NBA GAME NIGHT<\/h3>\n<p>Por otro lado, los fan\u00e1ticos del baloncesto podr\u00e1n celebrar la final de la NBA de un modo m\u00e1s excitante en el coliseo Mario Quijote Morales en Guaynabo. El jueves 30 de mayo de 2019 tendr\u00e1n una oportunidad \u00fanica de conocer y compartir con las leyendas de la NBA como Robert Horry y Dominique Wilkins mientras disfrutan del partido en un \u00e1rea VIP.<\/p>\n<p>Horry tiene siete anillos de campe\u00f3n con tres equipos diferentes y es un especialista de tiros en el \u00faltimo segundo (clutch-shots). Mientras que Wilkins fue nueve veces NBA All-Star y es ampliamente visto como uno de los mejores en el donqueo en la historia de la NBA.<\/p>\n<p>De igual manera, el p\u00fablico que se d\u00e9 cita al evento podr\u00e1 participar de juegos y sorteo de memorabilia de jugadores de la NBA, entre otros art\u00edculos. Al finalizar el juego, la celebraci\u00f3n continuar\u00e1 con las presentaciones musicales en vivo de Jowell &amp; Randy.<\/p>\n","protected":false},"excerpt":{"rendered":"<p>Conoce a Dominique Wilkins y Robert Horry en NBA Game Night<br \/>\nCon motivo de la celebraci\u00f3n de la final de los juegos de la \u201cNational Basketball Asociation\u201d (NBA, por sus siglas en ingl\u00e9s) la cerveza Coors Light lanz\u00f3 al mercado una colecci\u00f3n exclusiva de latas conmemorativas, con la cual introducen su nueva campa\u00f1a publicitaria y el [&#8230;]<\/p>\n","protected":false},"author":56,"featured_media":3290,"comment_status":"open","ping_status":"open","sticky":false,"template":"","format":"standard","meta":{"_monsterinsights_skip_tracking":false,"_monsterinsights_sitenote_active":false,"_monsterinsights_sitenote_note":"","_monsterinsights_sitenote_category":0},"categories":[46],"tags":[379,432,430,431],"yoast_head":"<!-- This site is optimized with the Yoast SEO plugin v18.2 - https:\/\/yoast.com\/wordpress\/plugins\/seo\/ -->\n<meta name=\"robots\" content=\"index, follow, max-snippet:-1, max-image-preview:large, max-video-preview:-1\" \/>\n<link rel=\"canonical\" href=\"https:\/\/lax.fm\/portal\/promociones\/alianza-entre-coors-light-y-nba-trae-nueva-campana-publicitaria-con-latas-conmemorativas\/\" \/>\n<meta property=\"og:locale\" content=\"en_US\" \/>\n<meta property=\"og:type\" content=\"article\" \/>\n<meta property=\"og:title\" content=\"Alianza entre Coors Light y NBA trae nueva campa\u00f1a publicitaria con latas conmemorativas - La-X - Gente con la m\u00fasica por dentro\" \/>\n<meta property=\"og:description\" content=\"Conoce a Dominique Wilkins y Robert Horry en NBA Game Night Con motivo de la celebraci\u00f3n de la final de los juegos de la \u201cNational Basketball Asociation\u201d (NBA, por sus siglas en ingl\u00e9s) la cerveza Coors Light lanz\u00f3 al mercado una colecci\u00f3n exclusiva de latas conmemorativas, con la cual introducen su nueva campa\u00f1a publicitaria y el [...]\" \/>\n<meta property=\"og:url\" content=\"https:\/\/lax.fm\/portal\/promociones\/alianza-entre-coors-light-y-nba-trae-nueva-campana-publicitaria-con-latas-conmemorativas\/\" \/>\n<meta property=\"og:site_name\" content=\"La-X - Gente con la m\u00fasica por dentro\" \/>\n<meta property=\"article:publisher\" content=\"http:\/\/www.facebook.com\/laxpr\" \/>\n<meta property=\"article:author\" content=\"http:\/\/www.facebook.com\/laxpr\" \/>\n<meta property=\"article:published_time\" content=\"2019-05-22T21:55:22+00:00\" \/>\n<meta property=\"og:image\" content=\"https:\/\/lax.fm\/portal\/wp-content\/uploads\/2019\/05\/NBA-2019-PR-Coors-15ss-WEB.jpg\" \/>\n\t<meta property=\"og:image:width\" content=\"1000\" \/>\n\t<meta property=\"og:image:height\" content=\"563\" \/>\n\t<meta property=\"og:image:type\" content=\"image\/jpeg\" \/>\n<meta name=\"twitter:card\" content=\"summary\" \/>\n<meta name=\"twitter:creator\" content=\"@http:\/\/www.twitter.com\/laxpr\" \/>\n<meta name=\"twitter:site\" content=\"@laxpr\" \/>\n<meta name=\"twitter:label1\" content=\"Written by\" \/>\n\t<meta name=\"twitter:data1\" content=\"La X\" \/>\n\t<meta name=\"twitter:label2\" content=\"Est. reading time\" \/>\n\t<meta name=\"twitter:data2\" content=\"2 minutes\" \/>\n<script type=\"application\/ld+json\" class=\"yoast-schema-graph\">{\"@context\":\"https:\/\/schema.org\",\"@graph\":[{\"@type\":\"WebSite\",\"@id\":\"https:\/\/lax.fm\/portal\/#website\",\"url\":\"https:\/\/lax.fm\/portal\/\",\"name\":\"La-X - Gente con la m\u00fasica por dentro\",\"description\":\"Radio Visual\",\"potentialAction\":[{\"@type\":\"SearchAction\",\"target\":{\"@type\":\"EntryPoint\",\"urlTemplate\":\"https:\/\/lax.fm\/portal\/?s={search_term_string}\"},\"query-input\":\"required name=search_term_string\"}],\"inLanguage\":\"en-US\"},{\"@type\":\"ImageObject\",\"@id\":\"https:\/\/lax.fm\/portal\/promociones\/alianza-entre-coors-light-y-nba-trae-nueva-campana-publicitaria-con-latas-conmemorativas\/#primaryimage\",\"inLanguage\":\"en-US\",\"url\":\"https:\/\/lax.fm\/portal\/wp-content\/uploads\/2019\/05\/NBA-2019-PR-Coors-15ss-WEB.jpg\",\"contentUrl\":\"https:\/\/lax.fm\/portal\/wp-content\/uploads\/2019\/05\/NBA-2019-PR-Coors-15ss-WEB.jpg\",\"width\":1000,\"height\":563},{\"@type\":\"WebPage\",\"@id\":\"https:\/\/lax.fm\/portal\/promociones\/alianza-entre-coors-light-y-nba-trae-nueva-campana-publicitaria-con-latas-conmemorativas\/#webpage\",\"url\":\"https:\/\/lax.fm\/portal\/promociones\/alianza-entre-coors-light-y-nba-trae-nueva-campana-publicitaria-con-latas-conmemorativas\/\",\"name\":\"Alianza entre Coors Light y NBA trae nueva campa\u00f1a publicitaria con latas conmemorativas - La-X - Gente con la m\u00fasica por dentro\",\"isPartOf\":{\"@id\":\"https:\/\/lax.fm\/portal\/#website\"},\"primaryImageOfPage\":{\"@id\":\"https:\/\/lax.fm\/portal\/promociones\/alianza-entre-coors-light-y-nba-trae-nueva-campana-publicitaria-con-latas-conmemorativas\/#primaryimage\"},\"datePublished\":\"2019-05-22T21:55:22+00:00\",\"dateModified\":\"2019-05-22T21:55:22+00:00\",\"author\":{\"@id\":\"https:\/\/lax.fm\/portal\/#\/schema\/person\/dffa89146b1fa98303668501e8ae48b8\"},\"breadcrumb\":{\"@id\":\"https:\/\/lax.fm\/portal\/promociones\/alianza-entre-coors-light-y-nba-trae-nueva-campana-publicitaria-con-latas-conmemorativas\/#breadcrumb\"},\"inLanguage\":\"en-US\",\"potentialAction\":[{\"@type\":\"ReadAction\",\"target\":[\"https:\/\/lax.fm\/portal\/promociones\/alianza-entre-coors-light-y-nba-trae-nueva-campana-publicitaria-con-latas-conmemorativas\/\"]}]},{\"@type\":\"BreadcrumbList\",\"@id\":\"https:\/\/lax.fm\/portal\/promociones\/alianza-entre-coors-light-y-nba-trae-nueva-campana-publicitaria-con-latas-conmemorativas\/#breadcrumb\",\"itemListElement\":[{\"@type\":\"ListItem\",\"position\":1,\"name\":\"Home\",\"item\":\"https:\/\/lax.fm\/portal\/\"},{\"@type\":\"ListItem\",\"position\":2,\"name\":\"Alianza entre Coors Light y NBA trae nueva campa\u00f1a publicitaria con latas conmemorativas\"}]},{\"@type\":\"Person\",\"@id\":\"https:\/\/lax.fm\/portal\/#\/schema\/person\/dffa89146b1fa98303668501e8ae48b8\",\"name\":\"La X\",\"image\":{\"@type\":\"ImageObject\",\"@id\":\"https:\/\/lax.fm\/portal\/#personlogo\",\"inLanguage\":\"en-US\",\"url\":\"https:\/\/secure.gravatar.com\/avatar\/bd4bc52f18ab67b6950c7667e82f4b83?s=96&d=mm&r=g\",\"contentUrl\":\"https:\/\/secure.gravatar.com\/avatar\/bd4bc52f18ab67b6950c7667e82f4b83?s=96&d=mm&r=g\",\"caption\":\"La X\"},\"sameAs\":[\"http:\/\/www.lax.fm\",\"http:\/\/www.facebook.com\/laxpr\",\"https:\/\/twitter.com\/http:\/\/www.twitter.com\/laxpr\"],\"url\":\"https:\/\/lax.fm\/portal\/author\/la-x\/\"}]}<\/script>\n<!-- \/ Yoast SEO plugin. -->","yoast_head_json":{"robots":{"index":"index","follow":"follow","max-snippet":"max-snippet:-1","max-image-preview":"max-image-preview:large","max-video-preview":"max-video-preview:-1"},"canonical":"https:\/\/lax.fm\/portal\/promociones\/alianza-entre-coors-light-y-nba-trae-nueva-campana-publicitaria-con-latas-conmemorativas\/","og_locale":"en_US","og_type":"article","og_title":"Alianza entre Coors Light y NBA trae nueva campa\u00f1a publicitaria con latas conmemorativas - La-X - Gente con la m\u00fasica por dentro","og_description":"Conoce a Dominique Wilkins y Robert Horry en NBA Game Night Con motivo de la celebraci\u00f3n de la final de los juegos de la \u201cNational Basketball Asociation\u201d (NBA, por sus siglas en ingl\u00e9s) la cerveza Coors Light lanz\u00f3 al mercado una colecci\u00f3n exclusiva de latas conmemorativas, con la cual introducen su nueva campa\u00f1a publicitaria y el [...]","og_url":"https:\/\/lax.fm\/portal\/promociones\/alianza-entre-coors-light-y-nba-trae-nueva-campana-publicitaria-con-latas-conmemorativas\/","og_site_name":"La-X - Gente con la m\u00fasica por dentro","article_publisher":"http:\/\/www.facebook.com\/laxpr","article_author":"http:\/\/www.facebook.com\/laxpr","article_published_time":"2019-05-22T21:55:22+00:00","og_image":[{"width":1000,"height":563,"url":"https:\/\/lax.fm\/portal\/wp-content\/uploads\/2019\/05\/NBA-2019-PR-Coors-15ss-WEB.jpg","type":"image\/jpeg"}],"twitter_card":"summary","twitter_creator":"@http:\/\/www.twitter.com\/laxpr","twitter_site":"@laxpr","twitter_misc":{"Written by":"La X","Est. reading time":"2 minutes"},"schema":{"@context":"https:\/\/schema.org","@graph":[{"@type":"WebSite","@id":"https:\/\/lax.fm\/portal\/#website","url":"https:\/\/lax.fm\/portal\/","name":"La-X - Gente con la m\u00fasica por dentro","description":"Radio Visual","potentialAction":[{"@type":"SearchAction","target":{"@type":"EntryPoint","urlTemplate":"https:\/\/lax.fm\/portal\/?s={search_term_string}"},"query-input":"required name=search_term_string"}],"inLanguage":"en-US"},{"@type":"ImageObject","@id":"https:\/\/lax.fm\/portal\/promociones\/alianza-entre-coors-light-y-nba-trae-nueva-campana-publicitaria-con-latas-conmemorativas\/#primaryimage","inLanguage":"en-US","url":"https:\/\/lax.fm\/portal\/wp-content\/uploads\/2019\/05\/NBA-2019-PR-Coors-15ss-WEB.jpg","contentUrl":"https:\/\/lax.fm\/portal\/wp-content\/uploads\/2019\/05\/NBA-2019-PR-Coors-15ss-WEB.jpg","width":1000,"height":563},{"@type":"WebPage","@id":"https:\/\/lax.fm\/portal\/promociones\/alianza-entre-coors-light-y-nba-trae-nueva-campana-publicitaria-con-latas-conmemorativas\/#webpage","url":"https:\/\/lax.fm\/portal\/promociones\/alianza-entre-coors-light-y-nba-trae-nueva-campana-publicitaria-con-latas-conmemorativas\/","name":"Alianza entre Coors Light y NBA trae nueva campa\u00f1a publicitaria con latas conmemorativas - La-X - Gente con la m\u00fasica por dentro","isPartOf":{"@id":"https:\/\/lax.fm\/portal\/#website"},"primaryImageOfPage":{"@id":"https:\/\/lax.fm\/portal\/promociones\/alianza-entre-coors-light-y-nba-trae-nueva-campana-publicitaria-con-latas-conmemorativas\/#primaryimage"},"datePublished":"2019-05-22T21:55:22+00:00","dateModified":"2019-05-22T21:55:22+00:00","author":{"@id":"https:\/\/lax.fm\/portal\/#\/schema\/person\/dffa89146b1fa98303668501e8ae48b8"},"breadcrumb":{"@id":"https:\/\/lax.fm\/portal\/promociones\/alianza-entre-coors-light-y-nba-trae-nueva-campana-publicitaria-con-latas-conmemorativas\/#breadcrumb"},"inLanguage":"en-US","potentialAction":[{"@type":"ReadAction","target":["https:\/\/lax.fm\/portal\/promociones\/alianza-entre-coors-light-y-nba-trae-nueva-campana-publicitaria-con-latas-conmemorativas\/"]}]},{"@type":"BreadcrumbList","@id":"https:\/\/lax.fm\/portal\/promociones\/alianza-entre-coors-light-y-nba-trae-nueva-campana-publicitaria-con-latas-conmemorativas\/#breadcrumb","itemListElement":[{"@type":"ListItem","position":1,"name":"Home","item":"https:\/\/lax.fm\/portal\/"},{"@type":"ListItem","position":2,"name":"Alianza entre Coors Light y NBA trae nueva campa\u00f1a publicitaria con latas conmemorativas"}]},{"@type":"Person","@id":"https:\/\/lax.fm\/portal\/#\/schema\/person\/dffa89146b1fa98303668501e8ae48b8","name":"La X","image":{"@type":"ImageObject","@id":"https:\/\/lax.fm\/portal\/#personlogo","inLanguage":"en-US","url":"https:\/\/secure.gravatar.com\/avatar\/bd4bc52f18ab67b6950c7667e82f4b83?s=96&d=mm&r=g","contentUrl":"https:\/\/secure.gravatar.com\/avatar\/bd4bc52f18ab67b6950c7667e82f4b83?s=96&d=mm&r=g","caption":"La X"},"sameAs":["http:\/\/www.lax.fm","http:\/\/www.facebook.com\/laxpr","https:\/\/twitter.com\/http:\/\/www.twitter.com\/laxpr"],"url":"https:\/\/lax.fm\/portal\/author\/la-x\/"}]}},"_links":{"self":[{"href":"https:\/\/lax.fm\/portal\/wp-json\/wp\/v2\/posts\/3292"}],"collection":[{"href":"https:\/\/lax.fm\/portal\/wp-json\/wp\/v2\/posts"}],"about":[{"href":"https:\/\/lax.fm\/portal\/wp-json\/wp\/v2\/types\/post"}],"author":[{"embeddable":true,"href":"https:\/\/lax.fm\/portal\/wp-json\/wp\/v2\/users\/56"}],"replies":[{"embeddable":true,"href":"https:\/\/lax.fm\/portal\/wp-json\/wp\/v2\/comments?post=3292"}],"version-history":[{"count":1,"href":"https:\/\/lax.fm\/portal\/wp-json\/wp\/v2\/posts\/3292\/revisions"}],"predecessor-version":[{"id":3293,"href":"https:\/\/lax.fm\/portal\/wp-json\/wp\/v2\/posts\/3292\/revisions\/3293"}],"wp:featuredmedia":[{"embeddable":true,"href":"https:\/\/lax.fm\/portal\/wp-json\/wp\/v2\/media\/3290"}],"wp:attachment":[{"href":"https:\/\/lax.fm\/portal\/wp-json\/wp\/v2\/media?parent=3292"}],"wp:term":[{"taxonomy":"category","embeddable":true,"href":"https:\/\/lax.fm\/portal\/wp-json\/wp\/v2\/categories?post=3292"},{"taxonomy":"post_tag","embeddable":true,"href":"https:\/\/lax.fm\/portal\/wp-json\/wp\/v2\/tags?post=3292"}],"curies":[{"name":"wp","href":"https:\/\/api.w.org\/{rel}","templated":true}]}}