{"id":3011,"date":"2018-11-16T13:46:56","date_gmt":"2018-11-16T17:46:56","guid":{"rendered":"http:\/\/lax.fm\/portal\/?p=3011"},"modified":"2018-11-16T13:46:56","modified_gmt":"2018-11-16T17:46:56","slug":"nissan-confirma-la-llegada-del-nuevo-altima-2019-a-puerto-rico","status":"publish","type":"post","link":"https:\/\/lax.fm\/portal\/promociones\/nissan-confirma-la-llegada-del-nuevo-altima-2019-a-puerto-rico\/","title":{"rendered":"Nissan confirma la llegada del nuevo Altima 2019 a Puerto Rico"},"content":{"rendered":"<p>Nissan present\u00f3 el nuevo Altima 2019\u00a0en una exclusiva presentaci\u00f3n para prensa en Art &amp; Design Studio, en Puerta de Tierra. El lugar fue el id\u00f3neo para mostrar la fusi\u00f3n del arte y el\u00a0nuevo lenguaje de dise\u00f1o para los sedanes de la marca a nivel mundial que integra\u00a0avanzadas tecnolog\u00edas inteligentes bajo la visi\u00f3n de marca\u00a0Nissan Intelligent Mobility, que busca cambiar la forma en que los veh\u00edculos son conducidos, impulsados e integrados a la sociedad.<\/p>\n<p>Rodeado de un ambiente matizado por el arte, Lourdes Roche, gerente de mercadeo Nissan en Puerto Rico, devel\u00f3 ante los invitados el totalmente nuevo Nissan Altima 2019, que se distingue por su estilo elegante, con un dise\u00f1o exterior expresivo\u00a0y sofisticado. \u2018Esta sexta generaci\u00f3n del Altima llega al mercado para energizar el segmento de sedanes en t\u00e9rminos de dise\u00f1o, sensaci\u00f3n de manejo y en hacer que las\u00a0tecnolog\u00edas avanzadas est\u00e9n disponibles y sean asequibles para todos&#8221;, puntualiz\u00f3.<\/p>\n<p>Con Altima 2019, la marca nipona revive la emoci\u00f3n de los sedanes medianos y ofrece a los conductores una experiencia de manejo m\u00e1s segura, menos estresante y m\u00e1s emocionante.\u00a0Esto, gracias al conjunto de tecnolog\u00edas\u00a0Nissan Intelligent Mobility\u00a0que se distingue por enfocarse en tres \u00e1reas: monitoreo, respuesta\u00a0y protecci\u00f3n para intervenir en situaciones inesperadas y ofrecer un manejo seguro y confortable.<\/p>\n<p>Tomando en consideraci\u00f3n la importancia de Altima\u00a0para Nissan, \u00e9sta ha sido la mayor inversi\u00f3n que ha realizado la marca en el desarrollo de una plataforma, introduciendo por primera vez dos nuevos motores para un cambio de a\u00f1o modelo.<\/p>\n<p>Cabe destacar el interior de este sedan mediano que se caracteriza por ofrecer un alto nivel de comodidad y conveniencia para los pasajeros, por medio de los asientos cero gravedad, que proveen un mejor soporte para los pasajeros.\u00a0La conectividad al interior est\u00e1 asegurada gracias a los sistemas Apple CarPlay\u2122 y Android AutoTM, integrados de manera est\u00e1ndar.<\/p>\n<p>Todas las versiones disponibles de Altima 2019 tambi\u00e9n vienen equipadas con una pantalla a color multit\u00e1ctil est\u00e1ndar de 8 pulgadas, sistema de tel\u00e9fono manos libres Bluetooth\u00ae, transmisi\u00f3n de audio a trav\u00e9s de Bluetooth\u00ae, asistencia de mensajer\u00eda de texto manos libres, y reconocimiento de voz Siri\u00ae Eyes Free.<\/p>\n<p>En cuanto a su exterior, Nissan Altima 2019, posee\u00a0un dise\u00f1o expresivo con l\u00edneas de car\u00e1cter frontales, laterales y posteriores, que le otorgan una imagen m\u00e1s deportiva y aerodin\u00e1mica, sin perder su estilo elegante.\u00a0Su\u00a0carrocer\u00eda es m\u00e1s baja, m\u00e1s larga y m\u00e1s ancha que la generaci\u00f3n anterior, con una postura imponente y altamente equilibrada que ofrece aros de 19 pulgadas en la versi\u00f3n SR.<\/p>\n<p>Altima 2019 ya est\u00e1 disponible en la red de concesionarios Nissan autorizados presentando dos nuevos motores: el motor est\u00e1ndar de 2.5 litros, 4 cilindros DOHC y elavanzado motor 2.0L VC-Turbo, de compresi\u00f3n variable, 4 cilindros y que otorga una potencia de 248 hp.\u00a0Este es el primer motor turbo de comprensi\u00f3n variable de Nissan en el mundo. Estos nuevos sistemas de motor est\u00e1n dise\u00f1ados para ofrecer un mayor torquey potencia, as\u00ed como mejoras en el ruido y la vibraci\u00f3n, adem\u00e1s de una mayor econom\u00eda de combustible.<\/p>\n<p><iframe loading=\"lazy\" width=\"900\" height=\"506\" src=\"https:\/\/www.youtube.com\/embed\/FlVMhJZ-bvU?feature=oembed\" frameborder=\"0\" allow=\"accelerometer; autoplay; clipboard-write; encrypted-media; gyroscope; picture-in-picture\" allowfullscreen><\/iframe><script type=\"application\/json\" data-arve-oembed>{\"title\":\"VNR   Nissan Altima 2019\",\"author_name\":\"James Lynn\",\"author_url\":\"https:\/\/www.youtube.com\/user\/jameslynn86\",\"type\":\"video\",\"height\":\"506\",\"width\":\"900\",\"version\":\"1.0\",\"provider_name\":\"YouTube\",\"provider_url\":\"https:\/\/www.youtube.com\/\",\"thumbnail_height\":\"360\",\"thumbnail_width\":\"480\",\"thumbnail_url\":\"https:\/\/i.ytimg.com\/vi\/FlVMhJZ-bvU\/hqdefault.jpg\",\"html\":\"&lt;iframe width=&quot;900&quot; height=&quot;506&quot; src=&quot;https:\/\/www.youtube.com\/embed\/FlVMhJZ-bvU?feature=oembed&quot; frameborder=&quot;0&quot; allow=&quot;accelerometer; autoplay; clipboard-write; encrypted-media; gyroscope; picture-in-picture&quot; allowfullscreen&gt;&lt;\/iframe&gt;\",\"arve_cachetime\":\"2021-04-28 21:49:21\",\"arve_url\":\"https:\/\/youtu.be\/FlVMhJZ-bvU\",\"arve_srcset\":\"https:\/\/i.ytimg.com\/vi\/FlVMhJZ-bvU\/mqdefault.jpg 320w, https:\/\/i.ytimg.com\/vi\/FlVMhJZ-bvU\/hqdefault.jpg 480w\"}<\/script><\/p>\n<p>Para m\u00e1s informaci\u00f3n sobre Altima 2019 accede a la p\u00e1gina\u00a0<a href=\"https:\/\/es.nissan.pr\/\" target=\"_blank\" rel=\"noopener\">https:\/\/es.nissan.pr\/<\/a>\u00a0o hazte fan de la marca a trav\u00e9s de sus redes sociales en\u00a0<a href=\"http:\/\/Facebook.com\/Nissanpr\" target=\"_blank\" rel=\"noopener\">Facebook\/Nissanpr<\/a>. Visita su concesionario Nissan m\u00e1s cercano para conocer el modelo en persona.<\/p>\n","protected":false},"excerpt":{"rendered":"<p>Nissan present\u00f3 el nuevo Altima 2019\u00a0en una exclusiva presentaci\u00f3n para prensa en Art &amp; Design Studio, en Puerta de Tierra. El lugar fue el id\u00f3neo para mostrar la fusi\u00f3n del arte y el\u00a0nuevo lenguaje de dise\u00f1o para los sedanes de la marca a nivel mundial que integra\u00a0avanzadas tecnolog\u00edas inteligentes bajo la visi\u00f3n de marca\u00a0Nissan Intelligent [&#8230;]<\/p>\n","protected":false},"author":56,"featured_media":3013,"comment_status":"open","ping_status":"open","sticky":false,"template":"","format":"standard","meta":{"_monsterinsights_skip_tracking":false,"_monsterinsights_sitenote_active":false,"_monsterinsights_sitenote_note":"","_monsterinsights_sitenote_category":0},"categories":[46],"tags":[379,381,380],"yoast_head":"<!-- This site is optimized with the Yoast SEO plugin v18.2 - https:\/\/yoast.com\/wordpress\/plugins\/seo\/ -->\n<meta name=\"robots\" content=\"index, follow, max-snippet:-1, max-image-preview:large, max-video-preview:-1\" \/>\n<link rel=\"canonical\" href=\"https:\/\/lax.fm\/portal\/promociones\/nissan-confirma-la-llegada-del-nuevo-altima-2019-a-puerto-rico\/\" \/>\n<meta property=\"og:locale\" content=\"en_US\" \/>\n<meta property=\"og:type\" content=\"article\" \/>\n<meta property=\"og:title\" content=\"Nissan confirma la llegada del nuevo Altima 2019 a Puerto Rico - La-X - Gente con la m\u00fasica por dentro\" \/>\n<meta property=\"og:description\" content=\"Nissan present\u00f3 el nuevo Altima 2019\u00a0en una exclusiva presentaci\u00f3n para prensa en Art &amp; Design Studio, en Puerta de Tierra. El lugar fue el id\u00f3neo para mostrar la fusi\u00f3n del arte y el\u00a0nuevo lenguaje de dise\u00f1o para los sedanes de la marca a nivel mundial que integra\u00a0avanzadas tecnolog\u00edas inteligentes bajo la visi\u00f3n de marca\u00a0Nissan Intelligent [...]\" \/>\n<meta property=\"og:url\" content=\"https:\/\/lax.fm\/portal\/promociones\/nissan-confirma-la-llegada-del-nuevo-altima-2019-a-puerto-rico\/\" \/>\n<meta property=\"og:site_name\" content=\"La-X - Gente con la m\u00fasica por dentro\" \/>\n<meta property=\"article:publisher\" content=\"http:\/\/www.facebook.com\/laxpr\" \/>\n<meta property=\"article:author\" content=\"http:\/\/www.facebook.com\/laxpr\" \/>\n<meta property=\"article:published_time\" content=\"2018-11-16T17:46:56+00:00\" \/>\n<meta property=\"og:image\" content=\"https:\/\/lax.fm\/portal\/wp-content\/uploads\/2018\/11\/altima.jpg\" \/>\n\t<meta property=\"og:image:width\" content=\"1529\" \/>\n\t<meta property=\"og:image:height\" content=\"765\" \/>\n\t<meta property=\"og:image:type\" content=\"image\/jpeg\" \/>\n<meta name=\"twitter:card\" content=\"summary\" \/>\n<meta name=\"twitter:creator\" content=\"@http:\/\/www.twitter.com\/laxpr\" \/>\n<meta name=\"twitter:site\" content=\"@laxpr\" \/>\n<meta name=\"twitter:label1\" content=\"Written by\" \/>\n\t<meta name=\"twitter:data1\" content=\"La X\" \/>\n\t<meta name=\"twitter:label2\" content=\"Est. reading time\" \/>\n\t<meta name=\"twitter:data2\" content=\"3 minutes\" \/>\n<script type=\"application\/ld+json\" class=\"yoast-schema-graph\">{\"@context\":\"https:\/\/schema.org\",\"@graph\":[{\"@type\":\"WebSite\",\"@id\":\"https:\/\/lax.fm\/portal\/#website\",\"url\":\"https:\/\/lax.fm\/portal\/\",\"name\":\"La-X - Gente con la m\u00fasica por dentro\",\"description\":\"Radio Visual\",\"potentialAction\":[{\"@type\":\"SearchAction\",\"target\":{\"@type\":\"EntryPoint\",\"urlTemplate\":\"https:\/\/lax.fm\/portal\/?s={search_term_string}\"},\"query-input\":\"required name=search_term_string\"}],\"inLanguage\":\"en-US\"},{\"@type\":\"ImageObject\",\"@id\":\"https:\/\/lax.fm\/portal\/promociones\/nissan-confirma-la-llegada-del-nuevo-altima-2019-a-puerto-rico\/#primaryimage\",\"inLanguage\":\"en-US\",\"url\":\"https:\/\/lax.fm\/portal\/wp-content\/uploads\/2018\/11\/altima.jpg\",\"contentUrl\":\"https:\/\/lax.fm\/portal\/wp-content\/uploads\/2018\/11\/altima.jpg\",\"width\":1529,\"height\":765},{\"@type\":\"WebPage\",\"@id\":\"https:\/\/lax.fm\/portal\/promociones\/nissan-confirma-la-llegada-del-nuevo-altima-2019-a-puerto-rico\/#webpage\",\"url\":\"https:\/\/lax.fm\/portal\/promociones\/nissan-confirma-la-llegada-del-nuevo-altima-2019-a-puerto-rico\/\",\"name\":\"Nissan confirma la llegada del nuevo Altima 2019 a Puerto Rico - La-X - Gente con la m\u00fasica por dentro\",\"isPartOf\":{\"@id\":\"https:\/\/lax.fm\/portal\/#website\"},\"primaryImageOfPage\":{\"@id\":\"https:\/\/lax.fm\/portal\/promociones\/nissan-confirma-la-llegada-del-nuevo-altima-2019-a-puerto-rico\/#primaryimage\"},\"datePublished\":\"2018-11-16T17:46:56+00:00\",\"dateModified\":\"2018-11-16T17:46:56+00:00\",\"author\":{\"@id\":\"https:\/\/lax.fm\/portal\/#\/schema\/person\/dffa89146b1fa98303668501e8ae48b8\"},\"breadcrumb\":{\"@id\":\"https:\/\/lax.fm\/portal\/promociones\/nissan-confirma-la-llegada-del-nuevo-altima-2019-a-puerto-rico\/#breadcrumb\"},\"inLanguage\":\"en-US\",\"potentialAction\":[{\"@type\":\"ReadAction\",\"target\":[\"https:\/\/lax.fm\/portal\/promociones\/nissan-confirma-la-llegada-del-nuevo-altima-2019-a-puerto-rico\/\"]}]},{\"@type\":\"BreadcrumbList\",\"@id\":\"https:\/\/lax.fm\/portal\/promociones\/nissan-confirma-la-llegada-del-nuevo-altima-2019-a-puerto-rico\/#breadcrumb\",\"itemListElement\":[{\"@type\":\"ListItem\",\"position\":1,\"name\":\"Home\",\"item\":\"https:\/\/lax.fm\/portal\/\"},{\"@type\":\"ListItem\",\"position\":2,\"name\":\"Nissan confirma la llegada del nuevo Altima 2019 a Puerto Rico\"}]},{\"@type\":\"Person\",\"@id\":\"https:\/\/lax.fm\/portal\/#\/schema\/person\/dffa89146b1fa98303668501e8ae48b8\",\"name\":\"La X\",\"image\":{\"@type\":\"ImageObject\",\"@id\":\"https:\/\/lax.fm\/portal\/#personlogo\",\"inLanguage\":\"en-US\",\"url\":\"https:\/\/secure.gravatar.com\/avatar\/bd4bc52f18ab67b6950c7667e82f4b83?s=96&d=mm&r=g\",\"contentUrl\":\"https:\/\/secure.gravatar.com\/avatar\/bd4bc52f18ab67b6950c7667e82f4b83?s=96&d=mm&r=g\",\"caption\":\"La X\"},\"sameAs\":[\"http:\/\/www.lax.fm\",\"http:\/\/www.facebook.com\/laxpr\",\"https:\/\/twitter.com\/http:\/\/www.twitter.com\/laxpr\"],\"url\":\"https:\/\/lax.fm\/portal\/author\/la-x\/\"}]}<\/script>\n<!-- \/ Yoast SEO plugin. -->","yoast_head_json":{"robots":{"index":"index","follow":"follow","max-snippet":"max-snippet:-1","max-image-preview":"max-image-preview:large","max-video-preview":"max-video-preview:-1"},"canonical":"https:\/\/lax.fm\/portal\/promociones\/nissan-confirma-la-llegada-del-nuevo-altima-2019-a-puerto-rico\/","og_locale":"en_US","og_type":"article","og_title":"Nissan confirma la llegada del nuevo Altima 2019 a Puerto Rico - La-X - Gente con la m\u00fasica por dentro","og_description":"Nissan present\u00f3 el nuevo Altima 2019\u00a0en una exclusiva presentaci\u00f3n para prensa en Art &amp; Design Studio, en Puerta de Tierra. El lugar fue el id\u00f3neo para mostrar la fusi\u00f3n del arte y el\u00a0nuevo lenguaje de dise\u00f1o para los sedanes de la marca a nivel mundial que integra\u00a0avanzadas tecnolog\u00edas inteligentes bajo la visi\u00f3n de marca\u00a0Nissan Intelligent [...]","og_url":"https:\/\/lax.fm\/portal\/promociones\/nissan-confirma-la-llegada-del-nuevo-altima-2019-a-puerto-rico\/","og_site_name":"La-X - Gente con la m\u00fasica por dentro","article_publisher":"http:\/\/www.facebook.com\/laxpr","article_author":"http:\/\/www.facebook.com\/laxpr","article_published_time":"2018-11-16T17:46:56+00:00","og_image":[{"width":1529,"height":765,"url":"https:\/\/lax.fm\/portal\/wp-content\/uploads\/2018\/11\/altima.jpg","type":"image\/jpeg"}],"twitter_card":"summary","twitter_creator":"@http:\/\/www.twitter.com\/laxpr","twitter_site":"@laxpr","twitter_misc":{"Written by":"La X","Est. reading time":"3 minutes"},"schema":{"@context":"https:\/\/schema.org","@graph":[{"@type":"WebSite","@id":"https:\/\/lax.fm\/portal\/#website","url":"https:\/\/lax.fm\/portal\/","name":"La-X - Gente con la m\u00fasica por dentro","description":"Radio Visual","potentialAction":[{"@type":"SearchAction","target":{"@type":"EntryPoint","urlTemplate":"https:\/\/lax.fm\/portal\/?s={search_term_string}"},"query-input":"required name=search_term_string"}],"inLanguage":"en-US"},{"@type":"ImageObject","@id":"https:\/\/lax.fm\/portal\/promociones\/nissan-confirma-la-llegada-del-nuevo-altima-2019-a-puerto-rico\/#primaryimage","inLanguage":"en-US","url":"https:\/\/lax.fm\/portal\/wp-content\/uploads\/2018\/11\/altima.jpg","contentUrl":"https:\/\/lax.fm\/portal\/wp-content\/uploads\/2018\/11\/altima.jpg","width":1529,"height":765},{"@type":"WebPage","@id":"https:\/\/lax.fm\/portal\/promociones\/nissan-confirma-la-llegada-del-nuevo-altima-2019-a-puerto-rico\/#webpage","url":"https:\/\/lax.fm\/portal\/promociones\/nissan-confirma-la-llegada-del-nuevo-altima-2019-a-puerto-rico\/","name":"Nissan confirma la llegada del nuevo Altima 2019 a Puerto Rico - La-X - Gente con la m\u00fasica por dentro","isPartOf":{"@id":"https:\/\/lax.fm\/portal\/#website"},"primaryImageOfPage":{"@id":"https:\/\/lax.fm\/portal\/promociones\/nissan-confirma-la-llegada-del-nuevo-altima-2019-a-puerto-rico\/#primaryimage"},"datePublished":"2018-11-16T17:46:56+00:00","dateModified":"2018-11-16T17:46:56+00:00","author":{"@id":"https:\/\/lax.fm\/portal\/#\/schema\/person\/dffa89146b1fa98303668501e8ae48b8"},"breadcrumb":{"@id":"https:\/\/lax.fm\/portal\/promociones\/nissan-confirma-la-llegada-del-nuevo-altima-2019-a-puerto-rico\/#breadcrumb"},"inLanguage":"en-US","potentialAction":[{"@type":"ReadAction","target":["https:\/\/lax.fm\/portal\/promociones\/nissan-confirma-la-llegada-del-nuevo-altima-2019-a-puerto-rico\/"]}]},{"@type":"BreadcrumbList","@id":"https:\/\/lax.fm\/portal\/promociones\/nissan-confirma-la-llegada-del-nuevo-altima-2019-a-puerto-rico\/#breadcrumb","itemListElement":[{"@type":"ListItem","position":1,"name":"Home","item":"https:\/\/lax.fm\/portal\/"},{"@type":"ListItem","position":2,"name":"Nissan confirma la llegada del nuevo Altima 2019 a Puerto Rico"}]},{"@type":"Person","@id":"https:\/\/lax.fm\/portal\/#\/schema\/person\/dffa89146b1fa98303668501e8ae48b8","name":"La X","image":{"@type":"ImageObject","@id":"https:\/\/lax.fm\/portal\/#personlogo","inLanguage":"en-US","url":"https:\/\/secure.gravatar.com\/avatar\/bd4bc52f18ab67b6950c7667e82f4b83?s=96&d=mm&r=g","contentUrl":"https:\/\/secure.gravatar.com\/avatar\/bd4bc52f18ab67b6950c7667e82f4b83?s=96&d=mm&r=g","caption":"La X"},"sameAs":["http:\/\/www.lax.fm","http:\/\/www.facebook.com\/laxpr","https:\/\/twitter.com\/http:\/\/www.twitter.com\/laxpr"],"url":"https:\/\/lax.fm\/portal\/author\/la-x\/"}]}},"_links":{"self":[{"href":"https:\/\/lax.fm\/portal\/wp-json\/wp\/v2\/posts\/3011"}],"collection":[{"href":"https:\/\/lax.fm\/portal\/wp-json\/wp\/v2\/posts"}],"about":[{"href":"https:\/\/lax.fm\/portal\/wp-json\/wp\/v2\/types\/post"}],"author":[{"embeddable":true,"href":"https:\/\/lax.fm\/portal\/wp-json\/wp\/v2\/users\/56"}],"replies":[{"embeddable":true,"href":"https:\/\/lax.fm\/portal\/wp-json\/wp\/v2\/comments?post=3011"}],"version-history":[{"count":3,"href":"https:\/\/lax.fm\/portal\/wp-json\/wp\/v2\/posts\/3011\/revisions"}],"predecessor-version":[{"id":3015,"href":"https:\/\/lax.fm\/portal\/wp-json\/wp\/v2\/posts\/3011\/revisions\/3015"}],"wp:featuredmedia":[{"embeddable":true,"href":"https:\/\/lax.fm\/portal\/wp-json\/wp\/v2\/media\/3013"}],"wp:attachment":[{"href":"https:\/\/lax.fm\/portal\/wp-json\/wp\/v2\/media?parent=3011"}],"wp:term":[{"taxonomy":"category","embeddable":true,"href":"https:\/\/lax.fm\/portal\/wp-json\/wp\/v2\/categories?post=3011"},{"taxonomy":"post_tag","embeddable":true,"href":"https:\/\/lax.fm\/portal\/wp-json\/wp\/v2\/tags?post=3011"}],"curies":[{"name":"wp","href":"https:\/\/api.w.org\/{rel}","templated":true}]}}