{"id":3004,"date":"2018-11-12T09:02:33","date_gmt":"2018-11-12T13:02:33","guid":{"rendered":"http:\/\/lax.fm\/portal\/?p=3004"},"modified":"2019-05-05T14:08:42","modified_gmt":"2019-05-05T18:08:42","slug":"suena-superior-para-talentos-de-escuela-superior","status":"publish","type":"post","link":"https:\/\/lax.fm\/portal\/concursos\/suena-superior-para-talentos-de-escuela-superior\/","title":{"rendered":"SUENA SUPERIOR para Talentos de Escuela Superior"},"content":{"rendered":"<h3>El periodo de votaci\u00f3n ha finalizado. Ya estamos prepar\u00e1ndonos para la Gran Final este pr\u00f3ximo viernes 3 de mayo de 2019.<\/h3>\n<h3>Qu\u00e9date conectado y mantente al d\u00eda con toda la informaci\u00f3n en<strong> <a href=\"http:\/\/www.SuenaSuperior.com\" target=\"_blank\" rel=\"noopener\">www.SuenaSuperior.com<\/a><\/strong> &lt;&lt;<\/h3>\n<hr \/>\n<p>SUENA SUPERIOR es el concurso en l\u00ednea para talentos de escuela superior. Al ganador se le producir\u00e1 un track original con profesionales en el g\u00e9nero con el que compiti\u00f3 y los materiales de promoci\u00f3n.<\/p>\n<h3>Reglas de participaci\u00f3n<\/h3>\n<ul>\n<li>Un Concurso para estudiantes de escuela superior o que est\u00e9n entre las edades de 14 y 18 a\u00f1os y que residan en Puerto Rico.<\/li>\n<li>Ser\u00e1n elegibles solistas, duos, trios o grupos.<\/li>\n<li>Todos los g\u00e9neros compiten juntos.<\/li>\n<li>Pueden participar con una interpretaci\u00f3n instrumental o con letra.<\/li>\n<li>La m\u00fasica con la que participan no tiene que ser original.<\/li>\n<li><a href=\"https:\/\/oyelomio.com\/\" target=\"_blank\" rel=\"noopener\">Oye Lo M\u00edo<\/a> ser\u00e1 el productor del track original del ganador.<\/li>\n<li>Los y las participantes de \u201cSuena Superior 2019\u201d se comprometen a cumplir con todas las reuniones, ensayos, promociones y cualquier actividad relacionada al evento.<\/li>\n<li>Los y las finalistas deben estar listos para ensayar del 6 de abril del 2019 al 2 de mayo del 2019. En el horario de 5:00 a 8:00 pm.<\/li>\n<li>Cada participante deber\u00e1 tener una persona adulta responsable con capacidad legal, quien se mantendr\u00e1 en contacto con el equipo de trabajo de Oye Lo M\u00edo.<\/li>\n<\/ul>\n<h3>C\u00f3mo participan los talentos<\/h3>\n<ul>\n<li>Los interesados y las interesadas deber\u00e1n subir su video de participaci\u00f3n a Youtube. Recomendamos creen una cuenta.<\/li>\n<li>Los interesados y las interesadas tienen entre el 28 de enero del 2019 y el 17 de marzo del 2019 para subir su video de participaci\u00f3n a <a href=\"https:\/\/oyelomio.com\/\" target=\"_blank\" rel=\"noopener\">oyelomio.com<\/a><\/li>\n<li>El periodo de votaci\u00f3n ser\u00e1 del 18 de marzo del 2019 al 3 de abril del 2019.<\/li>\n<\/ul>\n<h3>C\u00f3mo participa la fanaticada durante el proceso de votaci\u00f3n<\/h3>\n<ul>\n<li>Para votar la fanaticada tiene que registrarse en la plataforma del concurso oyelomio.com<\/li>\n<li>Una vez se abre el proceso de votaci\u00f3n, podr\u00e1n votar por su talento favorito dando un like a la pieza.<\/li>\n<li>Podr\u00e1 votar por m\u00faltiples participantes pero solo podr\u00e1 emitir 1 voto por participante.<\/li>\n<\/ul>\n<h3>Durante el proceso de votaci\u00f3n<\/h3>\n<ul>\n<li>El proceso de votaci\u00f3n iniciar\u00e1 el 18 de marzo del 2019 hasta el 3 de abril del 2019.<\/li>\n<li>Con el voto de la fanaticada y el voto de un panel de jueces, compuesto de 5 profesionales de la industria de la m\u00fasica, se escoger\u00e1n las 5 participaciones con m\u00e1s votos (likes), los finalistas.<\/li>\n<li>El voto que emita el panel de jueces tendr\u00e1 un valor equivalente a dos terceras partes ( ? ) de la cantidad de votos recibida por el joven o la joven que m\u00e1s votos haya sacado.<\/li>\n<li>Los votos del panel de jueces se suman a los que el talento ya haya recibido.<\/li>\n<\/ul>\n<h3>Luego del periodo de votaci\u00f3n<\/h3>\n<ul>\n<li>Los o las 5 finalistas participar\u00e1n en un evento en vivo donde se escoger\u00e1 al ganador o ganadora.<\/li>\n<li>Los votos para la selecci\u00f3n del ganador o ganadora se emiten el d\u00eda de la competencia, en un tiempo determinado.<\/li>\n<li>El ganador o ganadora de la final se escoger\u00e1 con los votos del p\u00fablico cibernauta y p\u00fablico presente en el evento final.<\/li>\n<li>El voto que emita el panel de jueces tendr\u00e1 un valor equivalente a dos terceras partes ( ? ) de la cantidad de votos recibida por el joven o la joven que m\u00e1s votos haya sacado.<\/li>\n<li>Los votos del panel de jueces se suman a los que el talento ya haya recibido.<\/li>\n<\/ul>\n<h3>Una vez se escoge al ganador o ganadora<\/h3>\n<ul>\n<li>El ganador o ganadora tendr\u00e1 la oportunidad de participar del proceso de grabar una interpretaci\u00f3n original con los profesionales de la industria en el g\u00e9nero con el que particip\u00f3, adem\u00e1s de trabajar en los materiales de promoci\u00f3n.<\/li>\n<li>El sencillo ganador ser\u00e1 promovido por OLM.<\/li>\n<li>El ganador o ganadora se compromete a cumplir con los compromisos relacionados a la producci\u00f3n y el mercadeo de ese sencillo.<\/li>\n<li>De haber ingresos por la promoci\u00f3n del track, esos ingresos se dividir\u00e1n entre Oye Lo Mio, el artista, compositor y arreglista de acuerdo a los est\u00e1ndares de la industria.<\/li>\n<\/ul>\n<h3>R+R y Oye Lo Mio se reservan el derecho de:<\/h3>\n<ul>\n<li>Admisi\u00f3n.<\/li>\n<li>Hacer cambios en la selecci\u00f3n de la m\u00fasica y\/o mezclas (\u201cmixeo\u201d) de las producciones musicales finalistas para cumplir con los derechos autorales o editoriales, si fuera necesario.<\/li>\n<li>Realizar cualquier cambio que estime conveniente en las fechas establecidas y en la producci\u00f3n general del evento.<\/li>\n<li>Sacar del concurso a cualquier grupo o individuo que no est\u00e9 haciendo uso correcto del concurso Suena Superior y\/o sus plataformas digitales.<\/li>\n<li>Hacer uso de la m\u00fasica, fotos y video de los participantes para promoci\u00f3n del evento a trav\u00e9s de oyelomio.com y sus plataforma digitales, plataformas o medios de sus auspiciadores o medios nacionales.<\/li>\n<\/ul>\n<p>&nbsp;<\/p>\n<p>&nbsp;<\/p>\n","protected":false},"excerpt":{"rendered":"<p>SUENA SUPERIOR es el concurso en l\u00ednea para talentos de escuela superior. Al ganador se le producir\u00e1 un track original con profesionales en el g\u00e9nero con el que compiti\u00f3, un makeover de imagen, un video clip y sesi\u00f3n de fotograf\u00edas.<\/p>\n","protected":false},"author":56,"featured_media":3186,"comment_status":"open","ping_status":"open","sticky":false,"template":"","format":"standard","meta":{"_monsterinsights_skip_tracking":false,"_monsterinsights_sitenote_active":false,"_monsterinsights_sitenote_note":"","_monsterinsights_sitenote_category":0},"categories":[76],"tags":[378,379,75,391,377],"yoast_head":"<!-- This site is optimized with the Yoast SEO plugin v18.2 - https:\/\/yoast.com\/wordpress\/plugins\/seo\/ -->\n<meta name=\"robots\" content=\"index, follow, max-snippet:-1, max-image-preview:large, max-video-preview:-1\" \/>\n<link rel=\"canonical\" href=\"https:\/\/lax.fm\/portal\/concursos\/suena-superior-para-talentos-de-escuela-superior\/\" \/>\n<meta property=\"og:locale\" content=\"en_US\" \/>\n<meta property=\"og:type\" content=\"article\" \/>\n<meta property=\"og:title\" content=\"SUENA SUPERIOR para Talentos de Escuela Superior - La-X - Gente con la m\u00fasica por dentro\" \/>\n<meta property=\"og:description\" content=\"SUENA SUPERIOR es el concurso en l\u00ednea para talentos de escuela superior. Al ganador se le producir\u00e1 un track original con profesionales en el g\u00e9nero con el que compiti\u00f3, un makeover de imagen, un video clip y sesi\u00f3n de fotograf\u00edas.\" \/>\n<meta property=\"og:url\" content=\"https:\/\/lax.fm\/portal\/concursos\/suena-superior-para-talentos-de-escuela-superior\/\" \/>\n<meta property=\"og:site_name\" content=\"La-X - Gente con la m\u00fasica por dentro\" \/>\n<meta property=\"article:publisher\" content=\"http:\/\/www.facebook.com\/laxpr\" \/>\n<meta property=\"article:author\" content=\"http:\/\/www.facebook.com\/laxpr\" \/>\n<meta property=\"article:published_time\" content=\"2018-11-12T13:02:33+00:00\" \/>\n<meta property=\"article:modified_time\" content=\"2019-05-05T18:08:42+00:00\" \/>\n<meta property=\"og:image\" content=\"https:\/\/lax.fm\/portal\/wp-content\/uploads\/2018\/11\/slider-ARTE-LA-FINAL-SUENA-SUPERIOR-LA-X.jpg\" \/>\n\t<meta property=\"og:image:width\" content=\"1188\" \/>\n\t<meta property=\"og:image:height\" content=\"503\" \/>\n\t<meta property=\"og:image:type\" content=\"image\/jpeg\" \/>\n<meta name=\"twitter:card\" content=\"summary\" \/>\n<meta name=\"twitter:creator\" content=\"@http:\/\/www.twitter.com\/laxpr\" \/>\n<meta name=\"twitter:site\" content=\"@laxpr\" \/>\n<meta name=\"twitter:label1\" content=\"Written by\" \/>\n\t<meta name=\"twitter:data1\" content=\"La X\" \/>\n\t<meta name=\"twitter:label2\" content=\"Est. reading time\" \/>\n\t<meta name=\"twitter:data2\" content=\"4 minutes\" \/>\n<script type=\"application\/ld+json\" class=\"yoast-schema-graph\">{\"@context\":\"https:\/\/schema.org\",\"@graph\":[{\"@type\":\"WebSite\",\"@id\":\"https:\/\/lax.fm\/portal\/#website\",\"url\":\"https:\/\/lax.fm\/portal\/\",\"name\":\"La-X - Gente con la m\u00fasica por dentro\",\"description\":\"Radio Visual\",\"potentialAction\":[{\"@type\":\"SearchAction\",\"target\":{\"@type\":\"EntryPoint\",\"urlTemplate\":\"https:\/\/lax.fm\/portal\/?s={search_term_string}\"},\"query-input\":\"required name=search_term_string\"}],\"inLanguage\":\"en-US\"},{\"@type\":\"ImageObject\",\"@id\":\"https:\/\/lax.fm\/portal\/concursos\/suena-superior-para-talentos-de-escuela-superior\/#primaryimage\",\"inLanguage\":\"en-US\",\"url\":\"https:\/\/lax.fm\/portal\/wp-content\/uploads\/2018\/11\/slider-ARTE-LA-FINAL-SUENA-SUPERIOR-LA-X.jpg\",\"contentUrl\":\"https:\/\/lax.fm\/portal\/wp-content\/uploads\/2018\/11\/slider-ARTE-LA-FINAL-SUENA-SUPERIOR-LA-X.jpg\",\"width\":1188,\"height\":503,\"caption\":\"Suena Superior\"},{\"@type\":\"WebPage\",\"@id\":\"https:\/\/lax.fm\/portal\/concursos\/suena-superior-para-talentos-de-escuela-superior\/#webpage\",\"url\":\"https:\/\/lax.fm\/portal\/concursos\/suena-superior-para-talentos-de-escuela-superior\/\",\"name\":\"SUENA SUPERIOR para Talentos de Escuela Superior - La-X - Gente con la m\u00fasica por dentro\",\"isPartOf\":{\"@id\":\"https:\/\/lax.fm\/portal\/#website\"},\"primaryImageOfPage\":{\"@id\":\"https:\/\/lax.fm\/portal\/concursos\/suena-superior-para-talentos-de-escuela-superior\/#primaryimage\"},\"datePublished\":\"2018-11-12T13:02:33+00:00\",\"dateModified\":\"2019-05-05T18:08:42+00:00\",\"author\":{\"@id\":\"https:\/\/lax.fm\/portal\/#\/schema\/person\/dffa89146b1fa98303668501e8ae48b8\"},\"breadcrumb\":{\"@id\":\"https:\/\/lax.fm\/portal\/concursos\/suena-superior-para-talentos-de-escuela-superior\/#breadcrumb\"},\"inLanguage\":\"en-US\",\"potentialAction\":[{\"@type\":\"ReadAction\",\"target\":[\"https:\/\/lax.fm\/portal\/concursos\/suena-superior-para-talentos-de-escuela-superior\/\"]}]},{\"@type\":\"BreadcrumbList\",\"@id\":\"https:\/\/lax.fm\/portal\/concursos\/suena-superior-para-talentos-de-escuela-superior\/#breadcrumb\",\"itemListElement\":[{\"@type\":\"ListItem\",\"position\":1,\"name\":\"Home\",\"item\":\"https:\/\/lax.fm\/portal\/\"},{\"@type\":\"ListItem\",\"position\":2,\"name\":\"SUENA SUPERIOR para Talentos de Escuela Superior\"}]},{\"@type\":\"Person\",\"@id\":\"https:\/\/lax.fm\/portal\/#\/schema\/person\/dffa89146b1fa98303668501e8ae48b8\",\"name\":\"La X\",\"image\":{\"@type\":\"ImageObject\",\"@id\":\"https:\/\/lax.fm\/portal\/#personlogo\",\"inLanguage\":\"en-US\",\"url\":\"https:\/\/secure.gravatar.com\/avatar\/bd4bc52f18ab67b6950c7667e82f4b83?s=96&d=mm&r=g\",\"contentUrl\":\"https:\/\/secure.gravatar.com\/avatar\/bd4bc52f18ab67b6950c7667e82f4b83?s=96&d=mm&r=g\",\"caption\":\"La X\"},\"sameAs\":[\"http:\/\/www.lax.fm\",\"http:\/\/www.facebook.com\/laxpr\",\"https:\/\/twitter.com\/http:\/\/www.twitter.com\/laxpr\"],\"url\":\"https:\/\/lax.fm\/portal\/author\/la-x\/\"}]}<\/script>\n<!-- \/ Yoast SEO plugin. -->","yoast_head_json":{"robots":{"index":"index","follow":"follow","max-snippet":"max-snippet:-1","max-image-preview":"max-image-preview:large","max-video-preview":"max-video-preview:-1"},"canonical":"https:\/\/lax.fm\/portal\/concursos\/suena-superior-para-talentos-de-escuela-superior\/","og_locale":"en_US","og_type":"article","og_title":"SUENA SUPERIOR para Talentos de Escuela Superior - La-X - Gente con la m\u00fasica por dentro","og_description":"SUENA SUPERIOR es el concurso en l\u00ednea para talentos de escuela superior. Al ganador se le producir\u00e1 un track original con profesionales en el g\u00e9nero con el que compiti\u00f3, un makeover de imagen, un video clip y sesi\u00f3n de fotograf\u00edas.","og_url":"https:\/\/lax.fm\/portal\/concursos\/suena-superior-para-talentos-de-escuela-superior\/","og_site_name":"La-X - Gente con la m\u00fasica por dentro","article_publisher":"http:\/\/www.facebook.com\/laxpr","article_author":"http:\/\/www.facebook.com\/laxpr","article_published_time":"2018-11-12T13:02:33+00:00","article_modified_time":"2019-05-05T18:08:42+00:00","og_image":[{"width":1188,"height":503,"url":"https:\/\/lax.fm\/portal\/wp-content\/uploads\/2018\/11\/slider-ARTE-LA-FINAL-SUENA-SUPERIOR-LA-X.jpg","type":"image\/jpeg"}],"twitter_card":"summary","twitter_creator":"@http:\/\/www.twitter.com\/laxpr","twitter_site":"@laxpr","twitter_misc":{"Written by":"La X","Est. reading time":"4 minutes"},"schema":{"@context":"https:\/\/schema.org","@graph":[{"@type":"WebSite","@id":"https:\/\/lax.fm\/portal\/#website","url":"https:\/\/lax.fm\/portal\/","name":"La-X - Gente con la m\u00fasica por dentro","description":"Radio Visual","potentialAction":[{"@type":"SearchAction","target":{"@type":"EntryPoint","urlTemplate":"https:\/\/lax.fm\/portal\/?s={search_term_string}"},"query-input":"required name=search_term_string"}],"inLanguage":"en-US"},{"@type":"ImageObject","@id":"https:\/\/lax.fm\/portal\/concursos\/suena-superior-para-talentos-de-escuela-superior\/#primaryimage","inLanguage":"en-US","url":"https:\/\/lax.fm\/portal\/wp-content\/uploads\/2018\/11\/slider-ARTE-LA-FINAL-SUENA-SUPERIOR-LA-X.jpg","contentUrl":"https:\/\/lax.fm\/portal\/wp-content\/uploads\/2018\/11\/slider-ARTE-LA-FINAL-SUENA-SUPERIOR-LA-X.jpg","width":1188,"height":503,"caption":"Suena Superior"},{"@type":"WebPage","@id":"https:\/\/lax.fm\/portal\/concursos\/suena-superior-para-talentos-de-escuela-superior\/#webpage","url":"https:\/\/lax.fm\/portal\/concursos\/suena-superior-para-talentos-de-escuela-superior\/","name":"SUENA SUPERIOR para Talentos de Escuela Superior - La-X - Gente con la m\u00fasica por dentro","isPartOf":{"@id":"https:\/\/lax.fm\/portal\/#website"},"primaryImageOfPage":{"@id":"https:\/\/lax.fm\/portal\/concursos\/suena-superior-para-talentos-de-escuela-superior\/#primaryimage"},"datePublished":"2018-11-12T13:02:33+00:00","dateModified":"2019-05-05T18:08:42+00:00","author":{"@id":"https:\/\/lax.fm\/portal\/#\/schema\/person\/dffa89146b1fa98303668501e8ae48b8"},"breadcrumb":{"@id":"https:\/\/lax.fm\/portal\/concursos\/suena-superior-para-talentos-de-escuela-superior\/#breadcrumb"},"inLanguage":"en-US","potentialAction":[{"@type":"ReadAction","target":["https:\/\/lax.fm\/portal\/concursos\/suena-superior-para-talentos-de-escuela-superior\/"]}]},{"@type":"BreadcrumbList","@id":"https:\/\/lax.fm\/portal\/concursos\/suena-superior-para-talentos-de-escuela-superior\/#breadcrumb","itemListElement":[{"@type":"ListItem","position":1,"name":"Home","item":"https:\/\/lax.fm\/portal\/"},{"@type":"ListItem","position":2,"name":"SUENA SUPERIOR para Talentos de Escuela Superior"}]},{"@type":"Person","@id":"https:\/\/lax.fm\/portal\/#\/schema\/person\/dffa89146b1fa98303668501e8ae48b8","name":"La X","image":{"@type":"ImageObject","@id":"https:\/\/lax.fm\/portal\/#personlogo","inLanguage":"en-US","url":"https:\/\/secure.gravatar.com\/avatar\/bd4bc52f18ab67b6950c7667e82f4b83?s=96&d=mm&r=g","contentUrl":"https:\/\/secure.gravatar.com\/avatar\/bd4bc52f18ab67b6950c7667e82f4b83?s=96&d=mm&r=g","caption":"La X"},"sameAs":["http:\/\/www.lax.fm","http:\/\/www.facebook.com\/laxpr","https:\/\/twitter.com\/http:\/\/www.twitter.com\/laxpr"],"url":"https:\/\/lax.fm\/portal\/author\/la-x\/"}]}},"_links":{"self":[{"href":"https:\/\/lax.fm\/portal\/wp-json\/wp\/v2\/posts\/3004"}],"collection":[{"href":"https:\/\/lax.fm\/portal\/wp-json\/wp\/v2\/posts"}],"about":[{"href":"https:\/\/lax.fm\/portal\/wp-json\/wp\/v2\/types\/post"}],"author":[{"embeddable":true,"href":"https:\/\/lax.fm\/portal\/wp-json\/wp\/v2\/users\/56"}],"replies":[{"embeddable":true,"href":"https:\/\/lax.fm\/portal\/wp-json\/wp\/v2\/comments?post=3004"}],"version-history":[{"count":23,"href":"https:\/\/lax.fm\/portal\/wp-json\/wp\/v2\/posts\/3004\/revisions"}],"predecessor-version":[{"id":3191,"href":"https:\/\/lax.fm\/portal\/wp-json\/wp\/v2\/posts\/3004\/revisions\/3191"}],"wp:featuredmedia":[{"embeddable":true,"href":"https:\/\/lax.fm\/portal\/wp-json\/wp\/v2\/media\/3186"}],"wp:attachment":[{"href":"https:\/\/lax.fm\/portal\/wp-json\/wp\/v2\/media?parent=3004"}],"wp:term":[{"taxonomy":"category","embeddable":true,"href":"https:\/\/lax.fm\/portal\/wp-json\/wp\/v2\/categories?post=3004"},{"taxonomy":"post_tag","embeddable":true,"href":"https:\/\/lax.fm\/portal\/wp-json\/wp\/v2\/tags?post=3004"}],"curies":[{"name":"wp","href":"https:\/\/api.w.org\/{rel}","templated":true}]}}