{"id":2640,"date":"2018-03-25T11:15:58","date_gmt":"2018-03-25T15:15:58","guid":{"rendered":"http:\/\/lax.fm\/portal\/?p=2640"},"modified":"2018-03-25T11:15:58","modified_gmt":"2018-03-25T15:15:58","slug":"tus-plantas-y-el-calor","status":"publish","type":"post","link":"https:\/\/lax.fm\/portal\/pasatiempos\/tus-plantas-y-el-calor\/","title":{"rendered":"Tus plantas y el calor"},"content":{"rendered":"<h3><strong>C\u00f3mo proteger tus plantas del calor\u00a0<\/strong><\/h3>\n<p><strong>Por Perla Sof\u00eda Curbelo Santiago<\/strong><\/p>\n<p>Cuando hace mucho calor, es mejor vestir ropa ligera y consumir mucha agua. Sobre todo si queremos mantenernos activos con nuestras actividades de siembra.<\/p>\n<p>En tiempo caluroso y seco, nuestras plantas necesitan a\u00fan m\u00e1s atenciones para evitar que se deshidraten, pierdan sus flores y hasta mueran.<\/p>\n<h3><strong>\u00bfQu\u00e9 podr\u00edamos hacer? <\/strong><\/h3>\n<p>Desde aumentar la frecuencia de riego al d\u00eda hasta utilizar sistemas sofisticados de irrigaci\u00f3n son algunas de las alternativas recomendadas para la supervivencia\u00a0 de nuestros huertos y jardines.<\/p>\n<p>&nbsp;<\/p>\n<div id=\"attachment_2643\" style=\"width: 600px\" class=\"wp-caption aligncenter\"><img aria-describedby=\"caption-attachment-2643\" loading=\"lazy\" class=\"size-large wp-image-2643\" src=\"http:\/\/lax.fm\/portal\/wp-content\/uploads\/2018\/03\/rush-780856_640-590x443.jpg\" alt=\"\" width=\"590\" height=\"443\" srcset=\"https:\/\/lax.fm\/portal\/wp-content\/uploads\/2018\/03\/rush-780856_640-590x443.jpg 590w, https:\/\/lax.fm\/portal\/wp-content\/uploads\/2018\/03\/rush-780856_640-300x225.jpg 300w, https:\/\/lax.fm\/portal\/wp-content\/uploads\/2018\/03\/rush-780856_640.jpg 640w\" sizes=\"(max-width: 590px) 100vw, 590px\" \/><p id=\"caption-attachment-2643\" class=\"wp-caption-text\"><strong>Considera la instalaci\u00f3n de sistemas de riego para el patio. Foto: Pixabay.com<\/strong><\/p><\/div>\n<p>Para mayor efectividad, escoge sistemas de riego de acuerdo con el tama\u00f1o de tus plantas, \u00e1rea donde est\u00e9n plantadas y tu tiempo disponible para la tarea<\/p>\n<p>Las \u00e9pocas calurosas implican invertir m\u00e1s tiempo en el proceso de riego: todos los d\u00edas y hasta dos veces al d\u00eda. Tal vez tu huerto es excelente &#8216;candidato&#8217; para instalarle un sistema de riego autom\u00e1tico. Adem\u00e1s, es una excelente soluci\u00f3n si te vas de vacaciones. Cotiza y analiza.<\/p>\n<p>En ocasiones, la regadera de agua no ser\u00e1 suficiente y tendr\u00e1s que utilizar una maguera, para mayor presi\u00f3n y as\u00ed reducir los viajes\u00a0 al grifo. Ten disponible un conector y una manguera extra en caso que la fuente de agua est\u00e9 lejos y necesites llegar a siembras fuera del alcance regular.<\/p>\n<div id=\"attachment_2644\" style=\"width: 600px\" class=\"wp-caption aligncenter\"><img aria-describedby=\"caption-attachment-2644\" loading=\"lazy\" class=\"size-large wp-image-2644\" src=\"http:\/\/lax.fm\/portal\/wp-content\/uploads\/2018\/03\/dog-1310545_640-590x437.jpg\" alt=\"\" width=\"590\" height=\"437\" srcset=\"https:\/\/lax.fm\/portal\/wp-content\/uploads\/2018\/03\/dog-1310545_640-590x437.jpg 590w, https:\/\/lax.fm\/portal\/wp-content\/uploads\/2018\/03\/dog-1310545_640-300x222.jpg 300w, https:\/\/lax.fm\/portal\/wp-content\/uploads\/2018\/03\/dog-1310545_640.jpg 640w\" sizes=\"(max-width: 590px) 100vw, 590px\" \/><p id=\"caption-attachment-2644\" class=\"wp-caption-text\"><strong>Si tienes muchas plantas, utiliza una manguera para aumentar la presi\u00f3n y ahorrar tiempo. Foto: Pixabay.com<\/strong><\/p><\/div>\n<h3><strong>Otras recomendaciones importantes son:<\/strong><\/h3>\n<ol>\n<li>Separa los tiestos de los muros en cemento. \u00c9stos absorben el calor que luego pasa a las plantas.<\/li>\n<li>Coloca las plantas sobre alguna base para evitar lo mismo cuando el suelo absorbe el calor del d\u00eda.<\/li>\n<li>Coloca una malla que reduzca el paso de los rayos solares y brinde protecci\u00f3n a las plantas.<\/li>\n<li>Desyerba los alrededores de las plantas y \u00e1rboles. Los yerbajos compiten por el terreno f\u00e9rtil y h\u00famedo.<\/li>\n<li>Coloca viruta o <em>mulch<\/em> verde (como hojas secas) para conservar por m\u00e1s tiempo la humedad.<\/li>\n<\/ol>\n<p>&nbsp;<\/p>\n<div id=\"attachment_2647\" style=\"width: 600px\" class=\"wp-caption aligncenter\"><img aria-describedby=\"caption-attachment-2647\" loading=\"lazy\" class=\"size-large wp-image-2647\" src=\"http:\/\/lax.fm\/portal\/wp-content\/uploads\/2018\/03\/Calor-1-590x393.jpg\" alt=\"\" width=\"590\" height=\"393\" srcset=\"https:\/\/lax.fm\/portal\/wp-content\/uploads\/2018\/03\/Calor-1-590x393.jpg 590w, https:\/\/lax.fm\/portal\/wp-content\/uploads\/2018\/03\/Calor-1-300x200.jpg 300w, https:\/\/lax.fm\/portal\/wp-content\/uploads\/2018\/03\/Calor-1-768x512.jpg 768w, https:\/\/lax.fm\/portal\/wp-content\/uploads\/2018\/03\/Calor-1.jpg 1280w\" sizes=\"(max-width: 590px) 100vw, 590px\" \/><p id=\"caption-attachment-2647\" class=\"wp-caption-text\"><strong>Reubica tus tiestos y sep\u00e1ralos de muros que absorban el calor del d\u00eda. foto: Pixabay.com<\/strong><\/p><\/div>\n<p>Los tiestos porosos, como piedra y barro, as\u00ed como de boca ancha, necesitar\u00e1n riego con mayor frecuencia que aquellos en materiales como pl\u00e1stico, y de bocas estrechas que conservan por m\u00e1s tiempo la humedad.<\/p>\n<p>Antes del riego, toca el terreno o introduce tus dedos para saber si es necesario echar agua. Recuerda que el exceso de humedad puede provocar hongos en las plantas. Mientras m\u00e1s grande la planta, m\u00e1s profundo y\/o extenso ser\u00e1 su sistema de ra\u00edces, por lo que debes hidratar m\u00e1s que en aquellas plantas con ra\u00edces cortas.<\/p>\n<div id=\"attachment_2648\" style=\"width: 600px\" class=\"wp-caption aligncenter\"><img aria-describedby=\"caption-attachment-2648\" loading=\"lazy\" class=\"size-large wp-image-2648\" src=\"http:\/\/lax.fm\/portal\/wp-content\/uploads\/2018\/03\/Calor-2-590x420.jpg\" alt=\"\" width=\"590\" height=\"420\" srcset=\"https:\/\/lax.fm\/portal\/wp-content\/uploads\/2018\/03\/Calor-2-590x420.jpg 590w, https:\/\/lax.fm\/portal\/wp-content\/uploads\/2018\/03\/Calor-2-300x214.jpg 300w, https:\/\/lax.fm\/portal\/wp-content\/uploads\/2018\/03\/Calor-2-768x547.jpg 768w, https:\/\/lax.fm\/portal\/wp-content\/uploads\/2018\/03\/Calor-2.jpg 1280w\" sizes=\"(max-width: 590px) 100vw, 590px\" \/><p id=\"caption-attachment-2648\" class=\"wp-caption-text\"><strong>Utiliza tiestos <em>inteligentes<\/em> o que conserven mejor la humedad. Asimismo, tr\u00e9palos en bases o convierte otros recipientes en bases para evitar el suelo caluroso. Foto: Pixabay.com<\/strong><\/p><\/div>\n<p>Otra alternativa es utilizar tiestos con reservas de agua. Recuerda conservar el agua de lluvia para utilizar para el riego.<\/p>\n<p>Recordemos que si estamos pasando calor nuestras plantas tambi\u00e9n.<\/p>\n<p>&nbsp;<\/p>\n<p>&nbsp;<\/p>\n","protected":false},"excerpt":{"rendered":"<p>C\u00f3mo proteger tus plantas del calor\u00a0<br \/>\nPor Perla Sof\u00eda Curbelo Santiago<br \/>\nCuando hace mucho calor, es mejor vestir ropa ligera y consumir mucha agua. Sobre todo si queremos mantenernos activos con nuestras actividades de siembra.<br \/>\nEn tiempo caluroso y seco, nuestras plantas necesitan a\u00fan m\u00e1s atenciones para evitar que se deshidraten, pierdan sus flores y hasta mueran.<br \/>\n\u00bfQu\u00e9 podr\u00edamos [&#8230;]<\/p>\n","protected":false},"author":57,"featured_media":2642,"comment_status":"open","ping_status":"open","sticky":false,"template":"","format":"standard","meta":{"_monsterinsights_skip_tracking":false,"_monsterinsights_sitenote_active":false,"_monsterinsights_sitenote_note":"","_monsterinsights_sitenote_category":0},"categories":[236,235],"tags":[],"yoast_head":"<!-- This site is optimized with the Yoast SEO plugin v18.2 - https:\/\/yoast.com\/wordpress\/plugins\/seo\/ -->\n<meta name=\"robots\" content=\"index, follow, max-snippet:-1, max-image-preview:large, max-video-preview:-1\" \/>\n<link rel=\"canonical\" href=\"https:\/\/lax.fm\/portal\/pasatiempos\/tus-plantas-y-el-calor\/\" \/>\n<meta property=\"og:locale\" content=\"en_US\" \/>\n<meta property=\"og:type\" content=\"article\" \/>\n<meta property=\"og:title\" content=\"Tus plantas y el calor - La-X - Gente con la m\u00fasica por dentro\" \/>\n<meta property=\"og:description\" content=\"C\u00f3mo proteger tus plantas del calor\u00a0 Por Perla Sof\u00eda Curbelo Santiago Cuando hace mucho calor, es mejor vestir ropa ligera y consumir mucha agua. Sobre todo si queremos mantenernos activos con nuestras actividades de siembra. En tiempo caluroso y seco, nuestras plantas necesitan a\u00fan m\u00e1s atenciones para evitar que se deshidraten, pierdan sus flores y hasta mueran. \u00bfQu\u00e9 podr\u00edamos [...]\" \/>\n<meta property=\"og:url\" content=\"https:\/\/lax.fm\/portal\/pasatiempos\/tus-plantas-y-el-calor\/\" \/>\n<meta property=\"og:site_name\" content=\"La-X - Gente con la m\u00fasica por dentro\" \/>\n<meta property=\"article:publisher\" content=\"http:\/\/www.facebook.com\/laxpr\" \/>\n<meta property=\"article:author\" content=\"https:\/\/www.facebook.com\/Agrochic\/\" \/>\n<meta property=\"article:published_time\" content=\"2018-03-25T15:15:58+00:00\" \/>\n<meta property=\"og:image\" content=\"https:\/\/lax.fm\/portal\/wp-content\/uploads\/2018\/03\/calor-1.jpg\" \/>\n\t<meta property=\"og:image:width\" content=\"1280\" \/>\n\t<meta property=\"og:image:height\" content=\"960\" \/>\n\t<meta property=\"og:image:type\" content=\"image\/jpeg\" \/>\n<meta name=\"twitter:card\" content=\"summary\" \/>\n<meta name=\"twitter:creator\" content=\"@https:\/\/twitter.com\/agrochic\" \/>\n<meta name=\"twitter:site\" content=\"@laxpr\" \/>\n<meta name=\"twitter:label1\" content=\"Written by\" \/>\n\t<meta name=\"twitter:data1\" content=\"Perla Sof\u00eda Curbelo\" \/>\n\t<meta name=\"twitter:label2\" content=\"Est. reading time\" \/>\n\t<meta name=\"twitter:data2\" content=\"3 minutes\" \/>\n<script type=\"application\/ld+json\" class=\"yoast-schema-graph\">{\"@context\":\"https:\/\/schema.org\",\"@graph\":[{\"@type\":\"WebSite\",\"@id\":\"https:\/\/lax.fm\/portal\/#website\",\"url\":\"https:\/\/lax.fm\/portal\/\",\"name\":\"La-X - Gente con la m\u00fasica por dentro\",\"description\":\"Radio Visual\",\"potentialAction\":[{\"@type\":\"SearchAction\",\"target\":{\"@type\":\"EntryPoint\",\"urlTemplate\":\"https:\/\/lax.fm\/portal\/?s={search_term_string}\"},\"query-input\":\"required name=search_term_string\"}],\"inLanguage\":\"en-US\"},{\"@type\":\"ImageObject\",\"@id\":\"https:\/\/lax.fm\/portal\/pasatiempos\/tus-plantas-y-el-calor\/#primaryimage\",\"inLanguage\":\"en-US\",\"url\":\"https:\/\/lax.fm\/portal\/wp-content\/uploads\/2018\/03\/calor-1.jpg\",\"contentUrl\":\"https:\/\/lax.fm\/portal\/wp-content\/uploads\/2018\/03\/calor-1.jpg\",\"width\":1280,\"height\":960,\"caption\":\"Foto: Pixabay.com\"},{\"@type\":\"WebPage\",\"@id\":\"https:\/\/lax.fm\/portal\/pasatiempos\/tus-plantas-y-el-calor\/#webpage\",\"url\":\"https:\/\/lax.fm\/portal\/pasatiempos\/tus-plantas-y-el-calor\/\",\"name\":\"Tus plantas y el calor - La-X - Gente con la m\u00fasica por dentro\",\"isPartOf\":{\"@id\":\"https:\/\/lax.fm\/portal\/#website\"},\"primaryImageOfPage\":{\"@id\":\"https:\/\/lax.fm\/portal\/pasatiempos\/tus-plantas-y-el-calor\/#primaryimage\"},\"datePublished\":\"2018-03-25T15:15:58+00:00\",\"dateModified\":\"2018-03-25T15:15:58+00:00\",\"author\":{\"@id\":\"https:\/\/lax.fm\/portal\/#\/schema\/person\/022a6605c31ebf9911ebb5f35e267a54\"},\"breadcrumb\":{\"@id\":\"https:\/\/lax.fm\/portal\/pasatiempos\/tus-plantas-y-el-calor\/#breadcrumb\"},\"inLanguage\":\"en-US\",\"potentialAction\":[{\"@type\":\"ReadAction\",\"target\":[\"https:\/\/lax.fm\/portal\/pasatiempos\/tus-plantas-y-el-calor\/\"]}]},{\"@type\":\"BreadcrumbList\",\"@id\":\"https:\/\/lax.fm\/portal\/pasatiempos\/tus-plantas-y-el-calor\/#breadcrumb\",\"itemListElement\":[{\"@type\":\"ListItem\",\"position\":1,\"name\":\"Home\",\"item\":\"https:\/\/lax.fm\/portal\/\"},{\"@type\":\"ListItem\",\"position\":2,\"name\":\"Tus plantas y el calor\"}]},{\"@type\":\"Person\",\"@id\":\"https:\/\/lax.fm\/portal\/#\/schema\/person\/022a6605c31ebf9911ebb5f35e267a54\",\"name\":\"Perla Sof\u00eda Curbelo\",\"image\":{\"@type\":\"ImageObject\",\"@id\":\"https:\/\/lax.fm\/portal\/#personlogo\",\"inLanguage\":\"en-US\",\"url\":\"https:\/\/secure.gravatar.com\/avatar\/ec8ec0a9b4ab5982724c5d241a5fcb9e?s=96&d=mm&r=g\",\"contentUrl\":\"https:\/\/secure.gravatar.com\/avatar\/ec8ec0a9b4ab5982724c5d241a5fcb9e?s=96&d=mm&r=g\",\"caption\":\"Perla Sof\u00eda Curbelo\"},\"description\":\"Nacida y criada en Puerto Rico, Perla Sof\u00eda Curbelo es la fundadora de Agrochic.com, un blog en espa\u00f1ol especializado en temas de agricultura urbana, jardiner\u00eda y bienestar. Perla Sof\u00eda es educadora, mentora y empresaria medi\u00e1tica.\",\"sameAs\":[\"http:\/\/soyagrochic.com\/\",\"https:\/\/www.facebook.com\/Agrochic\/\",\"https:\/\/twitter.com\/https:\/\/twitter.com\/agrochic\"],\"url\":\"https:\/\/lax.fm\/portal\/author\/agrochic\/\"}]}<\/script>\n<!-- \/ Yoast SEO plugin. -->","yoast_head_json":{"robots":{"index":"index","follow":"follow","max-snippet":"max-snippet:-1","max-image-preview":"max-image-preview:large","max-video-preview":"max-video-preview:-1"},"canonical":"https:\/\/lax.fm\/portal\/pasatiempos\/tus-plantas-y-el-calor\/","og_locale":"en_US","og_type":"article","og_title":"Tus plantas y el calor - La-X - Gente con la m\u00fasica por dentro","og_description":"C\u00f3mo proteger tus plantas del calor\u00a0 Por Perla Sof\u00eda Curbelo Santiago Cuando hace mucho calor, es mejor vestir ropa ligera y consumir mucha agua. Sobre todo si queremos mantenernos activos con nuestras actividades de siembra. En tiempo caluroso y seco, nuestras plantas necesitan a\u00fan m\u00e1s atenciones para evitar que se deshidraten, pierdan sus flores y hasta mueran. \u00bfQu\u00e9 podr\u00edamos [...]","og_url":"https:\/\/lax.fm\/portal\/pasatiempos\/tus-plantas-y-el-calor\/","og_site_name":"La-X - Gente con la m\u00fasica por dentro","article_publisher":"http:\/\/www.facebook.com\/laxpr","article_author":"https:\/\/www.facebook.com\/Agrochic\/","article_published_time":"2018-03-25T15:15:58+00:00","og_image":[{"width":1280,"height":960,"url":"https:\/\/lax.fm\/portal\/wp-content\/uploads\/2018\/03\/calor-1.jpg","type":"image\/jpeg"}],"twitter_card":"summary","twitter_creator":"@https:\/\/twitter.com\/agrochic","twitter_site":"@laxpr","twitter_misc":{"Written by":"Perla Sof\u00eda Curbelo","Est. reading time":"3 minutes"},"schema":{"@context":"https:\/\/schema.org","@graph":[{"@type":"WebSite","@id":"https:\/\/lax.fm\/portal\/#website","url":"https:\/\/lax.fm\/portal\/","name":"La-X - Gente con la m\u00fasica por dentro","description":"Radio Visual","potentialAction":[{"@type":"SearchAction","target":{"@type":"EntryPoint","urlTemplate":"https:\/\/lax.fm\/portal\/?s={search_term_string}"},"query-input":"required name=search_term_string"}],"inLanguage":"en-US"},{"@type":"ImageObject","@id":"https:\/\/lax.fm\/portal\/pasatiempos\/tus-plantas-y-el-calor\/#primaryimage","inLanguage":"en-US","url":"https:\/\/lax.fm\/portal\/wp-content\/uploads\/2018\/03\/calor-1.jpg","contentUrl":"https:\/\/lax.fm\/portal\/wp-content\/uploads\/2018\/03\/calor-1.jpg","width":1280,"height":960,"caption":"Foto: Pixabay.com"},{"@type":"WebPage","@id":"https:\/\/lax.fm\/portal\/pasatiempos\/tus-plantas-y-el-calor\/#webpage","url":"https:\/\/lax.fm\/portal\/pasatiempos\/tus-plantas-y-el-calor\/","name":"Tus plantas y el calor - La-X - Gente con la m\u00fasica por dentro","isPartOf":{"@id":"https:\/\/lax.fm\/portal\/#website"},"primaryImageOfPage":{"@id":"https:\/\/lax.fm\/portal\/pasatiempos\/tus-plantas-y-el-calor\/#primaryimage"},"datePublished":"2018-03-25T15:15:58+00:00","dateModified":"2018-03-25T15:15:58+00:00","author":{"@id":"https:\/\/lax.fm\/portal\/#\/schema\/person\/022a6605c31ebf9911ebb5f35e267a54"},"breadcrumb":{"@id":"https:\/\/lax.fm\/portal\/pasatiempos\/tus-plantas-y-el-calor\/#breadcrumb"},"inLanguage":"en-US","potentialAction":[{"@type":"ReadAction","target":["https:\/\/lax.fm\/portal\/pasatiempos\/tus-plantas-y-el-calor\/"]}]},{"@type":"BreadcrumbList","@id":"https:\/\/lax.fm\/portal\/pasatiempos\/tus-plantas-y-el-calor\/#breadcrumb","itemListElement":[{"@type":"ListItem","position":1,"name":"Home","item":"https:\/\/lax.fm\/portal\/"},{"@type":"ListItem","position":2,"name":"Tus plantas y el calor"}]},{"@type":"Person","@id":"https:\/\/lax.fm\/portal\/#\/schema\/person\/022a6605c31ebf9911ebb5f35e267a54","name":"Perla Sof\u00eda Curbelo","image":{"@type":"ImageObject","@id":"https:\/\/lax.fm\/portal\/#personlogo","inLanguage":"en-US","url":"https:\/\/secure.gravatar.com\/avatar\/ec8ec0a9b4ab5982724c5d241a5fcb9e?s=96&d=mm&r=g","contentUrl":"https:\/\/secure.gravatar.com\/avatar\/ec8ec0a9b4ab5982724c5d241a5fcb9e?s=96&d=mm&r=g","caption":"Perla Sof\u00eda Curbelo"},"description":"Nacida y criada en Puerto Rico, Perla Sof\u00eda Curbelo es la fundadora de Agrochic.com, un blog en espa\u00f1ol especializado en temas de agricultura urbana, jardiner\u00eda y bienestar. Perla Sof\u00eda es educadora, mentora y empresaria medi\u00e1tica.","sameAs":["http:\/\/soyagrochic.com\/","https:\/\/www.facebook.com\/Agrochic\/","https:\/\/twitter.com\/https:\/\/twitter.com\/agrochic"],"url":"https:\/\/lax.fm\/portal\/author\/agrochic\/"}]}},"_links":{"self":[{"href":"https:\/\/lax.fm\/portal\/wp-json\/wp\/v2\/posts\/2640"}],"collection":[{"href":"https:\/\/lax.fm\/portal\/wp-json\/wp\/v2\/posts"}],"about":[{"href":"https:\/\/lax.fm\/portal\/wp-json\/wp\/v2\/types\/post"}],"author":[{"embeddable":true,"href":"https:\/\/lax.fm\/portal\/wp-json\/wp\/v2\/users\/57"}],"replies":[{"embeddable":true,"href":"https:\/\/lax.fm\/portal\/wp-json\/wp\/v2\/comments?post=2640"}],"version-history":[{"count":4,"href":"https:\/\/lax.fm\/portal\/wp-json\/wp\/v2\/posts\/2640\/revisions"}],"predecessor-version":[{"id":2651,"href":"https:\/\/lax.fm\/portal\/wp-json\/wp\/v2\/posts\/2640\/revisions\/2651"}],"wp:featuredmedia":[{"embeddable":true,"href":"https:\/\/lax.fm\/portal\/wp-json\/wp\/v2\/media\/2642"}],"wp:attachment":[{"href":"https:\/\/lax.fm\/portal\/wp-json\/wp\/v2\/media?parent=2640"}],"wp:term":[{"taxonomy":"category","embeddable":true,"href":"https:\/\/lax.fm\/portal\/wp-json\/wp\/v2\/categories?post=2640"},{"taxonomy":"post_tag","embeddable":true,"href":"https:\/\/lax.fm\/portal\/wp-json\/wp\/v2\/tags?post=2640"}],"curies":[{"name":"wp","href":"https:\/\/api.w.org\/{rel}","templated":true}]}}