{"id":1579,"date":"2015-10-18T20:55:35","date_gmt":"2015-10-19T00:55:35","guid":{"rendered":"http:\/\/lax.fm\/portal\/?p=1579"},"modified":"2015-10-19T20:59:16","modified_gmt":"2015-10-20T00:59:16","slug":"the-last-door","status":"publish","type":"post","link":"https:\/\/lax.fm\/portal\/puerto-rico-horror-film-fest\/the-last-door\/","title":{"rendered":"The Last Door"},"content":{"rendered":"<h3><strong>The Last Door<\/strong><\/h3>\n<p>Director: <strong>Misty Hayes<\/strong><br \/>\nPa\u00eds: <strong>USA<\/strong><br \/>\nDuraci\u00f3n: <strong>14 min<\/strong>.<\/p>\n<p>James aparenta ser un vendedor de aspiradoras normal, esconde sus obscuras intenciones detr\u00e1s de su apariencia pristina y sonrisa encantadora.<\/p>\n<p><strong>IMPORTANTE Esta es una pel\u00edcula para p\u00fablico adulto.<\/strong><\/p>\n<div class=\"video-shortcode\"><iframe loading=\"lazy\" title=\"YouTube video player\" width=\"620\" height=\"360\" src=\"http:\/\/www.youtube.com\/embed\/kG28tSynwu8?wmode=transparent\" frameborder=\"0\" allowfullscreen><\/iframe><\/div>\n<p>Recuerda que\u00a0<strong>La X estar\u00e1 estrenando un corto metraje de terror todas las noches<\/strong>. As\u00ed que ponte en el mood y regresa ma\u00f1ana por m\u00e1s.<\/p>\n<p>&nbsp;<\/p>\n<p>&nbsp;<\/p>\n","protected":false},"excerpt":{"rendered":"<p>The Last Door<br \/>\nDirector: Misty Hayes<br \/>\nPa\u00eds: USA<br \/>\nDuraci\u00f3n: 14 min.<br \/>\nJames aparenta ser un vendedor de aspiradoras normal, esconde sus obscuras intenciones detr\u00e1s de su apariencia pristina y sonrisa encantadora.<br \/>\nIMPORTANTE Esta es una pel\u00edcula para p\u00fablico adulto.<\/p>\n<p>Recuerda que\u00a0La X estar\u00e1 estrenando un corto metraje de terror todas las noches. As\u00ed que ponte en el mood y regresa ma\u00f1ana [&#8230;]<\/p>\n","protected":false},"author":56,"featured_media":1580,"comment_status":"open","ping_status":"open","sticky":false,"template":"","format":"standard","meta":{"_monsterinsights_skip_tracking":false,"_monsterinsights_sitenote_active":false,"_monsterinsights_sitenote_note":"","_monsterinsights_sitenote_category":0},"categories":[94],"tags":[83,97,103,108,36,116,66,95,115,114],"yoast_head":"<!-- This site is optimized with the Yoast SEO plugin v18.2 - https:\/\/yoast.com\/wordpress\/plugins\/seo\/ -->\n<meta name=\"robots\" content=\"index, follow, max-snippet:-1, max-image-preview:large, max-video-preview:-1\" \/>\n<link rel=\"canonical\" href=\"https:\/\/lax.fm\/portal\/puerto-rico-horror-film-fest\/the-last-door\/\" \/>\n<meta property=\"og:locale\" content=\"en_US\" \/>\n<meta property=\"og:type\" content=\"article\" \/>\n<meta property=\"og:title\" content=\"The Last Door - La-X - Gente con la m\u00fasica por dentro\" \/>\n<meta property=\"og:description\" content=\"The Last Door Director: Misty Hayes Pa\u00eds: USA Duraci\u00f3n: 14 min. James aparenta ser un vendedor de aspiradoras normal, esconde sus obscuras intenciones detr\u00e1s de su apariencia pristina y sonrisa encantadora. IMPORTANTE Esta es una pel\u00edcula para p\u00fablico adulto. Recuerda que\u00a0La X estar\u00e1 estrenando un corto metraje de terror todas las noches. As\u00ed que ponte en el mood y regresa ma\u00f1ana [...]\" \/>\n<meta property=\"og:url\" content=\"https:\/\/lax.fm\/portal\/puerto-rico-horror-film-fest\/the-last-door\/\" \/>\n<meta property=\"og:site_name\" content=\"La-X - Gente con la m\u00fasica por dentro\" \/>\n<meta property=\"article:publisher\" content=\"http:\/\/www.facebook.com\/laxpr\" \/>\n<meta property=\"article:author\" content=\"http:\/\/www.facebook.com\/laxpr\" \/>\n<meta property=\"article:published_time\" content=\"2015-10-19T00:55:35+00:00\" \/>\n<meta property=\"article:modified_time\" content=\"2015-10-20T00:59:16+00:00\" \/>\n<meta property=\"og:image\" content=\"https:\/\/lax.fm\/portal\/wp-content\/uploads\/2015\/10\/Horror-FIlm-banner-The-Last-Door.jpg\" \/>\n\t<meta property=\"og:image:width\" content=\"1000\" \/>\n\t<meta property=\"og:image:height\" content=\"500\" \/>\n\t<meta property=\"og:image:type\" content=\"image\/jpeg\" \/>\n<meta name=\"twitter:card\" content=\"summary\" \/>\n<meta name=\"twitter:creator\" content=\"@http:\/\/www.twitter.com\/laxpr\" \/>\n<meta name=\"twitter:site\" content=\"@laxpr\" \/>\n<meta name=\"twitter:label1\" content=\"Written by\" \/>\n\t<meta name=\"twitter:data1\" content=\"La X\" \/>\n<script type=\"application\/ld+json\" class=\"yoast-schema-graph\">{\"@context\":\"https:\/\/schema.org\",\"@graph\":[{\"@type\":\"WebSite\",\"@id\":\"https:\/\/lax.fm\/portal\/#website\",\"url\":\"https:\/\/lax.fm\/portal\/\",\"name\":\"La-X - Gente con la m\u00fasica por dentro\",\"description\":\"Radio Visual\",\"potentialAction\":[{\"@type\":\"SearchAction\",\"target\":{\"@type\":\"EntryPoint\",\"urlTemplate\":\"https:\/\/lax.fm\/portal\/?s={search_term_string}\"},\"query-input\":\"required name=search_term_string\"}],\"inLanguage\":\"en-US\"},{\"@type\":\"ImageObject\",\"@id\":\"https:\/\/lax.fm\/portal\/puerto-rico-horror-film-fest\/the-last-door\/#primaryimage\",\"inLanguage\":\"en-US\",\"url\":\"https:\/\/lax.fm\/portal\/wp-content\/uploads\/2015\/10\/Horror-FIlm-banner-The-Last-Door.jpg\",\"contentUrl\":\"https:\/\/lax.fm\/portal\/wp-content\/uploads\/2015\/10\/Horror-FIlm-banner-The-Last-Door.jpg\",\"width\":1000,\"height\":500,\"caption\":\"The Last Door \/ Puerto Rico Horror Film Fest\"},{\"@type\":\"WebPage\",\"@id\":\"https:\/\/lax.fm\/portal\/puerto-rico-horror-film-fest\/the-last-door\/#webpage\",\"url\":\"https:\/\/lax.fm\/portal\/puerto-rico-horror-film-fest\/the-last-door\/\",\"name\":\"The Last Door - La-X - Gente con la m\u00fasica por dentro\",\"isPartOf\":{\"@id\":\"https:\/\/lax.fm\/portal\/#website\"},\"primaryImageOfPage\":{\"@id\":\"https:\/\/lax.fm\/portal\/puerto-rico-horror-film-fest\/the-last-door\/#primaryimage\"},\"datePublished\":\"2015-10-19T00:55:35+00:00\",\"dateModified\":\"2015-10-20T00:59:16+00:00\",\"author\":{\"@id\":\"https:\/\/lax.fm\/portal\/#\/schema\/person\/dffa89146b1fa98303668501e8ae48b8\"},\"breadcrumb\":{\"@id\":\"https:\/\/lax.fm\/portal\/puerto-rico-horror-film-fest\/the-last-door\/#breadcrumb\"},\"inLanguage\":\"en-US\",\"potentialAction\":[{\"@type\":\"ReadAction\",\"target\":[\"https:\/\/lax.fm\/portal\/puerto-rico-horror-film-fest\/the-last-door\/\"]}]},{\"@type\":\"BreadcrumbList\",\"@id\":\"https:\/\/lax.fm\/portal\/puerto-rico-horror-film-fest\/the-last-door\/#breadcrumb\",\"itemListElement\":[{\"@type\":\"ListItem\",\"position\":1,\"name\":\"Home\",\"item\":\"https:\/\/lax.fm\/portal\/\"},{\"@type\":\"ListItem\",\"position\":2,\"name\":\"The Last Door\"}]},{\"@type\":\"Person\",\"@id\":\"https:\/\/lax.fm\/portal\/#\/schema\/person\/dffa89146b1fa98303668501e8ae48b8\",\"name\":\"La X\",\"image\":{\"@type\":\"ImageObject\",\"@id\":\"https:\/\/lax.fm\/portal\/#personlogo\",\"inLanguage\":\"en-US\",\"url\":\"https:\/\/secure.gravatar.com\/avatar\/bd4bc52f18ab67b6950c7667e82f4b83?s=96&d=mm&r=g\",\"contentUrl\":\"https:\/\/secure.gravatar.com\/avatar\/bd4bc52f18ab67b6950c7667e82f4b83?s=96&d=mm&r=g\",\"caption\":\"La X\"},\"sameAs\":[\"http:\/\/www.lax.fm\",\"http:\/\/www.facebook.com\/laxpr\",\"https:\/\/twitter.com\/http:\/\/www.twitter.com\/laxpr\"],\"url\":\"https:\/\/lax.fm\/portal\/author\/la-x\/\"}]}<\/script>\n<!-- \/ Yoast SEO plugin. -->","yoast_head_json":{"robots":{"index":"index","follow":"follow","max-snippet":"max-snippet:-1","max-image-preview":"max-image-preview:large","max-video-preview":"max-video-preview:-1"},"canonical":"https:\/\/lax.fm\/portal\/puerto-rico-horror-film-fest\/the-last-door\/","og_locale":"en_US","og_type":"article","og_title":"The Last Door - La-X - Gente con la m\u00fasica por dentro","og_description":"The Last Door Director: Misty Hayes Pa\u00eds: USA Duraci\u00f3n: 14 min. James aparenta ser un vendedor de aspiradoras normal, esconde sus obscuras intenciones detr\u00e1s de su apariencia pristina y sonrisa encantadora. IMPORTANTE Esta es una pel\u00edcula para p\u00fablico adulto. Recuerda que\u00a0La X estar\u00e1 estrenando un corto metraje de terror todas las noches. As\u00ed que ponte en el mood y regresa ma\u00f1ana [...]","og_url":"https:\/\/lax.fm\/portal\/puerto-rico-horror-film-fest\/the-last-door\/","og_site_name":"La-X - Gente con la m\u00fasica por dentro","article_publisher":"http:\/\/www.facebook.com\/laxpr","article_author":"http:\/\/www.facebook.com\/laxpr","article_published_time":"2015-10-19T00:55:35+00:00","article_modified_time":"2015-10-20T00:59:16+00:00","og_image":[{"width":1000,"height":500,"url":"https:\/\/lax.fm\/portal\/wp-content\/uploads\/2015\/10\/Horror-FIlm-banner-The-Last-Door.jpg","type":"image\/jpeg"}],"twitter_card":"summary","twitter_creator":"@http:\/\/www.twitter.com\/laxpr","twitter_site":"@laxpr","twitter_misc":{"Written by":"La X"},"schema":{"@context":"https:\/\/schema.org","@graph":[{"@type":"WebSite","@id":"https:\/\/lax.fm\/portal\/#website","url":"https:\/\/lax.fm\/portal\/","name":"La-X - Gente con la m\u00fasica por dentro","description":"Radio Visual","potentialAction":[{"@type":"SearchAction","target":{"@type":"EntryPoint","urlTemplate":"https:\/\/lax.fm\/portal\/?s={search_term_string}"},"query-input":"required name=search_term_string"}],"inLanguage":"en-US"},{"@type":"ImageObject","@id":"https:\/\/lax.fm\/portal\/puerto-rico-horror-film-fest\/the-last-door\/#primaryimage","inLanguage":"en-US","url":"https:\/\/lax.fm\/portal\/wp-content\/uploads\/2015\/10\/Horror-FIlm-banner-The-Last-Door.jpg","contentUrl":"https:\/\/lax.fm\/portal\/wp-content\/uploads\/2015\/10\/Horror-FIlm-banner-The-Last-Door.jpg","width":1000,"height":500,"caption":"The Last Door \/ Puerto Rico Horror Film Fest"},{"@type":"WebPage","@id":"https:\/\/lax.fm\/portal\/puerto-rico-horror-film-fest\/the-last-door\/#webpage","url":"https:\/\/lax.fm\/portal\/puerto-rico-horror-film-fest\/the-last-door\/","name":"The Last Door - La-X - Gente con la m\u00fasica por dentro","isPartOf":{"@id":"https:\/\/lax.fm\/portal\/#website"},"primaryImageOfPage":{"@id":"https:\/\/lax.fm\/portal\/puerto-rico-horror-film-fest\/the-last-door\/#primaryimage"},"datePublished":"2015-10-19T00:55:35+00:00","dateModified":"2015-10-20T00:59:16+00:00","author":{"@id":"https:\/\/lax.fm\/portal\/#\/schema\/person\/dffa89146b1fa98303668501e8ae48b8"},"breadcrumb":{"@id":"https:\/\/lax.fm\/portal\/puerto-rico-horror-film-fest\/the-last-door\/#breadcrumb"},"inLanguage":"en-US","potentialAction":[{"@type":"ReadAction","target":["https:\/\/lax.fm\/portal\/puerto-rico-horror-film-fest\/the-last-door\/"]}]},{"@type":"BreadcrumbList","@id":"https:\/\/lax.fm\/portal\/puerto-rico-horror-film-fest\/the-last-door\/#breadcrumb","itemListElement":[{"@type":"ListItem","position":1,"name":"Home","item":"https:\/\/lax.fm\/portal\/"},{"@type":"ListItem","position":2,"name":"The Last Door"}]},{"@type":"Person","@id":"https:\/\/lax.fm\/portal\/#\/schema\/person\/dffa89146b1fa98303668501e8ae48b8","name":"La X","image":{"@type":"ImageObject","@id":"https:\/\/lax.fm\/portal\/#personlogo","inLanguage":"en-US","url":"https:\/\/secure.gravatar.com\/avatar\/bd4bc52f18ab67b6950c7667e82f4b83?s=96&d=mm&r=g","contentUrl":"https:\/\/secure.gravatar.com\/avatar\/bd4bc52f18ab67b6950c7667e82f4b83?s=96&d=mm&r=g","caption":"La X"},"sameAs":["http:\/\/www.lax.fm","http:\/\/www.facebook.com\/laxpr","https:\/\/twitter.com\/http:\/\/www.twitter.com\/laxpr"],"url":"https:\/\/lax.fm\/portal\/author\/la-x\/"}]}},"_links":{"self":[{"href":"https:\/\/lax.fm\/portal\/wp-json\/wp\/v2\/posts\/1579"}],"collection":[{"href":"https:\/\/lax.fm\/portal\/wp-json\/wp\/v2\/posts"}],"about":[{"href":"https:\/\/lax.fm\/portal\/wp-json\/wp\/v2\/types\/post"}],"author":[{"embeddable":true,"href":"https:\/\/lax.fm\/portal\/wp-json\/wp\/v2\/users\/56"}],"replies":[{"embeddable":true,"href":"https:\/\/lax.fm\/portal\/wp-json\/wp\/v2\/comments?post=1579"}],"version-history":[{"count":2,"href":"https:\/\/lax.fm\/portal\/wp-json\/wp\/v2\/posts\/1579\/revisions"}],"predecessor-version":[{"id":1582,"href":"https:\/\/lax.fm\/portal\/wp-json\/wp\/v2\/posts\/1579\/revisions\/1582"}],"wp:featuredmedia":[{"embeddable":true,"href":"https:\/\/lax.fm\/portal\/wp-json\/wp\/v2\/media\/1580"}],"wp:attachment":[{"href":"https:\/\/lax.fm\/portal\/wp-json\/wp\/v2\/media?parent=1579"}],"wp:term":[{"taxonomy":"category","embeddable":true,"href":"https:\/\/lax.fm\/portal\/wp-json\/wp\/v2\/categories?post=1579"},{"taxonomy":"post_tag","embeddable":true,"href":"https:\/\/lax.fm\/portal\/wp-json\/wp\/v2\/tags?post=1579"}],"curies":[{"name":"wp","href":"https:\/\/api.w.org\/{rel}","templated":true}]}}